{"id":1205,"date":"2015-11-02T22:24:54","date_gmt":"2015-11-02T21:24:54","guid":{"rendered":"http:\/\/www.gojuryu93.com\/?p=1205"},"modified":"2015-11-06T19:29:41","modified_gmt":"2015-11-06T18:29:41","slug":"invitaton-a-un-stage-de-taekwondo-combat","status":"publish","type":"post","link":"https:\/\/www.gojuryu93.com\/?p=1205","title":{"rendered":"Invitation stage de Taekwondo Combat"},"content":{"rendered":"<p style=\"text-align: center;\"><a href=\"https:\/\/i0.wp.com\/www.gojuryu93.com\/wp-content\/uploads\/2015\/11\/logo-tekwando.png\"><img data-recalc-dims=\"1\" loading=\"lazy\" decoding=\"async\" data-attachment-id=\"1206\" data-permalink=\"https:\/\/www.gojuryu93.com\/?attachment_id=1206\" data-orig-file=\"https:\/\/i0.wp.com\/www.gojuryu93.com\/wp-content\/uploads\/2015\/11\/logo-tekwando-e1540295341747.png?fit=200%2C200&amp;ssl=1\" data-orig-size=\"200,200\" data-comments-opened=\"0\" data-image-meta=\"{&quot;aperture&quot;:&quot;0&quot;,&quot;credit&quot;:&quot;&quot;,&quot;camera&quot;:&quot;&quot;,&quot;caption&quot;:&quot;&quot;,&quot;created_timestamp&quot;:&quot;0&quot;,&quot;copyright&quot;:&quot;&quot;,&quot;focal_length&quot;:&quot;0&quot;,&quot;iso&quot;:&quot;0&quot;,&quot;shutter_speed&quot;:&quot;0&quot;,&quot;title&quot;:&quot;&quot;,&quot;orientation&quot;:&quot;0&quot;}\" data-image-title=\"logo tekwando\" data-image-description=\"\" data-image-caption=\"\" data-large-file=\"https:\/\/i0.wp.com\/www.gojuryu93.com\/wp-content\/uploads\/2015\/11\/logo-tekwando-e1540295341747.png?fit=200%2C200&amp;ssl=1\" class=\"size-full wp-image-1206 aligncenter\" src=\"https:\/\/i0.wp.com\/www.gojuryu93.com\/wp-content\/uploads\/2015\/11\/logo-tekwando.png?resize=250%2C250\" alt=\"logo tekwando\" width=\"250\" height=\"250\" \/><\/a>\u00a0\u00a0\u00a0 Le\u00a0 club de Taekwondo de la Go\u00eble organise :<\/p>\n<p style=\"text-align: center;\"><span style=\"font-size: 36px;\"><strong>Stage de Taekwondo Combats <\/strong><\/span><\/p>\n<p style=\"text-align: center;\"><span style=\"font-size: 28px;\"><strong>sous la direction de Ma\u00eetre Cho\u00ef<\/strong><\/span><\/p>\n<p style=\"text-align: center;\">8<sup>\u00e8me<\/sup> Dan de Taekwondo<\/p>\n<p style=\"text-align: center;\">5 fois Champion National de Cor\u00e9e<\/p>\n<p style=\"text-align: center;\"><span style=\"font-size: 32px;\"><strong>Samedi 10 novembre 2015<\/strong><\/span><\/p>\n<p style=\"text-align: center;\"><span style=\"font-size: 32px;\"><strong>\u00e0 20 Heures<\/strong><\/span><\/p>\n<p style=\"text-align: center;\"><span style=\"font-size: 24px;\">au gymnase de JUILLY<\/span><\/p>\n<p style=\"text-align: center;\"><span style=\"font-size: 24px;\">Rue des Messanges &#8211; Juilly 77 230<\/span><\/p>\n<p style=\"text-align: center;\"><span style=\"text-decoration: underline; font-size: 36px;\"><strong>STAGE GRATUIT<\/strong><\/span><\/p>\n<p style=\"text-align: center;\"><span style=\"font-size: 24px;\">Venez nombreux<\/span><\/p>\n","protected":false},"excerpt":{"rendered":"<p>\u00a0\u00a0\u00a0 Le\u00a0 club de Taekwondo de la Go\u00eble organise : Stage de Taekwondo Combats sous la direction de Ma\u00eetre Cho\u00ef 8\u00e8me Dan de Taekwondo 5 fois Champion National de Cor\u00e9e Samedi 10 novembre 2015 \u00e0 20 Heures au gymnase de JUILLY Rue des Messanges &#8211; Juilly 77 230 STAGE GRATUIT Venez nombreux<\/p>\n","protected":false},"author":1,"featured_media":1206,"comment_status":"closed","ping_status":"closed","sticky":false,"template":"","format":"standard","meta":{"_exactmetrics_skip_tracking":false,"_exactmetrics_sitenote_active":false,"_exactmetrics_sitenote_note":"","_exactmetrics_sitenote_category":0,"ngg_post_thumbnail":0,"_jetpack_memberships_contains_paid_content":false,"footnotes":""},"categories":[3],"tags":[],"class_list":["post-1205","post","type-post","status-publish","format-standard","has-post-thumbnail","hentry","category-stages"],"jetpack_featured_media_url":"https:\/\/i0.wp.com\/www.gojuryu93.com\/wp-content\/uploads\/2015\/11\/logo-tekwando-e1540295341747.png?fit=200%2C200&ssl=1","jetpack_shortlink":"https:\/\/wp.me\/p6TujZ-jr","jetpack-related-posts":[{"id":3113,"url":"https:\/\/www.gojuryu93.com\/?p=3113","url_meta":{"origin":1205,"position":0},"title":"Une belle soir\u00e9e d&#8217; Arts Martiaux \u00e0 Juilly","author":"Team-Goju","date":"15 mai 2017","format":false,"excerpt":"\u00a0 Retours en quelques images sur le \"Festival de la Nuit des Arts Martiaux\"\u00a0 organis\u00e9 par le Club de Taekwondo de Juilly auquel notre club \u00e9tait associ\u00e9. \u00a0 Nos adh\u00e9rents nous ont offerts des d\u00e9monstrations de Kobudo avec l'aide des adh\u00e9rents du club de Sevran, de karat\u00e9 avec les grands\u2026","rel":"","context":"Dans &quot;Actualit\u00e9s du club&quot;","block_context":{"text":"Actualit\u00e9s du club","link":"https:\/\/www.gojuryu93.com\/?cat=5"},"img":{"alt_text":"","src":"","width":0,"height":0},"classes":[]},{"id":3037,"url":"https:\/\/www.gojuryu93.com\/?p=3037","url_meta":{"origin":1205,"position":1},"title":"Soir\u00e9e des arts martiaux &#8211; le 13 mai 2017","author":"Team-Goju","date":"30 avril 2017","format":false,"excerpt":"\u00a0 Samedi 13 mai 2017\u00a0 \u00e0 partir de 18 heures, le Karat\u00e9 Club de Tremblay-en-France proposera des d\u00e9monstration de karat\u00e9 et de Kobudo lors de la Nuit des Arts Martiaux organis\u00e9e par le TSK de la Go\u00eble de JUILLY . Au programme, d\u00e9monstrations de Taekwondo, Karat\u00e9, self-d\u00e9fense par les clubs\u2026","rel":"","context":"Dans &quot;Actualit\u00e9s du club&quot;","block_context":{"text":"Actualit\u00e9s du club","link":"https:\/\/www.gojuryu93.com\/?cat=5"},"img":{"alt_text":"","src":"https:\/\/i0.wp.com\/www.gojuryu93.com\/wp-content\/uploads\/2017\/04\/promo-soir%C3%A9e-des-arts-martiaux-300x300.png?resize=350%2C200","width":350,"height":200,"srcset":"https:\/\/i0.wp.com\/www.gojuryu93.com\/wp-content\/uploads\/2017\/04\/promo-soir%C3%A9e-des-arts-martiaux-300x300.png?resize=350%2C200 1x, https:\/\/i0.wp.com\/www.gojuryu93.com\/wp-content\/uploads\/2017\/04\/promo-soir%C3%A9e-des-arts-martiaux-300x300.png?resize=525%2C300 1.5x, https:\/\/i0.wp.com\/www.gojuryu93.com\/wp-content\/uploads\/2017\/04\/promo-soir%C3%A9e-des-arts-martiaux-300x300.png?resize=700%2C400 2x"},"classes":[]},{"id":3069,"url":"https:\/\/www.gojuryu93.com\/?p=3069","url_meta":{"origin":1205,"position":2},"title":"Festival de la nuit des arts martiaux vos rendez-vous de la soir\u00e9e","author":"Team-Goju","date":"11 mai 2017","format":false,"excerpt":"Rappel : Le 13 mai 2017 \u00e0 19 h30 se d\u00e9roulera le Festival de la nuit des arts martiaux \u00e0 Juilly dans le 77 au Gymnase de la rue des M\u00e9sanges. Le programme d\u00e9finitif nous est parvenu, il se composera de d\u00e9monstrations de : \u00c9quipe de France de Taekwondo -\u2026","rel":"","context":"Dans &quot;Actualit\u00e9s du club&quot;","block_context":{"text":"Actualit\u00e9s du club","link":"https:\/\/www.gojuryu93.com\/?cat=5"},"img":{"alt_text":"","src":"https:\/\/i0.wp.com\/www.gojuryu93.com\/wp-content\/uploads\/2017\/05\/nuits-arts-martiaux-juilly_web-192x300.jpg?resize=350%2C200","width":350,"height":200,"srcset":"https:\/\/i0.wp.com\/www.gojuryu93.com\/wp-content\/uploads\/2017\/05\/nuits-arts-martiaux-juilly_web-192x300.jpg?resize=350%2C200 1x, https:\/\/i0.wp.com\/www.gojuryu93.com\/wp-content\/uploads\/2017\/05\/nuits-arts-martiaux-juilly_web-192x300.jpg?resize=525%2C300 1.5x, https:\/\/i0.wp.com\/www.gojuryu93.com\/wp-content\/uploads\/2017\/05\/nuits-arts-martiaux-juilly_web-192x300.jpg?resize=700%2C400 2x"},"classes":[]},{"id":1966,"url":"https:\/\/www.gojuryu93.com\/?p=1966","url_meta":{"origin":1205,"position":3},"title":"Participation du Karat\u00e9 Club de Tremblay \u00e0 la Soir\u00e9e des Arts Martiaux de Juilly","author":"Team-Goju","date":"3 juin 2016","format":false,"excerpt":"\u00a0 Le Club de Karat\u00e9 de Tremblay en France participera \u00e0 la \"Soir\u00e9e\u00a0 des arts martiaux\" de Juilly en effectuant des d\u00e9monstrations de karat\u00e9\u00a0 Goju-ryu et de Kobudo. Nous invitons cordialement tous nos adh\u00e9rents, leurs parents et amis\u00a0 \u00e0 se rendre \u00e0 ce spectacle pour encourager les participants de notre\u2026","rel":"","context":"Dans &quot;Actualit\u00e9s du club&quot;","block_context":{"text":"Actualit\u00e9s du club","link":"https:\/\/www.gojuryu93.com\/?cat=5"},"img":{"alt_text":"Nuit arts martiaux 2016","src":"https:\/\/i0.wp.com\/www.gojuryu93.com\/wp-content\/uploads\/2016\/06\/Nuit-arts-martiaux-2016-2-300x169.jpg?resize=350%2C200","width":350,"height":200,"srcset":"https:\/\/i0.wp.com\/www.gojuryu93.com\/wp-content\/uploads\/2016\/06\/Nuit-arts-martiaux-2016-2-300x169.jpg?resize=350%2C200 1x, https:\/\/i0.wp.com\/www.gojuryu93.com\/wp-content\/uploads\/2016\/06\/Nuit-arts-martiaux-2016-2-300x169.jpg?resize=525%2C300 1.5x, https:\/\/i0.wp.com\/www.gojuryu93.com\/wp-content\/uploads\/2016\/06\/Nuit-arts-martiaux-2016-2-300x169.jpg?resize=700%2C400 2x"},"classes":[]},{"id":1634,"url":"https:\/\/www.gojuryu93.com\/?p=1634","url_meta":{"origin":1205,"position":4},"title":"Participation exceptionnelle lors du stage Bernard Bilicki  du 30 janvier 2016","author":"Team-Goju","date":"30 janvier 2016","format":false,"excerpt":"Le 30 janvier 2016 se d\u00e9roulait dans le dojo de notre club, un stage expert f\u00e9d\u00e9ral organis\u00e9 par notre association avec le parrainage de la Ligue 93 de karat\u00e9\u00a0 et sous la direction de Bernard Bilicki expert f\u00e9d\u00e9ral 9 \u00e8me dan. Avec plus de 65 participants, ce stage a rencontr\u00e9\u2026","rel":"","context":"Dans &quot;Stages&quot;","block_context":{"text":"Stages","link":"https:\/\/www.gojuryu93.com\/?cat=3"},"img":{"alt_text":"","src":"https:\/\/i0.wp.com\/www.gojuryu93.com\/wp-content\/uploads\/2016\/01\/Stage_Bilicki_012016_73.jpg?fit=1024%2C309&ssl=1&resize=350%2C200","width":350,"height":200,"srcset":"https:\/\/i0.wp.com\/www.gojuryu93.com\/wp-content\/uploads\/2016\/01\/Stage_Bilicki_012016_73.jpg?fit=1024%2C309&ssl=1&resize=350%2C200 1x, https:\/\/i0.wp.com\/www.gojuryu93.com\/wp-content\/uploads\/2016\/01\/Stage_Bilicki_012016_73.jpg?fit=1024%2C309&ssl=1&resize=525%2C300 1.5x, https:\/\/i0.wp.com\/www.gojuryu93.com\/wp-content\/uploads\/2016\/01\/Stage_Bilicki_012016_73.jpg?fit=1024%2C309&ssl=1&resize=700%2C400 2x"},"classes":[]},{"id":2986,"url":"https:\/\/www.gojuryu93.com\/?p=2986","url_meta":{"origin":1205,"position":5},"title":"Stage Kobudo d&#8217;Okinawa avec Ma\u00eetre Chinen 9 \u00e8me Dan le 27 mai 2017 (Annul\u00e9)","author":"Team-Goju","date":"2 avril 2017","format":false,"excerpt":"\u00a0 Le 27 mai 2017\u00a0 prochain de 9 heures \u00e0 12 heures,\u00a0 le Karat\u00e9 Club De Tremblay-en-France vous invite \u00e0 participer \u00e0 un stage de Kobudo d'Okinawa sous la direction de Maitre Chinen 9\u00e8me Dan. Ce stage est ouvert \u00e0 tous les licenci\u00e9s FFKDA et Oshuka\u00ef \u00e0 partir de 14\u2026","rel":"","context":"Dans &quot;Kobudo&quot;","block_context":{"text":"Kobudo","link":"https:\/\/www.gojuryu93.com\/?cat=6"},"img":{"alt_text":"","src":"https:\/\/i0.wp.com\/www.gojuryu93.com\/wp-content\/uploads\/2017\/04\/Stage-Chinen-V4-202x300.jpg?resize=350%2C200","width":350,"height":200,"srcset":"https:\/\/i0.wp.com\/www.gojuryu93.com\/wp-content\/uploads\/2017\/04\/Stage-Chinen-V4-202x300.jpg?resize=350%2C200 1x, https:\/\/i0.wp.com\/www.gojuryu93.com\/wp-content\/uploads\/2017\/04\/Stage-Chinen-V4-202x300.jpg?resize=525%2C300 1.5x"},"classes":[]}],"jetpack_sharing_enabled":true,"_links":{"self":[{"href":"https:\/\/www.gojuryu93.com\/index.php?rest_route=\/wp\/v2\/posts\/1205","targetHints":{"allow":["GET"]}}],"collection":[{"href":"https:\/\/www.gojuryu93.com\/index.php?rest_route=\/wp\/v2\/posts"}],"about":[{"href":"https:\/\/www.gojuryu93.com\/index.php?rest_route=\/wp\/v2\/types\/post"}],"author":[{"embeddable":true,"href":"https:\/\/www.gojuryu93.com\/index.php?rest_route=\/wp\/v2\/users\/1"}],"replies":[{"embeddable":true,"href":"https:\/\/www.gojuryu93.com\/index.php?rest_route=%2Fwp%2Fv2%2Fcomments&post=1205"}],"version-history":[{"count":0,"href":"https:\/\/www.gojuryu93.com\/index.php?rest_route=\/wp\/v2\/posts\/1205\/revisions"}],"wp:featuredmedia":[{"embeddable":true,"href":"https:\/\/www.gojuryu93.com\/index.php?rest_route=\/wp\/v2\/media\/1206"}],"wp:attachment":[{"href":"https:\/\/www.gojuryu93.com\/index.php?rest_route=%2Fwp%2Fv2%2Fmedia&parent=1205"}],"wp:term":[{"taxonomy":"category","embeddable":true,"href":"https:\/\/www.gojuryu93.com\/index.php?rest_route=%2Fwp%2Fv2%2Fcategories&post=1205"},{"taxonomy":"post_tag","embeddable":true,"href":"https:\/\/www.gojuryu93.com\/index.php?rest_route=%2Fwp%2Fv2%2Ftags&post=1205"}],"curies":[{"name":"wp","href":"https:\/\/api.w.org\/{rel}","templated":true}]}}