{"id":1308,"date":"2015-11-14T00:04:02","date_gmt":"2015-11-13T23:04:02","guid":{"rendered":"http:\/\/www.gojuryu93.com\/?p=1308"},"modified":"2015-12-19T20:04:08","modified_gmt":"2015-12-19T19:04:08","slug":"plan-vigipirate-alerte-attentats-pensez-a-vous-renseigner-sur-les-ouvertures-des-dojos","status":"publish","type":"post","link":"https:\/\/www.gojuryu93.com\/?p=1308","title":{"rendered":"Plan Vigipirate &#8220;Alerte attentats&#8221; : Pensez \u00e0 vous renseigner sur les ouvertures des dojos"},"content":{"rendered":"<p><a href=\"https:\/\/i0.wp.com\/www.gojuryu93.com\/wp-content\/uploads\/2015\/11\/logo_vigipirate_alratt.jpg\"><img data-recalc-dims=\"1\" loading=\"lazy\" decoding=\"async\" data-attachment-id=\"1309\" data-permalink=\"https:\/\/www.gojuryu93.com\/?attachment_id=1309\" data-orig-file=\"https:\/\/i0.wp.com\/www.gojuryu93.com\/wp-content\/uploads\/2015\/11\/logo_vigipirate_alratt.jpg?fit=1200%2C1191&amp;ssl=1\" data-orig-size=\"1200,1191\" data-comments-opened=\"0\" data-image-meta=\"{&quot;aperture&quot;:&quot;0&quot;,&quot;credit&quot;:&quot;&quot;,&quot;camera&quot;:&quot;&quot;,&quot;caption&quot;:&quot;&quot;,&quot;created_timestamp&quot;:&quot;0&quot;,&quot;copyright&quot;:&quot;&quot;,&quot;focal_length&quot;:&quot;0&quot;,&quot;iso&quot;:&quot;0&quot;,&quot;shutter_speed&quot;:&quot;0&quot;,&quot;title&quot;:&quot;&quot;,&quot;orientation&quot;:&quot;0&quot;}\" data-image-title=\"logo_vigipirate_alratt\" data-image-description=\"\" data-image-caption=\"\" data-large-file=\"https:\/\/i0.wp.com\/www.gojuryu93.com\/wp-content\/uploads\/2015\/11\/logo_vigipirate_alratt.jpg?fit=610%2C605&amp;ssl=1\" class=\"aligncenter size-medium wp-image-1309\" src=\"https:\/\/i0.wp.com\/www.gojuryu93.com\/wp-content\/uploads\/2015\/11\/logo_vigipirate_alratt.jpg?resize=300%2C298\" alt=\"logo_vigipirate_alratt\" width=\"300\" height=\"298\" srcset=\"https:\/\/i0.wp.com\/www.gojuryu93.com\/wp-content\/uploads\/2015\/11\/logo_vigipirate_alratt.jpg?resize=300%2C298&amp;ssl=1 300w, https:\/\/i0.wp.com\/www.gojuryu93.com\/wp-content\/uploads\/2015\/11\/logo_vigipirate_alratt.jpg?resize=150%2C150&amp;ssl=1 150w, https:\/\/i0.wp.com\/www.gojuryu93.com\/wp-content\/uploads\/2015\/11\/logo_vigipirate_alratt.jpg?resize=1024%2C1016&amp;ssl=1 1024w, https:\/\/i0.wp.com\/www.gojuryu93.com\/wp-content\/uploads\/2015\/11\/logo_vigipirate_alratt.jpg?resize=50%2C50&amp;ssl=1 50w, https:\/\/i0.wp.com\/www.gojuryu93.com\/wp-content\/uploads\/2015\/11\/logo_vigipirate_alratt.jpg?w=1200&amp;ssl=1 1200w\" sizes=\"auto, (max-width: 300px) 100vw, 300px\" \/><\/a><span style=\"font-size: 16px;\">En raison des tristes \u00e9v\u00e9nements qui ont frapp\u00e9s la r\u00e9gion parisienne le 13 novembre 2015, l&#8217;\u00e9tat d&#8217;urgence est d\u00e9cr\u00e9t\u00e9 sur notre territoire pour une dur\u00e9e de 3 mois et peut-\u00eatre plus.<\/span><\/p>\n<p><span style=\"font-size: 16px;\">Cela occasionne des annulations et des fermetures de salles en fonction des d\u00e9cisions gouvernementales et administratives pour pr\u00e9server la s\u00e9curit\u00e9 de la population.<\/span><\/p>\n<p><span style=\"font-size: 16px;\">En cons\u00e9quence l&#8217;\u00e9quipe encadrante du Karat\u00e9 Club de Tremblay en France&nbsp; invite ses adh\u00e9rents \u00e0 se renseigner sur l&#8217;ouverture des dojos aupr\u00e8s des professeurs ou en appelant vos dirigeants. Ils seront en mesure de vous renseigner pour d&#8217;\u00e9ventuelles annulations des cours.<\/span><\/p>\n<p><strong><span style=\"font-size: 16px;\">L&#8217;\u00e9quipe du Karat\u00e9 Club de Tremblay en France se joint au deuil sanglant&nbsp; et \u00e0 l&#8217;\u00e9moi qui touche les familles des victimes des attentats et partage leurs douleurs. Restons unis dans l&#8217;adversit\u00e9.<\/span><\/strong><\/p>\n<p>&nbsp;<br \/>\n<center><\/center><\/p>\n","protected":false},"excerpt":{"rendered":"<p>En raison des tristes \u00e9v\u00e9nements qui ont frapp\u00e9s la r\u00e9gion parisienne le 13 novembre 2015, l&#8217;\u00e9tat d&#8217;urgence est d\u00e9cr\u00e9t\u00e9 sur notre territoire pour une dur\u00e9e de 3 mois et peut-\u00eatre plus. Cela occasionne des annulations et des fermetures de salles en fonction des d\u00e9cisions gouvernementales et administratives pour pr\u00e9server la s\u00e9curit\u00e9 de la population. En [&hellip;]<\/p>\n","protected":false},"author":1,"featured_media":1309,"comment_status":"closed","ping_status":"open","sticky":false,"template":"","format":"standard","meta":{"_exactmetrics_skip_tracking":false,"_exactmetrics_sitenote_active":false,"_exactmetrics_sitenote_note":"","_exactmetrics_sitenote_category":0,"ngg_post_thumbnail":0,"_jetpack_memberships_contains_paid_content":false,"footnotes":""},"categories":[5],"tags":[],"class_list":["post-1308","post","type-post","status-publish","format-standard","has-post-thumbnail","hentry","category-actualites-du-club"],"jetpack_featured_media_url":"https:\/\/i0.wp.com\/www.gojuryu93.com\/wp-content\/uploads\/2015\/11\/logo_vigipirate_alratt.jpg?fit=1200%2C1191&ssl=1","jetpack_shortlink":"https:\/\/wp.me\/p6TujZ-l6","jetpack-related-posts":[{"id":2023,"url":"https:\/\/www.gojuryu93.com\/?p=2023","url_meta":{"origin":1308,"position":0},"title":"Stage d\u00e9couverte du Kobudo avec le Club Vovinam Sevran","author":"Team-Goju","date":"1 juillet 2016","format":false,"excerpt":"Quelques images de notre dernier stage d'initiation au Kobudo avec le club Vovinam de Sevran. Vous voulez d\u00e9couvrir le Kobudo, la section d\u00e9di\u00e9e de notre club avec la participation du club partenaire le\u00a0Matayoshi Okinawa Kobudo de Sevran\u00a0 peut organiser pour vous des s\u00e9ances d'initiations sous la direction de nos professeurs\u2026","rel":"","context":"Dans &quot;Kobudo&quot;","block_context":{"text":"Kobudo","link":"https:\/\/www.gojuryu93.com\/?cat=6"},"img":{"alt_text":"","src":"https:\/\/i0.wp.com\/www.gojuryu93.com\/wp-content\/uploads\/2016\/07\/stage-decouverte-kubudo-e1467386235425.png?fit=361%2C200&ssl=1&resize=350%2C200","width":350,"height":200},"classes":[]},{"id":1907,"url":"https:\/\/www.gojuryu93.com\/?p=1907","url_meta":{"origin":1308,"position":1},"title":"Rappels pour les cours de vacances scolaires","author":"Team-Goju","date":"15 avril 2016","format":false,"excerpt":"Durant toutes les vacances scolaires en raison de non disponibilit\u00e9 des dojos, certains cours sont suspendus : Cours Kobudo du samedi et cours karat\u00e9 adultes et enfants du dimanche durant toutes les vacances scolaires. Cours Baby-karat\u00e9 durant toutes les vacances scolaires. Les autres cours sont maintenus aux heures habituelles. H.\u2026","rel":"","context":"Dans &quot;Actualit\u00e9s du club&quot;","block_context":{"text":"Actualit\u00e9s du club","link":"https:\/\/www.gojuryu93.com\/?cat=5"},"img":{"alt_text":"flash","src":"https:\/\/i0.wp.com\/www.gojuryu93.com\/wp-content\/uploads\/2016\/04\/flash-300x231.png?resize=350%2C200","width":350,"height":200},"classes":[]},{"id":2986,"url":"https:\/\/www.gojuryu93.com\/?p=2986","url_meta":{"origin":1308,"position":2},"title":"Stage Kobudo d&#8217;Okinawa avec Ma\u00eetre Chinen 9 \u00e8me Dan le 27 mai 2017 (Annul\u00e9)","author":"Team-Goju","date":"2 avril 2017","format":false,"excerpt":"\u00a0 Le 27 mai 2017\u00a0 prochain de 9 heures \u00e0 12 heures,\u00a0 le Karat\u00e9 Club De Tremblay-en-France vous invite \u00e0 participer \u00e0 un stage de Kobudo d'Okinawa sous la direction de Maitre Chinen 9\u00e8me Dan. Ce stage est ouvert \u00e0 tous les licenci\u00e9s FFKDA et Oshuka\u00ef \u00e0 partir de 14\u2026","rel":"","context":"Dans &quot;Kobudo&quot;","block_context":{"text":"Kobudo","link":"https:\/\/www.gojuryu93.com\/?cat=6"},"img":{"alt_text":"","src":"https:\/\/i0.wp.com\/www.gojuryu93.com\/wp-content\/uploads\/2017\/04\/Stage-Chinen-V4-202x300.jpg?resize=350%2C200","width":350,"height":200,"srcset":"https:\/\/i0.wp.com\/www.gojuryu93.com\/wp-content\/uploads\/2017\/04\/Stage-Chinen-V4-202x300.jpg?resize=350%2C200 1x, https:\/\/i0.wp.com\/www.gojuryu93.com\/wp-content\/uploads\/2017\/04\/Stage-Chinen-V4-202x300.jpg?resize=525%2C300 1.5x"},"classes":[]},{"id":3045,"url":"https:\/\/www.gojuryu93.com\/?p=3045","url_meta":{"origin":1308,"position":3},"title":"Vendredi 12 mai 2017 &#8211; La soir\u00e9e club r\u00e9serv\u00e9e aux adh\u00e9rents","author":"Team-Goju","date":"1 mai 2017","format":false,"excerpt":"\u00a0 \u00a0 Comme chaque ann\u00e9e le Karat\u00e9-Club de Tremblay-en-France organise une soir\u00e9e exclusivement pour les adh\u00e9rents du club et leur famille. Au lieu du barbecue traditionnel,\u00a0 cette ann\u00e9e amusements pour tous lors d'un Laser Games pour finir la soir\u00e9e autour d'une table dans un restaurant retenu par le comit\u00e9 directeur\u2026","rel":"","context":"Dans &quot;Actualit\u00e9s du club&quot;","block_context":{"text":"Actualit\u00e9s du club","link":"https:\/\/www.gojuryu93.com\/?cat=5"},"img":{"alt_text":"","src":"https:\/\/i0.wp.com\/www.gojuryu93.com\/wp-content\/uploads\/2017\/05\/laser-game-1-500x290-300x174.png?resize=350%2C200","width":350,"height":200,"srcset":"https:\/\/i0.wp.com\/www.gojuryu93.com\/wp-content\/uploads\/2017\/05\/laser-game-1-500x290-300x174.png?resize=350%2C200 1x, https:\/\/i0.wp.com\/www.gojuryu93.com\/wp-content\/uploads\/2017\/05\/laser-game-1-500x290-300x174.png?resize=525%2C300 1.5x, https:\/\/i0.wp.com\/www.gojuryu93.com\/wp-content\/uploads\/2017\/05\/laser-game-1-500x290-300x174.png?resize=700%2C400 2x"},"classes":[]},{"id":3130,"url":"https:\/\/www.gojuryu93.com\/?p=3130","url_meta":{"origin":1308,"position":4},"title":"La Coupe des As &#8211; Les petits samoura\u00efs du club en comp\u00e9tition","author":"Team-Goju","date":"7 juin 2017","format":false,"excerpt":"\u00a0 Pr\u00e9parez-vous pour la \"journ\u00e9e de la Coupe des As\" qui se d\u00e9roulera le dimanche 18 juin 2017 au Gymnase Guimier - 70 avenue Gilbert Berger, 93 290 Tremblay-en-France. Journ\u00e9e de comp\u00e9titions, mais aussi festive, pour conclure la saison 2016-2017. Nos jeunes adh\u00e9rents et leurs parents se retrouveront ensemble, les\u2026","rel":"","context":"Dans &quot;Actualit\u00e9s du club&quot;","block_context":{"text":"Actualit\u00e9s du club","link":"https:\/\/www.gojuryu93.com\/?cat=5"},"img":{"alt_text":"","src":"https:\/\/i0.wp.com\/www.gojuryu93.com\/wp-content\/uploads\/2017\/06\/2017-06-Coupe-des-As-208x300.png?resize=350%2C200","width":350,"height":200,"srcset":"https:\/\/i0.wp.com\/www.gojuryu93.com\/wp-content\/uploads\/2017\/06\/2017-06-Coupe-des-As-208x300.png?resize=350%2C200 1x, https:\/\/i0.wp.com\/www.gojuryu93.com\/wp-content\/uploads\/2017\/06\/2017-06-Coupe-des-As-208x300.png?resize=525%2C300 1.5x, https:\/\/i0.wp.com\/www.gojuryu93.com\/wp-content\/uploads\/2017\/06\/2017-06-Coupe-des-As-208x300.png?resize=700%2C400 2x"},"classes":[]},{"id":3365,"url":"https:\/\/www.gojuryu93.com\/?p=3365","url_meta":{"origin":1308,"position":5},"title":"Inscriptions pour la saison 2019\/2020","author":"Team-Goju","date":"2 novembre 2018","format":false,"excerpt":"Les inscriptions pour la saison 2019\/2020 d\u00e9butent 2 septembre 2019. Pour tout renseignement, vous pouvez nous contacter : Par mail : karateclub.tremblayenfrance@gmail.com Par t\u00e9l\u00e9phone : 06 15 99 57 32 (pr\u00e9sident)","rel":"","context":"Dans &quot;Actualit\u00e9s du club&quot;","block_context":{"text":"Actualit\u00e9s du club","link":"https:\/\/www.gojuryu93.com\/?cat=5"},"img":{"alt_text":"","src":"https:\/\/i0.wp.com\/www.gojuryu93.com\/wp-content\/uploads\/2019\/08\/BordereauInscription.jpg?fit=487%2C700&ssl=1&resize=350%2C200","width":350,"height":200},"classes":[]}],"jetpack_sharing_enabled":true,"_links":{"self":[{"href":"https:\/\/www.gojuryu93.com\/index.php?rest_route=\/wp\/v2\/posts\/1308","targetHints":{"allow":["GET"]}}],"collection":[{"href":"https:\/\/www.gojuryu93.com\/index.php?rest_route=\/wp\/v2\/posts"}],"about":[{"href":"https:\/\/www.gojuryu93.com\/index.php?rest_route=\/wp\/v2\/types\/post"}],"author":[{"embeddable":true,"href":"https:\/\/www.gojuryu93.com\/index.php?rest_route=\/wp\/v2\/users\/1"}],"replies":[{"embeddable":true,"href":"https:\/\/www.gojuryu93.com\/index.php?rest_route=%2Fwp%2Fv2%2Fcomments&post=1308"}],"version-history":[{"count":0,"href":"https:\/\/www.gojuryu93.com\/index.php?rest_route=\/wp\/v2\/posts\/1308\/revisions"}],"wp:featuredmedia":[{"embeddable":true,"href":"https:\/\/www.gojuryu93.com\/index.php?rest_route=\/wp\/v2\/media\/1309"}],"wp:attachment":[{"href":"https:\/\/www.gojuryu93.com\/index.php?rest_route=%2Fwp%2Fv2%2Fmedia&parent=1308"}],"wp:term":[{"taxonomy":"category","embeddable":true,"href":"https:\/\/www.gojuryu93.com\/index.php?rest_route=%2Fwp%2Fv2%2Fcategories&post=1308"},{"taxonomy":"post_tag","embeddable":true,"href":"https:\/\/www.gojuryu93.com\/index.php?rest_route=%2Fwp%2Fv2%2Ftags&post=1308"}],"curies":[{"name":"wp","href":"https:\/\/api.w.org\/{rel}","templated":true}]}}