{"id":1332,"date":"2015-12-02T19:59:42","date_gmt":"2015-12-02T18:59:42","guid":{"rendered":"http:\/\/www.gojuryu93.com\/?p=1332"},"modified":"2016-01-21T13:35:50","modified_gmt":"2016-01-21T12:35:50","slug":"stage-expert-federal-avec-bernard-bilicki","status":"publish","type":"post","link":"https:\/\/www.gojuryu93.com\/?p=1332","title":{"rendered":"STAGE EXPERT FEDERAL avec Bernard Bilicki"},"content":{"rendered":"<p style=\"text-align: center;\">Un Stage organis\u00e9 par le karat\u00e9 Club de Tremblay-en-France et s\u00e9lectionn\u00e9 par la commission des experts Karat\u00e9 et la ligue de Seine-Saint-Denis\u00a0 se d\u00e9roulera dans notre dojo des Cottages avec :<\/p>\n<p style=\"text-align: center;\"><span style=\"font-size: 24px;\"><strong>Bernard BILICKI &#8211; <\/strong>Expert F\u00e9d\u00e9ral 9\u00e8me dan<\/span><\/p>\n<p style=\"text-align: center;\">Le samedi 30 janvier 2016 de 9h00 \u00e0 12h00<\/p>\n<p style=\"text-align: center;\">Ce stage am\u00e8ne un point de bonification pour les passages de Dan.<\/p>\n<p style=\"text-align: center;\">Un stage organis\u00e9 en partenariat<\/p>\n<p style=\"text-align: center;\">par la Ligue 93 de Karat\u00e9 et le Karat\u00e9 Club\u00a0 Goju-ryu de Tremblay en France.<\/p>\n<div id=\"attachment_1528\" style=\"width: 543px\" class=\"wp-caption aligncenter\"><img data-recalc-dims=\"1\" loading=\"lazy\" decoding=\"async\" aria-describedby=\"caption-attachment-1528\" data-attachment-id=\"1528\" data-permalink=\"https:\/\/www.gojuryu93.com\/?attachment_id=1528\" data-orig-file=\"https:\/\/i0.wp.com\/www.gojuryu93.com\/wp-content\/uploads\/2015\/12\/stage_Bilicki_2016-e1453379553348.jpg?fit=200%2C283&amp;ssl=1\" data-orig-size=\"200,283\" data-comments-opened=\"0\" data-image-meta=\"{&quot;aperture&quot;:&quot;0&quot;,&quot;credit&quot;:&quot;&quot;,&quot;camera&quot;:&quot;&quot;,&quot;caption&quot;:&quot;&quot;,&quot;created_timestamp&quot;:&quot;0&quot;,&quot;copyright&quot;:&quot;&quot;,&quot;focal_length&quot;:&quot;0&quot;,&quot;iso&quot;:&quot;0&quot;,&quot;shutter_speed&quot;:&quot;0&quot;,&quot;title&quot;:&quot;&quot;,&quot;orientation&quot;:&quot;0&quot;}\" data-image-title=\"stage_Bilicki_2016\" data-image-description=\"\" data-image-caption=\"&lt;p&gt;\u00a9 2016 Gojuryu93.com en partenariat avec la Ligue 93 de Karat\u00e9&lt;\/p&gt;\n\" data-large-file=\"https:\/\/i0.wp.com\/www.gojuryu93.com\/wp-content\/uploads\/2015\/12\/stage_Bilicki_2016-e1453379553348.jpg?fit=610%2C863&amp;ssl=1\" class=\"wp-image-1528 \" src=\"https:\/\/i0.wp.com\/www.gojuryu93.com\/wp-content\/uploads\/2015\/12\/stage_Bilicki_2016.jpg?resize=533%2C754\" alt=\"\" width=\"533\" height=\"754\" \/><p id=\"caption-attachment-1528\" class=\"wp-caption-text\">\u00a9 2016 Gojuryu93.com en partenariat avec la Ligue 93 de Karat\u00e9<\/p><\/div>\n","protected":false},"excerpt":{"rendered":"<p>Un Stage organis\u00e9 par le karat\u00e9 Club de Tremblay-en-France et s\u00e9lectionn\u00e9 par la commission des experts Karat\u00e9 et la ligue de Seine-Saint-Denis\u00a0 se d\u00e9roulera dans notre dojo des Cottages avec : Bernard BILICKI &#8211; Expert F\u00e9d\u00e9ral 9\u00e8me dan Le samedi 30 janvier 2016 de 9h00 \u00e0 12h00 Ce stage am\u00e8ne un point de bonification pour [&hellip;]<\/p>\n","protected":false},"author":1,"featured_media":1528,"comment_status":"closed","ping_status":"closed","sticky":false,"template":"","format":"standard","meta":{"_exactmetrics_skip_tracking":false,"_exactmetrics_sitenote_active":false,"_exactmetrics_sitenote_note":"","_exactmetrics_sitenote_category":0,"ngg_post_thumbnail":0,"_jetpack_memberships_contains_paid_content":false,"footnotes":""},"categories":[5,3],"tags":[],"class_list":["post-1332","post","type-post","status-publish","format-standard","has-post-thumbnail","hentry","category-actualites-du-club","category-stages"],"jetpack_featured_media_url":"https:\/\/i0.wp.com\/www.gojuryu93.com\/wp-content\/uploads\/2015\/12\/stage_Bilicki_2016-e1453379553348.jpg?fit=200%2C283&ssl=1","jetpack_shortlink":"https:\/\/wp.me\/p6TujZ-lu","jetpack-related-posts":[{"id":1634,"url":"https:\/\/www.gojuryu93.com\/?p=1634","url_meta":{"origin":1332,"position":0},"title":"Participation exceptionnelle lors du stage Bernard Bilicki  du 30 janvier 2016","author":"Team-Goju","date":"30 janvier 2016","format":false,"excerpt":"Le 30 janvier 2016 se d\u00e9roulait dans le dojo de notre club, un stage expert f\u00e9d\u00e9ral organis\u00e9 par notre association avec le parrainage de la Ligue 93 de karat\u00e9\u00a0 et sous la direction de Bernard Bilicki expert f\u00e9d\u00e9ral 9 \u00e8me dan. Avec plus de 65 participants, ce stage a rencontr\u00e9\u2026","rel":"","context":"Dans &quot;Stages&quot;","block_context":{"text":"Stages","link":"https:\/\/www.gojuryu93.com\/?cat=3"},"img":{"alt_text":"","src":"https:\/\/i0.wp.com\/www.gojuryu93.com\/wp-content\/uploads\/2016\/01\/Stage_Bilicki_012016_73.jpg?fit=1024%2C309&ssl=1&resize=350%2C200","width":350,"height":200,"srcset":"https:\/\/i0.wp.com\/www.gojuryu93.com\/wp-content\/uploads\/2016\/01\/Stage_Bilicki_012016_73.jpg?fit=1024%2C309&ssl=1&resize=350%2C200 1x, https:\/\/i0.wp.com\/www.gojuryu93.com\/wp-content\/uploads\/2016\/01\/Stage_Bilicki_012016_73.jpg?fit=1024%2C309&ssl=1&resize=525%2C300 1.5x, https:\/\/i0.wp.com\/www.gojuryu93.com\/wp-content\/uploads\/2016\/01\/Stage_Bilicki_012016_73.jpg?fit=1024%2C309&ssl=1&resize=700%2C400 2x"},"classes":[]},{"id":1389,"url":"https:\/\/www.gojuryu93.com\/?p=1389","url_meta":{"origin":1332,"position":1},"title":"Stage F\u00e9d\u00e9ral Gratuit  &#8220;Karat\u00e9 d&#8217;Okinawa&#8221; avec Ma\u00eetre OSHIRO &#8211; 8 \u00e8me Dan","author":"Team-Goju","date":"19 d\u00e9cembre 2015","format":false,"excerpt":"\u00a0 Un Stage s\u00e9lectionn\u00e9 par la commission des experts Karat\u00e9 et la ligue de Seine-Saint-Denis\u00a0 se d\u00e9roulera dans notre dojo des Cottages avec : Ma\u00eetre ZENE\u00cf OSHIRO Expert F\u00e9d\u00e9ral 8\u00e8me Dan Samedi 2 avril 2016 de 9 h \u00e0 12 h Ce stage am\u00e8ne un point de bonification pour les\u2026","rel":"","context":"Dans &quot;Stages&quot;","block_context":{"text":"Stages","link":"https:\/\/www.gojuryu93.com\/?cat=3"},"img":{"alt_text":"","src":"https:\/\/i0.wp.com\/www.gojuryu93.com\/wp-content\/uploads\/2015\/12\/stage-Oshiro1-212x300-212x300.jpg?resize=350%2C200","width":350,"height":200},"classes":[]},{"id":2123,"url":"https:\/\/www.gojuryu93.com\/?p=2123","url_meta":{"origin":1332,"position":2},"title":"Stage f\u00e9d\u00e9ral gratuit \u00e0 Tremblay-en-France : Samedi 19 Novembre 2016","author":"Team-Goju","date":"5 octobre 2016","format":false,"excerpt":"Pour le d\u00e9but de la nouvelle saison 2016-2017, la Ligue 93 de la FFKDA en partenariat avec le Club\u00a0 de karat\u00e9 Goju-ryu de Tremblay-en-France organise un stage f\u00e9d\u00e9ral gratuit le samedi 19 novembre 2016\u00a0 dirig\u00e9 par Ma\u00eetre OSHIRO dans le dojo des Cottages de Tremblay-en-France. Ce stage permettra d'obtenir un\u2026","rel":"","context":"Dans &quot;Stages&quot;","block_context":{"text":"Stages","link":"https:\/\/www.gojuryu93.com\/?cat=3"},"img":{"alt_text":"\u00a9 2016 Ligue 93 FFKDA - Cr\u00e9ation Gojuryu Tremblay-en-France","src":"https:\/\/i0.wp.com\/www.gojuryu93.com\/wp-content\/uploads\/2016\/10\/stage-OshiroV3-212x300.jpg?resize=350%2C200","width":350,"height":200,"srcset":"https:\/\/i0.wp.com\/www.gojuryu93.com\/wp-content\/uploads\/2016\/10\/stage-OshiroV3-212x300.jpg?resize=350%2C200 1x, https:\/\/i0.wp.com\/www.gojuryu93.com\/wp-content\/uploads\/2016\/10\/stage-OshiroV3-212x300.jpg?resize=525%2C300 1.5x"},"classes":[]},{"id":1024,"url":"https:\/\/www.gojuryu93.com\/?p=1024","url_meta":{"origin":1332,"position":3},"title":"Stage Zene\u00ef Oshiro 2015","author":"Team-Goju","date":"18 juin 2015","format":false,"excerpt":"Nous avons eu le plaisir d\u2019accueillir dans notre dojo un stage expert f\u00e9d\u00e9ral avec Ma\u00eetre Zene\u00ef Oshiro au mois de mars 2015 organis\u00e9 en collaboration avec la Ligue 93. Retrouvez les photos de ce stage ci-dessous (Laisser le diaporama se charger). \u00a9 2015\u00a0 Stage Ligue 93 KDA - Cr\u00e9dit photo\u2026","rel":"","context":"Dans &quot;Stages&quot;","block_context":{"text":"Stages","link":"https:\/\/www.gojuryu93.com\/?cat=3"},"img":{"alt_text":"","src":"https:\/\/i0.wp.com\/www.gojuryu93.com\/wp-content\/uploads\/2015\/06\/Stage-Federal-Zenei-OSHIRO_21-03-2015__087-300x179.jpg?resize=350%2C200","width":350,"height":200,"srcset":"https:\/\/i0.wp.com\/www.gojuryu93.com\/wp-content\/uploads\/2015\/06\/Stage-Federal-Zenei-OSHIRO_21-03-2015__087-300x179.jpg?resize=350%2C200 1x, https:\/\/i0.wp.com\/www.gojuryu93.com\/wp-content\/uploads\/2015\/06\/Stage-Federal-Zenei-OSHIRO_21-03-2015__087-300x179.jpg?resize=525%2C300 1.5x"},"classes":[]},{"id":1732,"url":"https:\/\/www.gojuryu93.com\/?p=1732","url_meta":{"origin":1332,"position":4},"title":"Un tr\u00e8s beau stage f\u00e9d\u00e9ral de printemps avec Maitre Oshiro","author":"Team-Goju","date":"3 avril 2016","format":false,"excerpt":"Samedi 2 avril 2016 se d\u00e9roulait dans notre dojo de Tremblay-en-France un stage f\u00e9d\u00e9ral sous la direction de ma\u00eetre Oshiro. Cette ann\u00e9e le stage a rencontr\u00e9 de nouveau un vif succ\u00e8s aupr\u00e8s des licenci\u00e9s avec plus de 60 karat\u00e9kas venus de tous les clubs du d\u00e9partement\u00a0 et de toute l'Ile\u2026","rel":"","context":"Dans &quot;Stages&quot;","block_context":{"text":"Stages","link":"https:\/\/www.gojuryu93.com\/?cat=3"},"img":{"alt_text":"Stage F\u00e9d\u00e9ral Sense\u00efOshiro 2016","src":"https:\/\/i0.wp.com\/www.gojuryu93.com\/wp-content\/uploads\/2016\/04\/IMG_0836_1-300x122.jpg?resize=350%2C200","width":350,"height":200,"srcset":"https:\/\/i0.wp.com\/www.gojuryu93.com\/wp-content\/uploads\/2016\/04\/IMG_0836_1-300x122.jpg?resize=350%2C200 1x, https:\/\/i0.wp.com\/www.gojuryu93.com\/wp-content\/uploads\/2016\/04\/IMG_0836_1-300x122.jpg?resize=525%2C300 1.5x, https:\/\/i0.wp.com\/www.gojuryu93.com\/wp-content\/uploads\/2016\/04\/IMG_0836_1-300x122.jpg?resize=700%2C400 2x"},"classes":[]},{"id":2141,"url":"https:\/\/www.gojuryu93.com\/?p=2141","url_meta":{"origin":1332,"position":5},"title":"Invitation de nos instructeurs par la Ligue Camerounaise de Kendo &#8211; Kobudo","author":"Team-Goju","date":"7 novembre 2016","format":false,"excerpt":"Dans le cadre du partenariat entre le Karat\u00e9 Club de Tremblay et le Matayoshi Okinawa Kobudo de Sevran, nos instructeurs de la section Kobudo se sont rendu \u00e0 Yaound\u00e9 au Cameroun sous l'invitation de Mr Roger Feutse pr\u00e9sident de la FECA-KO-KEN (Ligue Camerounaise de Kendo - Kobudo). Ce stage b\u00e9n\u00e9vole\u2026","rel":"","context":"Dans &quot;Kobudo&quot;","block_context":{"text":"Kobudo","link":"https:\/\/www.gojuryu93.com\/?cat=6"},"img":{"alt_text":"\u00a9 2016 Caristan Isseri","src":"https:\/\/i0.wp.com\/www.gojuryu93.com\/wp-content\/uploads\/2016\/11\/Stage-Cameroun-2016_Net-217x300.jpg?resize=350%2C200","width":350,"height":200},"classes":[]}],"jetpack_sharing_enabled":true,"_links":{"self":[{"href":"https:\/\/www.gojuryu93.com\/index.php?rest_route=\/wp\/v2\/posts\/1332","targetHints":{"allow":["GET"]}}],"collection":[{"href":"https:\/\/www.gojuryu93.com\/index.php?rest_route=\/wp\/v2\/posts"}],"about":[{"href":"https:\/\/www.gojuryu93.com\/index.php?rest_route=\/wp\/v2\/types\/post"}],"author":[{"embeddable":true,"href":"https:\/\/www.gojuryu93.com\/index.php?rest_route=\/wp\/v2\/users\/1"}],"replies":[{"embeddable":true,"href":"https:\/\/www.gojuryu93.com\/index.php?rest_route=%2Fwp%2Fv2%2Fcomments&post=1332"}],"version-history":[{"count":0,"href":"https:\/\/www.gojuryu93.com\/index.php?rest_route=\/wp\/v2\/posts\/1332\/revisions"}],"wp:featuredmedia":[{"embeddable":true,"href":"https:\/\/www.gojuryu93.com\/index.php?rest_route=\/wp\/v2\/media\/1528"}],"wp:attachment":[{"href":"https:\/\/www.gojuryu93.com\/index.php?rest_route=%2Fwp%2Fv2%2Fmedia&parent=1332"}],"wp:term":[{"taxonomy":"category","embeddable":true,"href":"https:\/\/www.gojuryu93.com\/index.php?rest_route=%2Fwp%2Fv2%2Fcategories&post=1332"},{"taxonomy":"post_tag","embeddable":true,"href":"https:\/\/www.gojuryu93.com\/index.php?rest_route=%2Fwp%2Fv2%2Ftags&post=1332"}],"curies":[{"name":"wp","href":"https:\/\/api.w.org\/{rel}","templated":true}]}}