{"id":1634,"date":"2016-01-30T20:52:14","date_gmt":"2016-01-30T19:52:14","guid":{"rendered":"http:\/\/www.gojuryu93.com\/?p=1634"},"modified":"2016-03-06T21:55:55","modified_gmt":"2016-03-06T20:55:55","slug":"participation-exceptionnelle-lors-du-stage-bernard-bilicki-du-30-janvier-2016","status":"publish","type":"post","link":"https:\/\/www.gojuryu93.com\/?p=1634","title":{"rendered":"Participation exceptionnelle lors du stage Bernard Bilicki  du 30 janvier 2016"},"content":{"rendered":"<div>\n<div id=\"attachment_1633\" style=\"width: 858px\" class=\"wp-caption aligncenter\"><img data-recalc-dims=\"1\" loading=\"lazy\" decoding=\"async\" aria-describedby=\"caption-attachment-1633\" data-attachment-id=\"1633\" data-permalink=\"https:\/\/www.gojuryu93.com\/?attachment_id=1633\" data-orig-file=\"https:\/\/i0.wp.com\/www.gojuryu93.com\/wp-content\/uploads\/2016\/01\/Stage_Bilicki_012016_73.jpg?fit=1024%2C309&amp;ssl=1\" data-orig-size=\"1024,309\" data-comments-opened=\"0\" data-image-meta=\"{&quot;aperture&quot;:&quot;0&quot;,&quot;credit&quot;:&quot;&quot;,&quot;camera&quot;:&quot;&quot;,&quot;caption&quot;:&quot;&quot;,&quot;created_timestamp&quot;:&quot;0&quot;,&quot;copyright&quot;:&quot;&quot;,&quot;focal_length&quot;:&quot;0&quot;,&quot;iso&quot;:&quot;0&quot;,&quot;shutter_speed&quot;:&quot;0&quot;,&quot;title&quot;:&quot;&quot;,&quot;orientation&quot;:&quot;0&quot;}\" data-image-title=\"Stage_Bilicki_012016_73\" data-image-description=\"\" data-image-caption=\"\" data-large-file=\"https:\/\/i0.wp.com\/www.gojuryu93.com\/wp-content\/uploads\/2016\/01\/Stage_Bilicki_012016_73.jpg?fit=610%2C184&amp;ssl=1\" class=\"wp-image-1633\" src=\"https:\/\/i0.wp.com\/www.gojuryu93.com\/wp-content\/uploads\/2016\/01\/Stage_Bilicki_012016_73.jpg?resize=610%2C185\" alt=\"Stage_Bilicki_012016_73\" width=\"610\" height=\"185\" srcset=\"https:\/\/i0.wp.com\/www.gojuryu93.com\/wp-content\/uploads\/2016\/01\/Stage_Bilicki_012016_73.jpg?resize=300%2C91&amp;ssl=1 300w, https:\/\/i0.wp.com\/www.gojuryu93.com\/wp-content\/uploads\/2016\/01\/Stage_Bilicki_012016_73.jpg?w=1024&amp;ssl=1 1024w\" sizes=\"auto, (max-width: 610px) 100vw, 610px\" \/><p id=\"caption-attachment-1633\" class=\"wp-caption-text\">\u00a92016 Karat\u00e9 Club de Tremblay-en-France &#8211; Stage expert&nbsp; Bernard Bilicki 2016<\/p><\/div>\n<p><span style=\"font-size: 16px;\">Le 30 janvier 2016 se d\u00e9roulait dans le dojo de notre club, un stage expert f\u00e9d\u00e9ral organis\u00e9 par notre association avec le parrainage de la Ligue 93 de karat\u00e9&nbsp; et sous la direction de Bernard Bilicki expert f\u00e9d\u00e9ral 9 \u00e8me dan.<\/span><\/p>\n<\/div>\n<div><span style=\"font-size: 16px;\">Avec plus de 65 participants, ce stage a rencontr\u00e9 un vif succ\u00e8s aupr\u00e8s des personnes venant de divers horizons et disciplines de la grande famille des arts martiaux.<\/span><\/div>\n<div><span style=\"font-size: 16px;\">&nbsp;<\/span><\/div>\n<div><span style=\"font-size: 16px;\">A l&#8217;issue de ce stage tr\u00e8s sympathique&nbsp; et assidu, tous&nbsp; les participants se virent gratifi\u00e9s d&#8217;un dipl\u00f4me de stage sign\u00e9 par le ma\u00eetre et offert par le Karat\u00e9 Club Gojuryu de Tremblay-en-France.<\/span><\/div>\n<div><span style=\"font-size: 16px;\">&nbsp;<\/span><\/div>\n<div><span style=\"font-size: 16px;\">Retrouvez ci-dessous quelques images du stage avec l&#8217;autorisation et l&#8217;aimable participation du Ma\u00eetre.<\/span><\/div>\n<p>&nbsp;&nbsp;<\/p>\n<div style=\"text-align: center;\"><\/div>\n<\/div>\n","protected":false},"excerpt":{"rendered":"<p>Le 30 janvier 2016 se d\u00e9roulait dans le dojo de notre club, un stage expert f\u00e9d\u00e9ral organis\u00e9 par notre association avec le parrainage de la Ligue 93 de karat\u00e9&nbsp; et sous la direction de Bernard Bilicki expert f\u00e9d\u00e9ral 9 \u00e8me dan. Avec plus de 65 participants, ce stage a rencontr\u00e9 un vif succ\u00e8s aupr\u00e8s des [&hellip;]<\/p>\n","protected":false},"author":1,"featured_media":1633,"comment_status":"closed","ping_status":"closed","sticky":false,"template":"","format":"standard","meta":{"_exactmetrics_skip_tracking":false,"_exactmetrics_sitenote_active":false,"_exactmetrics_sitenote_note":"","_exactmetrics_sitenote_category":0,"ngg_post_thumbnail":0,"_jetpack_memberships_contains_paid_content":false,"footnotes":""},"categories":[3],"tags":[],"class_list":["post-1634","post","type-post","status-publish","format-standard","has-post-thumbnail","hentry","category-stages"],"jetpack_featured_media_url":"https:\/\/i0.wp.com\/www.gojuryu93.com\/wp-content\/uploads\/2016\/01\/Stage_Bilicki_012016_73.jpg?fit=1024%2C309&ssl=1","jetpack_shortlink":"https:\/\/wp.me\/p6TujZ-qm","jetpack-related-posts":[{"id":1332,"url":"https:\/\/www.gojuryu93.com\/?p=1332","url_meta":{"origin":1634,"position":0},"title":"STAGE EXPERT FEDERAL avec Bernard Bilicki","author":"Team-Goju","date":"2 d\u00e9cembre 2015","format":false,"excerpt":"Un Stage organis\u00e9 par le karat\u00e9 Club de Tremblay-en-France et s\u00e9lectionn\u00e9 par la commission des experts Karat\u00e9 et la ligue de Seine-Saint-Denis\u00a0 se d\u00e9roulera dans notre dojo des Cottages avec : Bernard BILICKI - Expert F\u00e9d\u00e9ral 9\u00e8me dan Le samedi 30 janvier 2016 de 9h00 \u00e0 12h00 Ce stage am\u00e8ne\u2026","rel":"","context":"Dans &quot;Actualit\u00e9s du club&quot;","block_context":{"text":"Actualit\u00e9s du club","link":"https:\/\/www.gojuryu93.com\/?cat=5"},"img":{"alt_text":"","src":"https:\/\/i0.wp.com\/www.gojuryu93.com\/wp-content\/uploads\/2015\/12\/stage_Bilicki_2016-212x300.jpg?resize=350%2C200","width":350,"height":200,"srcset":"https:\/\/i0.wp.com\/www.gojuryu93.com\/wp-content\/uploads\/2015\/12\/stage_Bilicki_2016-212x300.jpg?resize=350%2C200 1x, https:\/\/i0.wp.com\/www.gojuryu93.com\/wp-content\/uploads\/2015\/12\/stage_Bilicki_2016-212x300.jpg?resize=525%2C300 1.5x"},"classes":[]},{"id":1389,"url":"https:\/\/www.gojuryu93.com\/?p=1389","url_meta":{"origin":1634,"position":1},"title":"Stage F\u00e9d\u00e9ral Gratuit  &#8220;Karat\u00e9 d&#8217;Okinawa&#8221; avec Ma\u00eetre OSHIRO &#8211; 8 \u00e8me Dan","author":"Team-Goju","date":"19 d\u00e9cembre 2015","format":false,"excerpt":"\u00a0 Un Stage s\u00e9lectionn\u00e9 par la commission des experts Karat\u00e9 et la ligue de Seine-Saint-Denis\u00a0 se d\u00e9roulera dans notre dojo des Cottages avec : Ma\u00eetre ZENE\u00cf OSHIRO Expert F\u00e9d\u00e9ral 8\u00e8me Dan Samedi 2 avril 2016 de 9 h \u00e0 12 h Ce stage am\u00e8ne un point de bonification pour les\u2026","rel":"","context":"Dans &quot;Stages&quot;","block_context":{"text":"Stages","link":"https:\/\/www.gojuryu93.com\/?cat=3"},"img":{"alt_text":"","src":"https:\/\/i0.wp.com\/www.gojuryu93.com\/wp-content\/uploads\/2015\/12\/stage-Oshiro1-212x300-212x300.jpg?resize=350%2C200","width":350,"height":200},"classes":[]},{"id":1732,"url":"https:\/\/www.gojuryu93.com\/?p=1732","url_meta":{"origin":1634,"position":2},"title":"Un tr\u00e8s beau stage f\u00e9d\u00e9ral de printemps avec Maitre Oshiro","author":"Team-Goju","date":"3 avril 2016","format":false,"excerpt":"Samedi 2 avril 2016 se d\u00e9roulait dans notre dojo de Tremblay-en-France un stage f\u00e9d\u00e9ral sous la direction de ma\u00eetre Oshiro. Cette ann\u00e9e le stage a rencontr\u00e9 de nouveau un vif succ\u00e8s aupr\u00e8s des licenci\u00e9s avec plus de 60 karat\u00e9kas venus de tous les clubs du d\u00e9partement\u00a0 et de toute l'Ile\u2026","rel":"","context":"Dans &quot;Stages&quot;","block_context":{"text":"Stages","link":"https:\/\/www.gojuryu93.com\/?cat=3"},"img":{"alt_text":"Stage F\u00e9d\u00e9ral Sense\u00efOshiro 2016","src":"https:\/\/i0.wp.com\/www.gojuryu93.com\/wp-content\/uploads\/2016\/04\/IMG_0836_1-300x122.jpg?resize=350%2C200","width":350,"height":200,"srcset":"https:\/\/i0.wp.com\/www.gojuryu93.com\/wp-content\/uploads\/2016\/04\/IMG_0836_1-300x122.jpg?resize=350%2C200 1x, https:\/\/i0.wp.com\/www.gojuryu93.com\/wp-content\/uploads\/2016\/04\/IMG_0836_1-300x122.jpg?resize=525%2C300 1.5x, https:\/\/i0.wp.com\/www.gojuryu93.com\/wp-content\/uploads\/2016\/04\/IMG_0836_1-300x122.jpg?resize=700%2C400 2x"},"classes":[]},{"id":2368,"url":"https:\/\/www.gojuryu93.com\/?p=2368","url_meta":{"origin":1634,"position":3},"title":"Vous les attendiez : Images stage f\u00e9d\u00e9ral Novembre 2016","author":"Team-Goju","date":"2 d\u00e9cembre 2016","format":false,"excerpt":"Retrouvez les images du dernier stage f\u00e9d\u00e9ral qui s'est d\u00e9roul\u00e9 le 19 novembre 2016 au Dojo des Cottages. Disponible \u00e9galement sur le site du Comit\u00e9 Directeur KDA 93. \u00a0 Nous remercions Sense\u00ef Oshiro ainsi que la Ligue 93 KDA pour nous avoir permis de vous proposer ce stage f\u00e9d\u00e9ral. \u00a0\u2026","rel":"","context":"Dans &quot;Stages&quot;","block_context":{"text":"Stages","link":"https:\/\/www.gojuryu93.com\/?cat=3"},"img":{"alt_text":"stage_federal_oshiro_novembre_2016_0071","src":"https:\/\/i0.wp.com\/www.gojuryu93.com\/wp-content\/uploads\/2016\/12\/Stage_federal_Oshiro_novembre_2016_0071-300x149.jpg?resize=350%2C200","width":350,"height":200,"srcset":"https:\/\/i0.wp.com\/www.gojuryu93.com\/wp-content\/uploads\/2016\/12\/Stage_federal_Oshiro_novembre_2016_0071-300x149.jpg?resize=350%2C200 1x, https:\/\/i0.wp.com\/www.gojuryu93.com\/wp-content\/uploads\/2016\/12\/Stage_federal_Oshiro_novembre_2016_0071-300x149.jpg?resize=525%2C300 1.5x, https:\/\/i0.wp.com\/www.gojuryu93.com\/wp-content\/uploads\/2016\/12\/Stage_federal_Oshiro_novembre_2016_0071-300x149.jpg?resize=700%2C400 2x"},"classes":[]},{"id":2673,"url":"https:\/\/www.gojuryu93.com\/?p=2673","url_meta":{"origin":1634,"position":4},"title":"Stage F\u00e9d\u00e9ral \u00e0 Villepinte avec Serge CHOURAQUI expert f\u00e9d\u00e9ral 9\u00e8me Dan : 07 janvier 2017","author":"Team-Goju","date":"19 d\u00e9cembre 2016","format":false,"excerpt":"Le Comit\u00e9 d\u00e9partemental KDA 93 nous informe du prochain Stage F\u00e9d\u00e9ral avec Serge CHOURAQUI expert f\u00e9d\u00e9ral 9\u00e8me Dan. Le samedi 07 janvier de 16h \u00e0 18h \u00e0 Villepinte Gymnase Lamberdi\u00e8re, 1 avenue Jean Fourgeaud 93420 VILLEPINTE Candidats aux passages de dan ce stage vous donne droit \u00e0 un point de\u2026","rel":"","context":"Dans &quot;Stages&quot;","block_context":{"text":"Stages","link":"https:\/\/www.gojuryu93.com\/?cat=3"},"img":{"alt_text":"","src":"https:\/\/i0.wp.com\/www.gojuryu93.com\/wp-content\/uploads\/2016\/12\/Stage-chouraqui-724x1024-e1482259744912.jpg?resize=350%2C200","width":350,"height":200,"srcset":"https:\/\/i0.wp.com\/www.gojuryu93.com\/wp-content\/uploads\/2016\/12\/Stage-chouraqui-724x1024-e1482259744912.jpg?resize=350%2C200 1x, https:\/\/i0.wp.com\/www.gojuryu93.com\/wp-content\/uploads\/2016\/12\/Stage-chouraqui-724x1024-e1482259744912.jpg?resize=525%2C300 1.5x"},"classes":[]},{"id":1024,"url":"https:\/\/www.gojuryu93.com\/?p=1024","url_meta":{"origin":1634,"position":5},"title":"Stage Zene\u00ef Oshiro 2015","author":"Team-Goju","date":"18 juin 2015","format":false,"excerpt":"Nous avons eu le plaisir d\u2019accueillir dans notre dojo un stage expert f\u00e9d\u00e9ral avec Ma\u00eetre Zene\u00ef Oshiro au mois de mars 2015 organis\u00e9 en collaboration avec la Ligue 93. Retrouvez les photos de ce stage ci-dessous (Laisser le diaporama se charger). \u00a9 2015\u00a0 Stage Ligue 93 KDA - Cr\u00e9dit photo\u2026","rel":"","context":"Dans &quot;Stages&quot;","block_context":{"text":"Stages","link":"https:\/\/www.gojuryu93.com\/?cat=3"},"img":{"alt_text":"","src":"https:\/\/i0.wp.com\/www.gojuryu93.com\/wp-content\/uploads\/2015\/06\/Stage-Federal-Zenei-OSHIRO_21-03-2015__087-300x179.jpg?resize=350%2C200","width":350,"height":200,"srcset":"https:\/\/i0.wp.com\/www.gojuryu93.com\/wp-content\/uploads\/2015\/06\/Stage-Federal-Zenei-OSHIRO_21-03-2015__087-300x179.jpg?resize=350%2C200 1x, https:\/\/i0.wp.com\/www.gojuryu93.com\/wp-content\/uploads\/2015\/06\/Stage-Federal-Zenei-OSHIRO_21-03-2015__087-300x179.jpg?resize=525%2C300 1.5x"},"classes":[]}],"jetpack_sharing_enabled":true,"_links":{"self":[{"href":"https:\/\/www.gojuryu93.com\/index.php?rest_route=\/wp\/v2\/posts\/1634","targetHints":{"allow":["GET"]}}],"collection":[{"href":"https:\/\/www.gojuryu93.com\/index.php?rest_route=\/wp\/v2\/posts"}],"about":[{"href":"https:\/\/www.gojuryu93.com\/index.php?rest_route=\/wp\/v2\/types\/post"}],"author":[{"embeddable":true,"href":"https:\/\/www.gojuryu93.com\/index.php?rest_route=\/wp\/v2\/users\/1"}],"replies":[{"embeddable":true,"href":"https:\/\/www.gojuryu93.com\/index.php?rest_route=%2Fwp%2Fv2%2Fcomments&post=1634"}],"version-history":[{"count":0,"href":"https:\/\/www.gojuryu93.com\/index.php?rest_route=\/wp\/v2\/posts\/1634\/revisions"}],"wp:featuredmedia":[{"embeddable":true,"href":"https:\/\/www.gojuryu93.com\/index.php?rest_route=\/wp\/v2\/media\/1633"}],"wp:attachment":[{"href":"https:\/\/www.gojuryu93.com\/index.php?rest_route=%2Fwp%2Fv2%2Fmedia&parent=1634"}],"wp:term":[{"taxonomy":"category","embeddable":true,"href":"https:\/\/www.gojuryu93.com\/index.php?rest_route=%2Fwp%2Fv2%2Fcategories&post=1634"},{"taxonomy":"post_tag","embeddable":true,"href":"https:\/\/www.gojuryu93.com\/index.php?rest_route=%2Fwp%2Fv2%2Ftags&post=1634"}],"curies":[{"name":"wp","href":"https:\/\/api.w.org\/{rel}","templated":true}]}}