{"id":1702,"date":"2016-03-21T18:56:33","date_gmt":"2016-03-21T17:56:33","guid":{"rendered":"http:\/\/www.gojuryu93.com\/?p=1702"},"modified":"2016-03-27T16:25:34","modified_gmt":"2016-03-27T15:25:34","slug":"coupe-de-france-karate-goju-ryu-2016-bravo-a-nos-competitrices","status":"publish","type":"post","link":"https:\/\/www.gojuryu93.com\/?p=1702","title":{"rendered":"Coupe de France Karat\u00e9 Goju-Ryu 2016 : Bravo \u00e0 nos comp\u00e9titrices"},"content":{"rendered":"<div id=\"attachment_1704\" style=\"width: 349px\" class=\"wp-caption aligncenter\"><img data-recalc-dims=\"1\" loading=\"lazy\" decoding=\"async\" aria-describedby=\"caption-attachment-1704\" data-attachment-id=\"1704\" data-permalink=\"https:\/\/www.gojuryu93.com\/?attachment_id=1704\" data-orig-file=\"https:\/\/i0.wp.com\/www.gojuryu93.com\/wp-content\/uploads\/2016\/03\/montage-Coupe-de-France-2016_1-e1458583255137.jpg?fit=212%2C300&amp;ssl=1\" data-orig-size=\"212,300\" data-comments-opened=\"0\" data-image-meta=\"{&quot;aperture&quot;:&quot;0&quot;,&quot;credit&quot;:&quot;&quot;,&quot;camera&quot;:&quot;&quot;,&quot;caption&quot;:&quot;&quot;,&quot;created_timestamp&quot;:&quot;0&quot;,&quot;copyright&quot;:&quot;&quot;,&quot;focal_length&quot;:&quot;0&quot;,&quot;iso&quot;:&quot;0&quot;,&quot;shutter_speed&quot;:&quot;0&quot;,&quot;title&quot;:&quot;&quot;,&quot;orientation&quot;:&quot;0&quot;}\" data-image-title=\"montage Coupe de France 2016_1\" data-image-description=\"\" data-image-caption=\"&lt;p&gt;Coupe de France Gojuryu 2016 &lt;\/p&gt;\n\" data-large-file=\"https:\/\/i0.wp.com\/www.gojuryu93.com\/wp-content\/uploads\/2016\/03\/montage-Coupe-de-France-2016_1-e1458583255137.jpg?fit=212%2C300&amp;ssl=1\" class=\"wp-image-1704\" src=\"https:\/\/i0.wp.com\/www.gojuryu93.com\/wp-content\/uploads\/2016\/03\/montage-Coupe-de-France-2016_1.jpg?resize=339%2C479\" alt=\"Coupe de France Gojuryu 2016 \" width=\"339\" height=\"479\" \/><p id=\"caption-attachment-1704\" class=\"wp-caption-text\">\u00a9 FFKDA &#8211; Denis Boulanger &#8211; Coupe de France Goju-ryu 2016<\/p><\/div>\n<p>Le jour du Printemps, dimanche 20 mars 2016, se d\u00e9roulait au Gymnase L\u00e9o LAGRANGE (Paris 12<sup>\u00e8me<\/sup>) la Coupe de France de karat\u00e9 Goju-Ryu.<\/p>\n<p>Nos comp\u00e9titrices s&#8217;y sont illustr\u00e9es avec une moisson de m\u00e9dailles dans leurs cat\u00e9gories respectives :<\/p>\n<p><img data-recalc-dims=\"1\" loading=\"lazy\" decoding=\"async\" data-attachment-id=\"1709\" data-permalink=\"https:\/\/www.gojuryu93.com\/?attachment_id=1709\" data-orig-file=\"https:\/\/i0.wp.com\/www.gojuryu93.com\/wp-content\/uploads\/2016\/03\/20130323_174941.jpg?fit=800%2C489&amp;ssl=1\" data-orig-size=\"800,489\" data-comments-opened=\"0\" data-image-meta=\"{&quot;aperture&quot;:&quot;0&quot;,&quot;credit&quot;:&quot;&quot;,&quot;camera&quot;:&quot;&quot;,&quot;caption&quot;:&quot;&quot;,&quot;created_timestamp&quot;:&quot;0&quot;,&quot;copyright&quot;:&quot;&quot;,&quot;focal_length&quot;:&quot;0&quot;,&quot;iso&quot;:&quot;0&quot;,&quot;shutter_speed&quot;:&quot;0&quot;,&quot;title&quot;:&quot;&quot;,&quot;orientation&quot;:&quot;0&quot;}\" data-image-title=\"20130323_174941\" data-image-description=\"\" data-image-caption=\"\" data-large-file=\"https:\/\/i0.wp.com\/www.gojuryu93.com\/wp-content\/uploads\/2016\/03\/20130323_174941.jpg?fit=610%2C373&amp;ssl=1\" class=\"aligncenter  wp-image-1709\" src=\"https:\/\/i0.wp.com\/www.gojuryu93.com\/wp-content\/uploads\/2016\/03\/20130323_174941.jpg?resize=574%2C350\" alt=\"20130323_174941\" width=\"574\" height=\"350\" srcset=\"https:\/\/i0.wp.com\/www.gojuryu93.com\/wp-content\/uploads\/2016\/03\/20130323_174941.jpg?resize=300%2C183&amp;ssl=1 300w, https:\/\/i0.wp.com\/www.gojuryu93.com\/wp-content\/uploads\/2016\/03\/20130323_174941.jpg?w=800&amp;ssl=1 800w\" sizes=\"auto, (max-width: 574px) 100vw, 574px\" \/><img data-recalc-dims=\"1\" loading=\"lazy\" decoding=\"async\" data-attachment-id=\"1711\" data-permalink=\"https:\/\/www.gojuryu93.com\/?attachment_id=1711\" data-orig-file=\"https:\/\/i0.wp.com\/www.gojuryu93.com\/wp-content\/uploads\/2016\/03\/20130323_175035_03.jpg?fit=593%2C800&amp;ssl=1\" data-orig-size=\"593,800\" data-comments-opened=\"0\" data-image-meta=\"{&quot;aperture&quot;:&quot;0&quot;,&quot;credit&quot;:&quot;&quot;,&quot;camera&quot;:&quot;&quot;,&quot;caption&quot;:&quot;&quot;,&quot;created_timestamp&quot;:&quot;0&quot;,&quot;copyright&quot;:&quot;&quot;,&quot;focal_length&quot;:&quot;0&quot;,&quot;iso&quot;:&quot;0&quot;,&quot;shutter_speed&quot;:&quot;0&quot;,&quot;title&quot;:&quot;&quot;,&quot;orientation&quot;:&quot;0&quot;}\" data-image-title=\"20130323_175035_03\" data-image-description=\"\" data-image-caption=\"\" data-large-file=\"https:\/\/i0.wp.com\/www.gojuryu93.com\/wp-content\/uploads\/2016\/03\/20130323_175035_03.jpg?fit=593%2C800&amp;ssl=1\" class=\"aligncenter  wp-image-1711\" src=\"https:\/\/i0.wp.com\/www.gojuryu93.com\/wp-content\/uploads\/2016\/03\/20130323_175035_03.jpg?resize=347%2C469\" alt=\"20130323_175035_03\" width=\"347\" height=\"469\" srcset=\"https:\/\/i0.wp.com\/www.gojuryu93.com\/wp-content\/uploads\/2016\/03\/20130323_175035_03.jpg?resize=222%2C300&amp;ssl=1 222w, https:\/\/i0.wp.com\/www.gojuryu93.com\/wp-content\/uploads\/2016\/03\/20130323_175035_03.jpg?w=593&amp;ssl=1 593w\" sizes=\"auto, (max-width: 347px) 100vw, 347px\" \/> <img data-recalc-dims=\"1\" loading=\"lazy\" decoding=\"async\" data-attachment-id=\"1712\" data-permalink=\"https:\/\/www.gojuryu93.com\/?attachment_id=1712\" data-orig-file=\"https:\/\/i0.wp.com\/www.gojuryu93.com\/wp-content\/uploads\/2016\/03\/20130323_175328.jpg?fit=800%2C485&amp;ssl=1\" data-orig-size=\"800,485\" data-comments-opened=\"0\" data-image-meta=\"{&quot;aperture&quot;:&quot;0&quot;,&quot;credit&quot;:&quot;&quot;,&quot;camera&quot;:&quot;&quot;,&quot;caption&quot;:&quot;&quot;,&quot;created_timestamp&quot;:&quot;0&quot;,&quot;copyright&quot;:&quot;&quot;,&quot;focal_length&quot;:&quot;0&quot;,&quot;iso&quot;:&quot;0&quot;,&quot;shutter_speed&quot;:&quot;0&quot;,&quot;title&quot;:&quot;&quot;,&quot;orientation&quot;:&quot;0&quot;}\" data-image-title=\"20130323_175328\" data-image-description=\"\" data-image-caption=\"\" data-large-file=\"https:\/\/i0.wp.com\/www.gojuryu93.com\/wp-content\/uploads\/2016\/03\/20130323_175328.jpg?fit=610%2C370&amp;ssl=1\" class=\"aligncenter  wp-image-1712\" src=\"https:\/\/i0.wp.com\/www.gojuryu93.com\/wp-content\/uploads\/2016\/03\/20130323_175328.jpg?resize=571%2C346\" alt=\"20130323_175328\" width=\"571\" height=\"346\" srcset=\"https:\/\/i0.wp.com\/www.gojuryu93.com\/wp-content\/uploads\/2016\/03\/20130323_175328.jpg?resize=300%2C182&amp;ssl=1 300w, https:\/\/i0.wp.com\/www.gojuryu93.com\/wp-content\/uploads\/2016\/03\/20130323_175328.jpg?w=800&amp;ssl=1 800w\" sizes=\"auto, (max-width: 571px) 100vw, 571px\" \/><\/p>\n<p>&nbsp;<\/p>\n<ul>\n<li>M\u00e9dailles d&#8217;Or pour Nikita, Assia et Nesrine,<\/li>\n<li>M\u00e9daille d&#8217;Argent pour Leslie,<\/li>\n<li>M\u00e9daille de Bronze pour C\u00e9lia.<\/li>\n<\/ul>\n<p>F\u00e9licitations \u00e0 toutes !<\/p>\n<p>Retrouvez la galerie photo de l&#8217;\u00e9v\u00e9nement par Denis Boulanger Photographe de la FFKDA sur <strong><a href=\"http:\/\/www.ffkarate.fr\/photos\/coupe-de-france-de-karate-gojo-ryu-2016\/\" target=\"_blank\">la page officielle de la FFKDA.<\/a><\/strong><\/p>\n","protected":false},"excerpt":{"rendered":"<p>Le jour du Printemps, dimanche 20 mars 2016, se d\u00e9roulait au Gymnase L\u00e9o LAGRANGE (Paris 12\u00e8me) la Coupe de France de karat\u00e9 Goju-Ryu. Nos comp\u00e9titrices s&#8217;y sont illustr\u00e9es avec une moisson de m\u00e9dailles dans leurs cat\u00e9gories respectives : &nbsp; M\u00e9dailles d&#8217;Or pour Nikita, Assia et Nesrine, M\u00e9daille d&#8217;Argent pour Leslie, M\u00e9daille de Bronze pour C\u00e9lia. [&hellip;]<\/p>\n","protected":false},"author":1,"featured_media":1704,"comment_status":"closed","ping_status":"closed","sticky":false,"template":"","format":"standard","meta":{"_exactmetrics_skip_tracking":false,"_exactmetrics_sitenote_active":false,"_exactmetrics_sitenote_note":"","_exactmetrics_sitenote_category":0,"ngg_post_thumbnail":0,"_jetpack_memberships_contains_paid_content":false,"footnotes":""},"categories":[4],"tags":[],"class_list":["post-1702","post","type-post","status-publish","format-standard","has-post-thumbnail","hentry","category-competitions"],"jetpack_featured_media_url":"https:\/\/i0.wp.com\/www.gojuryu93.com\/wp-content\/uploads\/2016\/03\/montage-Coupe-de-France-2016_1-e1458583255137.jpg?fit=212%2C300&ssl=1","jetpack_shortlink":"https:\/\/wp.me\/p6TujZ-rs","jetpack-related-posts":[{"id":2943,"url":"https:\/\/www.gojuryu93.com\/?p=2943","url_meta":{"origin":1702,"position":0},"title":"Coupe de France Karat\u00e9 Goju-Ryu \/ Kobudo &#8211; Gymnase L\u00e9o LAGRANGE (Paris 12\u00e8me) &#8211; Samedi 25 mars 2017","author":"Team-Goju","date":"23 f\u00e9vrier 2017","format":false,"excerpt":"Prochainement : Coupe de France Karat\u00e9 Goju-Ryu \/ Kobudo - Samedi 25 mars 2017 Les comp\u00e9titeurs du club d\u00e9sirant participer \u00e0 la Coupe de France de Karat\u00e9 Gojuyu sont invit\u00e9s \u00e0 se faire connaitre aupr\u00e8s des professeurs afin de proc\u00e9der \u00e0 leur inscriptions.","rel":"","context":"Dans &quot;Actualit\u00e9s du club&quot;","block_context":{"text":"Actualit\u00e9s du club","link":"https:\/\/www.gojuryu93.com\/?cat=5"},"img":{"alt_text":"","src":"https:\/\/i0.wp.com\/www.gojuryu93.com\/wp-content\/uploads\/2017\/02\/Cp_GojuRyu-Kobudo_250320017_Prog-e1487855128783.png?fit=200%2C283&ssl=1&resize=350%2C200","width":350,"height":200},"classes":[]},{"id":2123,"url":"https:\/\/www.gojuryu93.com\/?p=2123","url_meta":{"origin":1702,"position":1},"title":"Stage f\u00e9d\u00e9ral gratuit \u00e0 Tremblay-en-France : Samedi 19 Novembre 2016","author":"Team-Goju","date":"5 octobre 2016","format":false,"excerpt":"Pour le d\u00e9but de la nouvelle saison 2016-2017, la Ligue 93 de la FFKDA en partenariat avec le Club\u00a0 de karat\u00e9 Goju-ryu de Tremblay-en-France organise un stage f\u00e9d\u00e9ral gratuit le samedi 19 novembre 2016\u00a0 dirig\u00e9 par Ma\u00eetre OSHIRO dans le dojo des Cottages de Tremblay-en-France. Ce stage permettra d'obtenir un\u2026","rel":"","context":"Dans &quot;Stages&quot;","block_context":{"text":"Stages","link":"https:\/\/www.gojuryu93.com\/?cat=3"},"img":{"alt_text":"\u00a9 2016 Ligue 93 FFKDA - Cr\u00e9ation Gojuryu Tremblay-en-France","src":"https:\/\/i0.wp.com\/www.gojuryu93.com\/wp-content\/uploads\/2016\/10\/stage-OshiroV3-212x300.jpg?resize=350%2C200","width":350,"height":200,"srcset":"https:\/\/i0.wp.com\/www.gojuryu93.com\/wp-content\/uploads\/2016\/10\/stage-OshiroV3-212x300.jpg?resize=350%2C200 1x, https:\/\/i0.wp.com\/www.gojuryu93.com\/wp-content\/uploads\/2016\/10\/stage-OshiroV3-212x300.jpg?resize=525%2C300 1.5x"},"classes":[]},{"id":1332,"url":"https:\/\/www.gojuryu93.com\/?p=1332","url_meta":{"origin":1702,"position":2},"title":"STAGE EXPERT FEDERAL avec Bernard Bilicki","author":"Team-Goju","date":"2 d\u00e9cembre 2015","format":false,"excerpt":"Un Stage organis\u00e9 par le karat\u00e9 Club de Tremblay-en-France et s\u00e9lectionn\u00e9 par la commission des experts Karat\u00e9 et la ligue de Seine-Saint-Denis\u00a0 se d\u00e9roulera dans notre dojo des Cottages avec : Bernard BILICKI - Expert F\u00e9d\u00e9ral 9\u00e8me dan Le samedi 30 janvier 2016 de 9h00 \u00e0 12h00 Ce stage am\u00e8ne\u2026","rel":"","context":"Dans &quot;Actualit\u00e9s du club&quot;","block_context":{"text":"Actualit\u00e9s du club","link":"https:\/\/www.gojuryu93.com\/?cat=5"},"img":{"alt_text":"","src":"https:\/\/i0.wp.com\/www.gojuryu93.com\/wp-content\/uploads\/2015\/12\/stage_Bilicki_2016-212x300.jpg?resize=350%2C200","width":350,"height":200,"srcset":"https:\/\/i0.wp.com\/www.gojuryu93.com\/wp-content\/uploads\/2015\/12\/stage_Bilicki_2016-212x300.jpg?resize=350%2C200 1x, https:\/\/i0.wp.com\/www.gojuryu93.com\/wp-content\/uploads\/2015\/12\/stage_Bilicki_2016-212x300.jpg?resize=525%2C300 1.5x"},"classes":[]},{"id":2182,"url":"https:\/\/www.gojuryu93.com\/?p=2182","url_meta":{"origin":1702,"position":3},"title":"Dimanche 11 d\u00e9cembre 2016 : La journ\u00e9e des parents et amis","author":"Team-Goju","date":"24 novembre 2016","format":false,"excerpt":"\u00a0Comme chaque ann\u00e9e le Karat\u00e9 Club de Tremblay-en-France organise une journ\u00e9e portes ouvertes r\u00e9serv\u00e9e aux parents et amis des adh\u00e9rents du Club afin qu'il d\u00e9couvrent la karat\u00e9 Goju-ryu et le travail effectu\u00e9 par les adh\u00e9rents. Retrouvons-nous Dimanche 11 d\u00e9cembre 2016 au Dojo Thierry Ngninteng, Avenue de la r\u00e9sistance (\u00e0 c\u00f4t\u00e9\u2026","rel":"","context":"Dans &quot;Portes ouvertes&quot;","block_context":{"text":"Portes ouvertes","link":"https:\/\/www.gojuryu93.com\/?cat=7"},"img":{"alt_text":"2016-portes-ouvertes","src":"https:\/\/i0.wp.com\/www.gojuryu93.com\/wp-content\/uploads\/2016\/11\/2016-portes-ouvertes-212x300.png?resize=350%2C200","width":350,"height":200,"srcset":"https:\/\/i0.wp.com\/www.gojuryu93.com\/wp-content\/uploads\/2016\/11\/2016-portes-ouvertes-212x300.png?resize=350%2C200 1x, https:\/\/i0.wp.com\/www.gojuryu93.com\/wp-content\/uploads\/2016\/11\/2016-portes-ouvertes-212x300.png?resize=525%2C300 1.5x, https:\/\/i0.wp.com\/www.gojuryu93.com\/wp-content\/uploads\/2016\/11\/2016-portes-ouvertes-212x300.png?resize=700%2C400 2x"},"classes":[]},{"id":1389,"url":"https:\/\/www.gojuryu93.com\/?p=1389","url_meta":{"origin":1702,"position":4},"title":"Stage F\u00e9d\u00e9ral Gratuit  &#8220;Karat\u00e9 d&#8217;Okinawa&#8221; avec Ma\u00eetre OSHIRO &#8211; 8 \u00e8me Dan","author":"Team-Goju","date":"19 d\u00e9cembre 2015","format":false,"excerpt":"\u00a0 Un Stage s\u00e9lectionn\u00e9 par la commission des experts Karat\u00e9 et la ligue de Seine-Saint-Denis\u00a0 se d\u00e9roulera dans notre dojo des Cottages avec : Ma\u00eetre ZENE\u00cf OSHIRO Expert F\u00e9d\u00e9ral 8\u00e8me Dan Samedi 2 avril 2016 de 9 h \u00e0 12 h Ce stage am\u00e8ne un point de bonification pour les\u2026","rel":"","context":"Dans &quot;Stages&quot;","block_context":{"text":"Stages","link":"https:\/\/www.gojuryu93.com\/?cat=3"},"img":{"alt_text":"","src":"https:\/\/i0.wp.com\/www.gojuryu93.com\/wp-content\/uploads\/2015\/12\/stage-Oshiro1-212x300-212x300.jpg?resize=350%2C200","width":350,"height":200},"classes":[]},{"id":1966,"url":"https:\/\/www.gojuryu93.com\/?p=1966","url_meta":{"origin":1702,"position":5},"title":"Participation du Karat\u00e9 Club de Tremblay \u00e0 la Soir\u00e9e des Arts Martiaux de Juilly","author":"Team-Goju","date":"3 juin 2016","format":false,"excerpt":"\u00a0 Le Club de Karat\u00e9 de Tremblay en France participera \u00e0 la \"Soir\u00e9e\u00a0 des arts martiaux\" de Juilly en effectuant des d\u00e9monstrations de karat\u00e9\u00a0 Goju-ryu et de Kobudo. Nous invitons cordialement tous nos adh\u00e9rents, leurs parents et amis\u00a0 \u00e0 se rendre \u00e0 ce spectacle pour encourager les participants de notre\u2026","rel":"","context":"Dans &quot;Actualit\u00e9s du club&quot;","block_context":{"text":"Actualit\u00e9s du club","link":"https:\/\/www.gojuryu93.com\/?cat=5"},"img":{"alt_text":"Nuit arts martiaux 2016","src":"https:\/\/i0.wp.com\/www.gojuryu93.com\/wp-content\/uploads\/2016\/06\/Nuit-arts-martiaux-2016-2-300x169.jpg?resize=350%2C200","width":350,"height":200,"srcset":"https:\/\/i0.wp.com\/www.gojuryu93.com\/wp-content\/uploads\/2016\/06\/Nuit-arts-martiaux-2016-2-300x169.jpg?resize=350%2C200 1x, https:\/\/i0.wp.com\/www.gojuryu93.com\/wp-content\/uploads\/2016\/06\/Nuit-arts-martiaux-2016-2-300x169.jpg?resize=525%2C300 1.5x, https:\/\/i0.wp.com\/www.gojuryu93.com\/wp-content\/uploads\/2016\/06\/Nuit-arts-martiaux-2016-2-300x169.jpg?resize=700%2C400 2x"},"classes":[]}],"jetpack_sharing_enabled":true,"_links":{"self":[{"href":"https:\/\/www.gojuryu93.com\/index.php?rest_route=\/wp\/v2\/posts\/1702","targetHints":{"allow":["GET"]}}],"collection":[{"href":"https:\/\/www.gojuryu93.com\/index.php?rest_route=\/wp\/v2\/posts"}],"about":[{"href":"https:\/\/www.gojuryu93.com\/index.php?rest_route=\/wp\/v2\/types\/post"}],"author":[{"embeddable":true,"href":"https:\/\/www.gojuryu93.com\/index.php?rest_route=\/wp\/v2\/users\/1"}],"replies":[{"embeddable":true,"href":"https:\/\/www.gojuryu93.com\/index.php?rest_route=%2Fwp%2Fv2%2Fcomments&post=1702"}],"version-history":[{"count":0,"href":"https:\/\/www.gojuryu93.com\/index.php?rest_route=\/wp\/v2\/posts\/1702\/revisions"}],"wp:featuredmedia":[{"embeddable":true,"href":"https:\/\/www.gojuryu93.com\/index.php?rest_route=\/wp\/v2\/media\/1704"}],"wp:attachment":[{"href":"https:\/\/www.gojuryu93.com\/index.php?rest_route=%2Fwp%2Fv2%2Fmedia&parent=1702"}],"wp:term":[{"taxonomy":"category","embeddable":true,"href":"https:\/\/www.gojuryu93.com\/index.php?rest_route=%2Fwp%2Fv2%2Fcategories&post=1702"},{"taxonomy":"post_tag","embeddable":true,"href":"https:\/\/www.gojuryu93.com\/index.php?rest_route=%2Fwp%2Fv2%2Ftags&post=1702"}],"curies":[{"name":"wp","href":"https:\/\/api.w.org\/{rel}","templated":true}]}}