{"id":1966,"date":"2016-06-03T11:30:37","date_gmt":"2016-06-03T10:30:37","guid":{"rendered":"http:\/\/www.gojuryu93.com\/?p=1966"},"modified":"2016-06-03T20:57:52","modified_gmt":"2016-06-03T19:57:52","slug":"participation-du-karate-club-de-tremblay-a-la-soiree-des-arts-martiaux-de-juilly","status":"publish","type":"post","link":"https:\/\/www.gojuryu93.com\/?p=1966","title":{"rendered":"Participation du Karat\u00e9 Club de Tremblay \u00e0 la Soir\u00e9e des Arts Martiaux de Juilly"},"content":{"rendered":"<p><img data-recalc-dims=\"1\" loading=\"lazy\" decoding=\"async\" data-attachment-id=\"1993\" data-permalink=\"https:\/\/www.gojuryu93.com\/?attachment_id=1993\" data-orig-file=\"https:\/\/i0.wp.com\/www.gojuryu93.com\/wp-content\/uploads\/2016\/06\/Nuit-arts-martiaux-2016-2-e1464983678716.jpg?fit=200%2C112&amp;ssl=1\" data-orig-size=\"200,112\" data-comments-opened=\"0\" data-image-meta=\"{&quot;aperture&quot;:&quot;0&quot;,&quot;credit&quot;:&quot;&quot;,&quot;camera&quot;:&quot;&quot;,&quot;caption&quot;:&quot;&quot;,&quot;created_timestamp&quot;:&quot;0&quot;,&quot;copyright&quot;:&quot;&quot;,&quot;focal_length&quot;:&quot;0&quot;,&quot;iso&quot;:&quot;0&quot;,&quot;shutter_speed&quot;:&quot;0&quot;,&quot;title&quot;:&quot;&quot;,&quot;orientation&quot;:&quot;1&quot;}\" data-image-title=\"Nuit arts martiaux 2016\" data-image-description=\"\" data-image-caption=\"\" data-large-file=\"https:\/\/i0.wp.com\/www.gojuryu93.com\/wp-content\/uploads\/2016\/06\/Nuit-arts-martiaux-2016-2-e1464983678716.jpg?fit=200%2C112&amp;ssl=1\" class=\"aligncenter  wp-image-1993\" src=\"https:\/\/i0.wp.com\/www.gojuryu93.com\/wp-content\/uploads\/2016\/06\/Nuit-arts-martiaux-2016-2.jpg?resize=610%2C344\" alt=\"Nuit arts martiaux 2016\" width=\"610\" height=\"344\" \/><\/p>\n<p>&nbsp;<\/p>\n<p>Le Club de Karat\u00e9 de Tremblay en France participera \u00e0 la &#8220;Soir\u00e9e\u00a0 des arts martiaux&#8221; de Juilly en effectuant des d\u00e9monstrations de karat\u00e9\u00a0 Goju-ryu et de Kobudo.<\/p>\n<p>Nous invitons cordialement tous nos adh\u00e9rents, leurs parents et amis\u00a0 \u00e0 se rendre \u00e0 ce spectacle pour encourager les participants de notre club.<\/p>\n<p>Rendez-vous samedi 11 juin 2016 \u00e0 partir de 18 heures pour les participants aux d\u00e9monstrations.<\/p>\n<p>D\u00e9but du spectacle 19 heures.<\/p>\n<p>Au programme des d\u00e9monstrations :<\/p>\n<ul style=\"list-style-type: circle;\">\n<li>Chambara, enfants et adultes.<\/li>\n<li>Kobudo, enfants et adultes.<\/li>\n<li>Kyokshin, enfants et adultes.<\/li>\n<li>Self d\u00e9fenses adultes.<\/li>\n<li>Sabre &#8211; D\u00e9monstration de Ma\u00eetre Kim Sante.<\/li>\n<li>Karat\u00e9 enfants clubs de Juilly et Tremblay.<\/li>\n<li>Karat\u00e9 adultes.<\/li>\n<li>Taekwondo enfants et adultes.<\/li>\n<li>D\u00e9monstrations de casse.<\/li>\n<\/ul>\n<p>&nbsp;<\/p>\n<p style=\"text-align: center;\"><span style=\"font-size: 28px;\"><strong>Avec la participation exceptionnelle de Ma\u00eetre Kim Sante venant de Cor\u00e9e .<\/strong><\/span><\/p>\n<p>Lieu:<\/p>\n<p style=\"text-align: center;\"><strong><span style=\"font-size: 20px;\"> Maison des Sports de Juilly , rue des M\u00e9sanges &#8211; 77 230 Juilly<\/span><\/strong><\/p>\n<p style=\"text-align: center;\"><span style=\"font-size: 32px;\"><strong>Soir\u00e9e des Arts Martiaux<\/strong><\/span><\/p>\n<p style=\"text-align: center;\"><span style=\"font-size: 20px;\"><strong>Samedi 11 Juin 2016<\/strong><\/span><\/p>\n<p style=\"text-align: center;\"><span style=\"font-size: 20px;\"><strong>Arriv\u00e9e des participant 18 heures.<\/strong><\/span><\/p>\n<p style=\"text-align: center;\"><span style=\"font-size: 20px;\"><strong>D\u00e9monstrations \u00e0 partir de 19 heures.<\/strong><\/span><\/p>\n<p style=\"text-align: center;\"><span style=\"font-size: 28px;\"><strong>ENTR\u00c9E GRATUITE<\/strong><\/span><\/p>\n<p><center><div class=\"aio-button\"><div class=\"aio-pulse\"><a href=\"http:\/\/www.taekwondo-moussy-juilly.fr\/programme.html\" class=\"aio-blue\" title=\"Programme de la soir\u00e9e\"><i class=\"glyphicons glyphicons-target\"><\/i>Programme de la soir\u00e9e<\/a><\/div><\/div><\/center>&nbsp;<\/p>\n","protected":false},"excerpt":{"rendered":"<p>&nbsp; Le Club de Karat\u00e9 de Tremblay en France participera \u00e0 la &#8220;Soir\u00e9e\u00a0 des arts martiaux&#8221; de Juilly en effectuant des d\u00e9monstrations de karat\u00e9\u00a0 Goju-ryu et de Kobudo. Nous invitons cordialement tous nos adh\u00e9rents, leurs parents et amis\u00a0 \u00e0 se rendre \u00e0 ce spectacle pour encourager les participants de notre club. Rendez-vous samedi 11 juin [&hellip;]<\/p>\n","protected":false},"author":1,"featured_media":0,"comment_status":"closed","ping_status":"closed","sticky":false,"template":"","format":"standard","meta":{"_exactmetrics_skip_tracking":false,"_exactmetrics_sitenote_active":false,"_exactmetrics_sitenote_note":"","_exactmetrics_sitenote_category":0,"ngg_post_thumbnail":0,"_jetpack_memberships_contains_paid_content":false,"footnotes":""},"categories":[5],"tags":[],"class_list":["post-1966","post","type-post","status-publish","format-standard","hentry","category-actualites-du-club"],"jetpack_featured_media_url":"","jetpack_shortlink":"https:\/\/wp.me\/p6TujZ-vI","jetpack-related-posts":[{"id":3037,"url":"https:\/\/www.gojuryu93.com\/?p=3037","url_meta":{"origin":1966,"position":0},"title":"Soir\u00e9e des arts martiaux &#8211; le 13 mai 2017","author":"Team-Goju","date":"30 avril 2017","format":false,"excerpt":"\u00a0 Samedi 13 mai 2017\u00a0 \u00e0 partir de 18 heures, le Karat\u00e9 Club de Tremblay-en-France proposera des d\u00e9monstration de karat\u00e9 et de Kobudo lors de la Nuit des Arts Martiaux organis\u00e9e par le TSK de la Go\u00eble de JUILLY . Au programme, d\u00e9monstrations de Taekwondo, Karat\u00e9, self-d\u00e9fense par les clubs\u2026","rel":"","context":"Dans &quot;Actualit\u00e9s du club&quot;","block_context":{"text":"Actualit\u00e9s du club","link":"https:\/\/www.gojuryu93.com\/?cat=5"},"img":{"alt_text":"","src":"https:\/\/i0.wp.com\/www.gojuryu93.com\/wp-content\/uploads\/2017\/04\/promo-soir%C3%A9e-des-arts-martiaux-300x300.png?resize=350%2C200","width":350,"height":200,"srcset":"https:\/\/i0.wp.com\/www.gojuryu93.com\/wp-content\/uploads\/2017\/04\/promo-soir%C3%A9e-des-arts-martiaux-300x300.png?resize=350%2C200 1x, https:\/\/i0.wp.com\/www.gojuryu93.com\/wp-content\/uploads\/2017\/04\/promo-soir%C3%A9e-des-arts-martiaux-300x300.png?resize=525%2C300 1.5x, https:\/\/i0.wp.com\/www.gojuryu93.com\/wp-content\/uploads\/2017\/04\/promo-soir%C3%A9e-des-arts-martiaux-300x300.png?resize=700%2C400 2x"},"classes":[]},{"id":3069,"url":"https:\/\/www.gojuryu93.com\/?p=3069","url_meta":{"origin":1966,"position":1},"title":"Festival de la nuit des arts martiaux vos rendez-vous de la soir\u00e9e","author":"Team-Goju","date":"11 mai 2017","format":false,"excerpt":"Rappel : Le 13 mai 2017 \u00e0 19 h30 se d\u00e9roulera le Festival de la nuit des arts martiaux \u00e0 Juilly dans le 77 au Gymnase de la rue des M\u00e9sanges. Le programme d\u00e9finitif nous est parvenu, il se composera de d\u00e9monstrations de : \u00c9quipe de France de Taekwondo -\u2026","rel":"","context":"Dans &quot;Actualit\u00e9s du club&quot;","block_context":{"text":"Actualit\u00e9s du club","link":"https:\/\/www.gojuryu93.com\/?cat=5"},"img":{"alt_text":"","src":"https:\/\/i0.wp.com\/www.gojuryu93.com\/wp-content\/uploads\/2017\/05\/nuits-arts-martiaux-juilly_web-192x300.jpg?resize=350%2C200","width":350,"height":200,"srcset":"https:\/\/i0.wp.com\/www.gojuryu93.com\/wp-content\/uploads\/2017\/05\/nuits-arts-martiaux-juilly_web-192x300.jpg?resize=350%2C200 1x, https:\/\/i0.wp.com\/www.gojuryu93.com\/wp-content\/uploads\/2017\/05\/nuits-arts-martiaux-juilly_web-192x300.jpg?resize=525%2C300 1.5x, https:\/\/i0.wp.com\/www.gojuryu93.com\/wp-content\/uploads\/2017\/05\/nuits-arts-martiaux-juilly_web-192x300.jpg?resize=700%2C400 2x"},"classes":[]},{"id":3113,"url":"https:\/\/www.gojuryu93.com\/?p=3113","url_meta":{"origin":1966,"position":2},"title":"Une belle soir\u00e9e d&#8217; Arts Martiaux \u00e0 Juilly","author":"Team-Goju","date":"15 mai 2017","format":false,"excerpt":"\u00a0 Retours en quelques images sur le \"Festival de la Nuit des Arts Martiaux\"\u00a0 organis\u00e9 par le Club de Taekwondo de Juilly auquel notre club \u00e9tait associ\u00e9. \u00a0 Nos adh\u00e9rents nous ont offerts des d\u00e9monstrations de Kobudo avec l'aide des adh\u00e9rents du club de Sevran, de karat\u00e9 avec les grands\u2026","rel":"","context":"Dans &quot;Actualit\u00e9s du club&quot;","block_context":{"text":"Actualit\u00e9s du club","link":"https:\/\/www.gojuryu93.com\/?cat=5"},"img":{"alt_text":"","src":"","width":0,"height":0},"classes":[]},{"id":3124,"url":"https:\/\/www.gojuryu93.com\/?p=3124","url_meta":{"origin":1966,"position":3},"title":"Bient\u00f4t les vacances d&#8217;\u00e9t\u00e9 : Dates des derniers cours","author":"Team-Goju","date":"15 juin 2017","format":false,"excerpt":"Bient\u00f4t les vacances d'\u00e9t\u00e9 et un juste repos s'impose pour tous. Les derniers cours pour la saison 2016-2017 auront lieu : Pour le Kobudo adultes\u00a0 - le 24 juin 2017. Pour le Kobudo enfants\u00a0 - le 26 juin 2017. Pour le Karat\u00e9 toutes sections - le 29 juin 2017. L'\u00e9quipe\u2026","rel":"","context":"Dans &quot;Actualit\u00e9s du club&quot;","block_context":{"text":"Actualit\u00e9s du club","link":"https:\/\/www.gojuryu93.com\/?cat=5"},"img":{"alt_text":"","src":"https:\/\/i0.wp.com\/www.gojuryu93.com\/wp-content\/uploads\/2017\/06\/Vacances-%C3%A9t%C3%A9-2017-300x199.jpg?resize=350%2C200","width":350,"height":200,"srcset":"https:\/\/i0.wp.com\/www.gojuryu93.com\/wp-content\/uploads\/2017\/06\/Vacances-%C3%A9t%C3%A9-2017-300x199.jpg?resize=350%2C200 1x, https:\/\/i0.wp.com\/www.gojuryu93.com\/wp-content\/uploads\/2017\/06\/Vacances-%C3%A9t%C3%A9-2017-300x199.jpg?resize=525%2C300 1.5x, https:\/\/i0.wp.com\/www.gojuryu93.com\/wp-content\/uploads\/2017\/06\/Vacances-%C3%A9t%C3%A9-2017-300x199.jpg?resize=700%2C400 2x"},"classes":[]},{"id":2973,"url":"https:\/\/www.gojuryu93.com\/?p=2973","url_meta":{"origin":1966,"position":4},"title":"Des r\u00e9sultats tr\u00e8s honorables pour nos comp\u00e9titeurs \u00e0 la Coupe de France Gojuryu\/Kobudo 2017","author":"Team-Goju","date":"31 mars 2017","format":false,"excerpt":"Le 25 mars 2017 se d\u00e9roulait la Coupe de France Gojuryu-Kobudo au Gymnase L\u00e9o LAGRANGE (Paris 12\u00e8) ou nos\u00a0 comp\u00e9titeurs participaient. F\u00e9licitations pour\u00a0 YOAN\u00a0 qui obtient une 3\u00e8me place en Karat\u00e9 Gojuryu en cat\u00e9gorie Junior Masculin et monte sur le podium. F\u00e9licitations \u00e0 Mustapha qui obtient une 5\u00e8me place en\u2026","rel":"","context":"Dans &quot;Actualit\u00e9s du club&quot;","block_context":{"text":"Actualit\u00e9s du club","link":"https:\/\/www.gojuryu93.com\/?cat=5"},"img":{"alt_text":"","src":"https:\/\/i0.wp.com\/www.gojuryu93.com\/wp-content\/uploads\/2017\/03\/CF_Goju-Kobudo_2017-214x300.jpg?resize=350%2C200","width":350,"height":200},"classes":[]},{"id":1907,"url":"https:\/\/www.gojuryu93.com\/?p=1907","url_meta":{"origin":1966,"position":5},"title":"Rappels pour les cours de vacances scolaires","author":"Team-Goju","date":"15 avril 2016","format":false,"excerpt":"Durant toutes les vacances scolaires en raison de non disponibilit\u00e9 des dojos, certains cours sont suspendus : Cours Kobudo du samedi et cours karat\u00e9 adultes et enfants du dimanche durant toutes les vacances scolaires. Cours Baby-karat\u00e9 durant toutes les vacances scolaires. Les autres cours sont maintenus aux heures habituelles. H.\u2026","rel":"","context":"Dans &quot;Actualit\u00e9s du club&quot;","block_context":{"text":"Actualit\u00e9s du club","link":"https:\/\/www.gojuryu93.com\/?cat=5"},"img":{"alt_text":"flash","src":"https:\/\/i0.wp.com\/www.gojuryu93.com\/wp-content\/uploads\/2016\/04\/flash-300x231.png?resize=350%2C200","width":350,"height":200},"classes":[]}],"jetpack_sharing_enabled":true,"_links":{"self":[{"href":"https:\/\/www.gojuryu93.com\/index.php?rest_route=\/wp\/v2\/posts\/1966","targetHints":{"allow":["GET"]}}],"collection":[{"href":"https:\/\/www.gojuryu93.com\/index.php?rest_route=\/wp\/v2\/posts"}],"about":[{"href":"https:\/\/www.gojuryu93.com\/index.php?rest_route=\/wp\/v2\/types\/post"}],"author":[{"embeddable":true,"href":"https:\/\/www.gojuryu93.com\/index.php?rest_route=\/wp\/v2\/users\/1"}],"replies":[{"embeddable":true,"href":"https:\/\/www.gojuryu93.com\/index.php?rest_route=%2Fwp%2Fv2%2Fcomments&post=1966"}],"version-history":[{"count":0,"href":"https:\/\/www.gojuryu93.com\/index.php?rest_route=\/wp\/v2\/posts\/1966\/revisions"}],"wp:attachment":[{"href":"https:\/\/www.gojuryu93.com\/index.php?rest_route=%2Fwp%2Fv2%2Fmedia&parent=1966"}],"wp:term":[{"taxonomy":"category","embeddable":true,"href":"https:\/\/www.gojuryu93.com\/index.php?rest_route=%2Fwp%2Fv2%2Fcategories&post=1966"},{"taxonomy":"post_tag","embeddable":true,"href":"https:\/\/www.gojuryu93.com\/index.php?rest_route=%2Fwp%2Fv2%2Ftags&post=1966"}],"curies":[{"name":"wp","href":"https:\/\/api.w.org\/{rel}","templated":true}]}}