{"id":1981,"date":"2016-06-03T12:27:58","date_gmt":"2016-06-03T11:27:58","guid":{"rendered":"http:\/\/www.gojuryu93.com\/?p=1981"},"modified":"2016-06-23T10:39:57","modified_gmt":"2016-06-23T09:39:57","slug":"coupe-des-as-2016-du-karate-club-de-tremblay-en-france","status":"publish","type":"post","link":"https:\/\/www.gojuryu93.com\/?p=1981","title":{"rendered":"Coupe des AS 2016 du Karat\u00e9 Club de Tremblay-en-France"},"content":{"rendered":"<p><img data-recalc-dims=\"1\" loading=\"lazy\" decoding=\"async\" data-attachment-id=\"1982\" data-permalink=\"https:\/\/www.gojuryu93.com\/?attachment_id=1982\" data-orig-file=\"https:\/\/i0.wp.com\/www.gojuryu93.com\/wp-content\/uploads\/2016\/06\/Coupe-des-as-2016-e1464953266832.jpg?fit=200%2C196&amp;ssl=1\" data-orig-size=\"200,196\" data-comments-opened=\"0\" data-image-meta=\"{&quot;aperture&quot;:&quot;0&quot;,&quot;credit&quot;:&quot;&quot;,&quot;camera&quot;:&quot;&quot;,&quot;caption&quot;:&quot;Red Pencil with Reflection Drawing various Ace of Hearts Playing Card&quot;,&quot;created_timestamp&quot;:&quot;0&quot;,&quot;copyright&quot;:&quot;&quot;,&quot;focal_length&quot;:&quot;0&quot;,&quot;iso&quot;:&quot;0&quot;,&quot;shutter_speed&quot;:&quot;0&quot;,&quot;title&quot;:&quot;Pencil Drawing Ace of Hearts on Fanned Cards&quot;,&quot;orientation&quot;:&quot;1&quot;}\" data-image-title=\"Pencil Drawing Ace of Hearts on Fanned Cards\" data-image-description=\"\" data-image-caption=\"&lt;p&gt;Red Pencil with Reflection Drawing various Ace of Hearts Playing Card&lt;\/p&gt;\n\" data-large-file=\"https:\/\/i0.wp.com\/www.gojuryu93.com\/wp-content\/uploads\/2016\/06\/Coupe-des-as-2016-e1464953266832.jpg?fit=200%2C196&amp;ssl=1\" class=\"size-medium wp-image-1982 aligncenter\" src=\"https:\/\/i0.wp.com\/www.gojuryu93.com\/wp-content\/uploads\/2016\/06\/Coupe-des-as-2016.jpg?resize=300%2C294\" alt=\"Red Pencil with Reflection Drawing various Ace of Hearts Playing Card\" width=\"300\" height=\"294\" \/><\/p>\n<p>&nbsp;<\/p>\n<p>&nbsp;<\/p>\n<p>Le <strong>dimanche 12 juin 2016<\/strong> tous <span style=\"text-decoration: underline;\">nos jeunes adh\u00e9rents<\/span> sont invit\u00e9s \u00e0 participer \u00e0 la Coupe de As 2016 afin de terminer l&#8217;ann\u00e9e lors d&#8217;une rencontre amicale entre copains du Club.<\/p>\n<p style=\"text-align: center;\"><strong>Vous \u00eates donc tous convoqu\u00e9s <span style=\"text-decoration: underline;\"><span style=\"font-size: 20px;\">dimanche 12 juin 2016<\/span> <\/span><\/strong><\/p>\n<p style=\"text-align: center;\"><strong>au\u00a0 Gymnase Guimier, 70 avenue Gilbert Berger &#8211; 93 290 Tremblay-en-France<\/strong><\/p>\n<p style=\"text-align: center;\"><strong>Arriv\u00e9e des participants : 13 heures.<\/strong><\/p>\n<p style=\"text-align: center;\"><strong>D\u00e9but de la comp\u00e9tition\u00a0 : 13 h 30.<\/strong><\/p>\n<p style=\"text-align: center;\">Parents et amis sont bienvenus pour encourager les participants.<\/p>\n<div style=\"width: 419px\" class=\"wp-caption aligncenter\"><img data-recalc-dims=\"1\" loading=\"lazy\" decoding=\"async\" class=\"\" src=\"https:\/\/i0.wp.com\/www.tremblay-en-france.fr\/uploads\/pics\/Guimier-exterieur.jpg?resize=409%2C223\" width=\"409\" height=\"223\" \/><p class=\"wp-caption-text\">Complexe Jean Guimier \u00a9 Mairie de Tremblay-en-France<\/p><\/div>\n<p>&nbsp;<\/p>\n","protected":false},"excerpt":{"rendered":"<p>&nbsp; &nbsp; Le dimanche 12 juin 2016 tous nos jeunes adh\u00e9rents sont invit\u00e9s \u00e0 participer \u00e0 la Coupe de As 2016 afin de terminer l&#8217;ann\u00e9e lors d&#8217;une rencontre amicale entre copains du Club. Vous \u00eates donc tous convoqu\u00e9s dimanche 12 juin 2016 au\u00a0 Gymnase Guimier, 70 avenue Gilbert Berger &#8211; 93 290 Tremblay-en-France Arriv\u00e9e des [&hellip;]<\/p>\n","protected":false},"author":1,"featured_media":0,"comment_status":"closed","ping_status":"closed","sticky":false,"template":"","format":"standard","meta":{"_exactmetrics_skip_tracking":false,"_exactmetrics_sitenote_active":false,"_exactmetrics_sitenote_note":"","_exactmetrics_sitenote_category":0,"ngg_post_thumbnail":0,"_jetpack_memberships_contains_paid_content":false,"footnotes":""},"categories":[5,4],"tags":[],"class_list":["post-1981","post","type-post","status-publish","format-standard","hentry","category-actualites-du-club","category-competitions"],"jetpack_featured_media_url":"","jetpack_shortlink":"https:\/\/wp.me\/p6TujZ-vX","jetpack-related-posts":[{"id":3130,"url":"https:\/\/www.gojuryu93.com\/?p=3130","url_meta":{"origin":1981,"position":0},"title":"La Coupe des As &#8211; Les petits samoura\u00efs du club en comp\u00e9tition","author":"Team-Goju","date":"7 juin 2017","format":false,"excerpt":"\u00a0 Pr\u00e9parez-vous pour la \"journ\u00e9e de la Coupe des As\" qui se d\u00e9roulera le dimanche 18 juin 2017 au Gymnase Guimier - 70 avenue Gilbert Berger, 93 290 Tremblay-en-France. Journ\u00e9e de comp\u00e9titions, mais aussi festive, pour conclure la saison 2016-2017. Nos jeunes adh\u00e9rents et leurs parents se retrouveront ensemble, les\u2026","rel":"","context":"Dans &quot;Actualit\u00e9s du club&quot;","block_context":{"text":"Actualit\u00e9s du club","link":"https:\/\/www.gojuryu93.com\/?cat=5"},"img":{"alt_text":"","src":"https:\/\/i0.wp.com\/www.gojuryu93.com\/wp-content\/uploads\/2017\/06\/2017-06-Coupe-des-As-208x300.png?resize=350%2C200","width":350,"height":200,"srcset":"https:\/\/i0.wp.com\/www.gojuryu93.com\/wp-content\/uploads\/2017\/06\/2017-06-Coupe-des-As-208x300.png?resize=350%2C200 1x, https:\/\/i0.wp.com\/www.gojuryu93.com\/wp-content\/uploads\/2017\/06\/2017-06-Coupe-des-As-208x300.png?resize=525%2C300 1.5x, https:\/\/i0.wp.com\/www.gojuryu93.com\/wp-content\/uploads\/2017\/06\/2017-06-Coupe-des-As-208x300.png?resize=700%2C400 2x"},"classes":[]},{"id":1966,"url":"https:\/\/www.gojuryu93.com\/?p=1966","url_meta":{"origin":1981,"position":1},"title":"Participation du Karat\u00e9 Club de Tremblay \u00e0 la Soir\u00e9e des Arts Martiaux de Juilly","author":"Team-Goju","date":"3 juin 2016","format":false,"excerpt":"\u00a0 Le Club de Karat\u00e9 de Tremblay en France participera \u00e0 la \"Soir\u00e9e\u00a0 des arts martiaux\" de Juilly en effectuant des d\u00e9monstrations de karat\u00e9\u00a0 Goju-ryu et de Kobudo. Nous invitons cordialement tous nos adh\u00e9rents, leurs parents et amis\u00a0 \u00e0 se rendre \u00e0 ce spectacle pour encourager les participants de notre\u2026","rel":"","context":"Dans &quot;Actualit\u00e9s du club&quot;","block_context":{"text":"Actualit\u00e9s du club","link":"https:\/\/www.gojuryu93.com\/?cat=5"},"img":{"alt_text":"Nuit arts martiaux 2016","src":"https:\/\/i0.wp.com\/www.gojuryu93.com\/wp-content\/uploads\/2016\/06\/Nuit-arts-martiaux-2016-2-300x169.jpg?resize=350%2C200","width":350,"height":200,"srcset":"https:\/\/i0.wp.com\/www.gojuryu93.com\/wp-content\/uploads\/2016\/06\/Nuit-arts-martiaux-2016-2-300x169.jpg?resize=350%2C200 1x, https:\/\/i0.wp.com\/www.gojuryu93.com\/wp-content\/uploads\/2016\/06\/Nuit-arts-martiaux-2016-2-300x169.jpg?resize=525%2C300 1.5x, https:\/\/i0.wp.com\/www.gojuryu93.com\/wp-content\/uploads\/2016\/06\/Nuit-arts-martiaux-2016-2-300x169.jpg?resize=700%2C400 2x"},"classes":[]},{"id":2973,"url":"https:\/\/www.gojuryu93.com\/?p=2973","url_meta":{"origin":1981,"position":2},"title":"Des r\u00e9sultats tr\u00e8s honorables pour nos comp\u00e9titeurs \u00e0 la Coupe de France Gojuryu\/Kobudo 2017","author":"Team-Goju","date":"31 mars 2017","format":false,"excerpt":"Le 25 mars 2017 se d\u00e9roulait la Coupe de France Gojuryu-Kobudo au Gymnase L\u00e9o LAGRANGE (Paris 12\u00e8) ou nos\u00a0 comp\u00e9titeurs participaient. F\u00e9licitations pour\u00a0 YOAN\u00a0 qui obtient une 3\u00e8me place en Karat\u00e9 Gojuryu en cat\u00e9gorie Junior Masculin et monte sur le podium. F\u00e9licitations \u00e0 Mustapha qui obtient une 5\u00e8me place en\u2026","rel":"","context":"Dans &quot;Actualit\u00e9s du club&quot;","block_context":{"text":"Actualit\u00e9s du club","link":"https:\/\/www.gojuryu93.com\/?cat=5"},"img":{"alt_text":"","src":"https:\/\/i0.wp.com\/www.gojuryu93.com\/wp-content\/uploads\/2017\/03\/CF_Goju-Kobudo_2017-214x300.jpg?resize=350%2C200","width":350,"height":200},"classes":[]},{"id":3149,"url":"https:\/\/www.gojuryu93.com\/?p=3149","url_meta":{"origin":1981,"position":3},"title":"Passages de dan du 11 juin 2017 : 100% de r\u00e9ussites pour Tremblay","author":"Team-Goju","date":"12 juin 2017","format":false,"excerpt":"\u00a0 Trois de nos adh\u00e9rents ont tent\u00e9 dimanche 11 juin 2017 l'examen organis\u00e9 par le Comit\u00e9 D\u00e9partemental 93 de la FFKDA pour le passage vers le second DAN Karat\u00e9. Nous avons donc le plaisir de vous annoncer la r\u00e9ussite de nos adh\u00e9rents : Hakim et Cyril sont admis au second\u2026","rel":"","context":"Dans &quot;Passages de grades&quot;","block_context":{"text":"Passages de grades","link":"https:\/\/www.gojuryu93.com\/?cat=11"},"img":{"alt_text":"","src":"https:\/\/i0.wp.com\/www.gojuryu93.com\/wp-content\/uploads\/2017\/06\/DSC_0189_web-300x200.jpg?resize=350%2C200","width":350,"height":200},"classes":[]},{"id":1732,"url":"https:\/\/www.gojuryu93.com\/?p=1732","url_meta":{"origin":1981,"position":4},"title":"Un tr\u00e8s beau stage f\u00e9d\u00e9ral de printemps avec Maitre Oshiro","author":"Team-Goju","date":"3 avril 2016","format":false,"excerpt":"Samedi 2 avril 2016 se d\u00e9roulait dans notre dojo de Tremblay-en-France un stage f\u00e9d\u00e9ral sous la direction de ma\u00eetre Oshiro. Cette ann\u00e9e le stage a rencontr\u00e9 de nouveau un vif succ\u00e8s aupr\u00e8s des licenci\u00e9s avec plus de 60 karat\u00e9kas venus de tous les clubs du d\u00e9partement\u00a0 et de toute l'Ile\u2026","rel":"","context":"Dans &quot;Stages&quot;","block_context":{"text":"Stages","link":"https:\/\/www.gojuryu93.com\/?cat=3"},"img":{"alt_text":"Stage F\u00e9d\u00e9ral Sense\u00efOshiro 2016","src":"https:\/\/i0.wp.com\/www.gojuryu93.com\/wp-content\/uploads\/2016\/04\/IMG_0836_1-300x122.jpg?resize=350%2C200","width":350,"height":200,"srcset":"https:\/\/i0.wp.com\/www.gojuryu93.com\/wp-content\/uploads\/2016\/04\/IMG_0836_1-300x122.jpg?resize=350%2C200 1x, https:\/\/i0.wp.com\/www.gojuryu93.com\/wp-content\/uploads\/2016\/04\/IMG_0836_1-300x122.jpg?resize=525%2C300 1.5x, https:\/\/i0.wp.com\/www.gojuryu93.com\/wp-content\/uploads\/2016\/04\/IMG_0836_1-300x122.jpg?resize=700%2C400 2x"},"classes":[]},{"id":2182,"url":"https:\/\/www.gojuryu93.com\/?p=2182","url_meta":{"origin":1981,"position":5},"title":"Dimanche 11 d\u00e9cembre 2016 : La journ\u00e9e des parents et amis","author":"Team-Goju","date":"24 novembre 2016","format":false,"excerpt":"\u00a0Comme chaque ann\u00e9e le Karat\u00e9 Club de Tremblay-en-France organise une journ\u00e9e portes ouvertes r\u00e9serv\u00e9e aux parents et amis des adh\u00e9rents du Club afin qu'il d\u00e9couvrent la karat\u00e9 Goju-ryu et le travail effectu\u00e9 par les adh\u00e9rents. Retrouvons-nous Dimanche 11 d\u00e9cembre 2016 au Dojo Thierry Ngninteng, Avenue de la r\u00e9sistance (\u00e0 c\u00f4t\u00e9\u2026","rel":"","context":"Dans &quot;Portes ouvertes&quot;","block_context":{"text":"Portes ouvertes","link":"https:\/\/www.gojuryu93.com\/?cat=7"},"img":{"alt_text":"2016-portes-ouvertes","src":"https:\/\/i0.wp.com\/www.gojuryu93.com\/wp-content\/uploads\/2016\/11\/2016-portes-ouvertes-212x300.png?resize=350%2C200","width":350,"height":200,"srcset":"https:\/\/i0.wp.com\/www.gojuryu93.com\/wp-content\/uploads\/2016\/11\/2016-portes-ouvertes-212x300.png?resize=350%2C200 1x, https:\/\/i0.wp.com\/www.gojuryu93.com\/wp-content\/uploads\/2016\/11\/2016-portes-ouvertes-212x300.png?resize=525%2C300 1.5x, https:\/\/i0.wp.com\/www.gojuryu93.com\/wp-content\/uploads\/2016\/11\/2016-portes-ouvertes-212x300.png?resize=700%2C400 2x"},"classes":[]}],"jetpack_sharing_enabled":true,"_links":{"self":[{"href":"https:\/\/www.gojuryu93.com\/index.php?rest_route=\/wp\/v2\/posts\/1981","targetHints":{"allow":["GET"]}}],"collection":[{"href":"https:\/\/www.gojuryu93.com\/index.php?rest_route=\/wp\/v2\/posts"}],"about":[{"href":"https:\/\/www.gojuryu93.com\/index.php?rest_route=\/wp\/v2\/types\/post"}],"author":[{"embeddable":true,"href":"https:\/\/www.gojuryu93.com\/index.php?rest_route=\/wp\/v2\/users\/1"}],"replies":[{"embeddable":true,"href":"https:\/\/www.gojuryu93.com\/index.php?rest_route=%2Fwp%2Fv2%2Fcomments&post=1981"}],"version-history":[{"count":0,"href":"https:\/\/www.gojuryu93.com\/index.php?rest_route=\/wp\/v2\/posts\/1981\/revisions"}],"wp:attachment":[{"href":"https:\/\/www.gojuryu93.com\/index.php?rest_route=%2Fwp%2Fv2%2Fmedia&parent=1981"}],"wp:term":[{"taxonomy":"category","embeddable":true,"href":"https:\/\/www.gojuryu93.com\/index.php?rest_route=%2Fwp%2Fv2%2Fcategories&post=1981"},{"taxonomy":"post_tag","embeddable":true,"href":"https:\/\/www.gojuryu93.com\/index.php?rest_route=%2Fwp%2Fv2%2Ftags&post=1981"}],"curies":[{"name":"wp","href":"https:\/\/api.w.org\/{rel}","templated":true}]}}