{"id":1997,"date":"2016-06-23T10:38:46","date_gmt":"2016-06-23T09:38:46","guid":{"rendered":"http:\/\/www.gojuryu93.com\/?p=1997"},"modified":"2016-08-02T18:02:52","modified_gmt":"2016-08-02T17:02:52","slug":"cest-bientot-la-pause-estivale","status":"publish","type":"post","link":"https:\/\/www.gojuryu93.com\/?p=1997","title":{"rendered":"C&#8217;est bient\u00f4t la pause estivale"},"content":{"rendered":"<p><img data-recalc-dims=\"1\" loading=\"lazy\" decoding=\"async\" data-attachment-id=\"2019\" data-permalink=\"https:\/\/www.gojuryu93.com\/?attachment_id=2019\" data-orig-file=\"https:\/\/i0.wp.com\/www.gojuryu93.com\/wp-content\/uploads\/2016\/06\/vacances-2016-1-e1467283904499.png?fit=485%2C200&amp;ssl=1\" data-orig-size=\"485,200\" data-comments-opened=\"0\" data-image-meta=\"{&quot;aperture&quot;:&quot;0&quot;,&quot;credit&quot;:&quot;&quot;,&quot;camera&quot;:&quot;&quot;,&quot;caption&quot;:&quot;&quot;,&quot;created_timestamp&quot;:&quot;0&quot;,&quot;copyright&quot;:&quot;&quot;,&quot;focal_length&quot;:&quot;0&quot;,&quot;iso&quot;:&quot;0&quot;,&quot;shutter_speed&quot;:&quot;0&quot;,&quot;title&quot;:&quot;&quot;,&quot;orientation&quot;:&quot;0&quot;}\" data-image-title=\"vacances 2016\" data-image-description=\"\" data-image-caption=\"\" data-large-file=\"https:\/\/i0.wp.com\/www.gojuryu93.com\/wp-content\/uploads\/2016\/06\/vacances-2016-1-e1467283904499.png?fit=610%2C252&amp;ssl=1\" class=\"aligncenter wp-image-2019\" src=\"https:\/\/i0.wp.com\/www.gojuryu93.com\/wp-content\/uploads\/2016\/06\/vacances-2016-1.png?resize=610%2C252\" alt=\"vacances 2016\" width=\"610\" height=\"252\" \/><\/p>\n<p>Bient\u00f4t la pause estivale, chacun va donc b\u00e9n\u00e9ficier de vacances bien gagn\u00e9es, votre club aussi.<\/p>\n<p><span style=\"text-decoration: underline;\"><span style=\"font-size: 28px;\"><strong>Les derniers cours pour la saison 2015-2016 se termineront le jeudi 30 juin 2016 \u00e0 l&#8217;issue des cours.<\/strong><\/span><\/span><\/p>\n<p>La reprise de la saison 2016-2017 pour les diff\u00e9rentes sections s&#8217;effectuera\u00a0 de la mani\u00e8re suivante :<\/p>\n<ul>\n<li><strong>Karat\u00e9 adultes<\/strong> &#8211; reprise des cours le <strong>lundi 05 septembre 2016<\/strong> aux horaires habituels.<\/li>\n<li><strong>Karat\u00e9 enfants<\/strong> &#8211; reprise des cours le <strong>jeudi 15 septembre 2016<\/strong> aux horaires habituels.<\/li>\n<li><strong>Kobudo enfants\/adultes<\/strong> &#8211; reprise des cours<strong> Samedi 10 septembre 2016<\/strong> aux horaires habituels.<\/li>\n<\/ul>\n<p>Vous pourrez \u00e9galement nous retrouver \u00e0 la<a href=\"http:\/\/www.tremblay-en-france.fr\/fr\/agenda\/agenda-cal\/detail-de-lagenda.html?tx_cal_controller%5Bview%5D=event&amp;tx_cal_controller%5Btype%5D=tx_cal_phpicalendar&amp;tx_cal_controller%5Buid%5D=144&amp;tx_cal_controller%5Blastview%5D=view-list%7Cpage_id-1009&amp;tx_cal_controller%5Byear%5D=2016&amp;tx_cal_controller%5Bmonth%5D=09&amp;tx_cal_controller%5Bday%5D=03&amp;cHash=e6393004f0d9e98942ecfea3ca0e58ab\"> <strong>F\u00eate des sport &#8211; Forum des associations\u00a0 de Tremblay-en-France de 14 h \u00e0 19 h sur le stand de notre club le samedi 03 septembre 2016<\/strong><\/a> pour tous renseignements concernant les inscriptions 2016-2017.<\/p>\n<p><strong>Enfin pour ceux qui d\u00e9sirent s&#8217;entrainer un peu durant les vacances\u00a0 d&#8217;\u00e9t\u00e9, nous organisons un rendez-vous estival chaque dimanche matin au Parc de la Poudrerie (rendez-vous \u00e0 l&#8217;entr\u00e9e de la Poudrerie) de 10 heures \u00e0 12 heures. Tenue jogging et chaussures de sport.<\/strong><\/p>\n<p>&nbsp;<\/p>\n<p><span style=\"font-size: 60px; color: #ff0000;\">BONNES VACANCES !<\/span><\/p>\n","protected":false},"excerpt":{"rendered":"<p>Bient\u00f4t la pause estivale, chacun va donc b\u00e9n\u00e9ficier de vacances bien gagn\u00e9es, votre club aussi. Les derniers cours pour la saison 2015-2016 se termineront le jeudi 30 juin 2016 \u00e0 l&#8217;issue des cours. La reprise de la saison 2016-2017 pour les diff\u00e9rentes sections s&#8217;effectuera\u00a0 de la mani\u00e8re suivante : Karat\u00e9 adultes &#8211; reprise des cours [&hellip;]<\/p>\n","protected":false},"author":1,"featured_media":2019,"comment_status":"closed","ping_status":"closed","sticky":false,"template":"","format":"standard","meta":{"_exactmetrics_skip_tracking":false,"_exactmetrics_sitenote_active":false,"_exactmetrics_sitenote_note":"","_exactmetrics_sitenote_category":0,"ngg_post_thumbnail":0,"_jetpack_memberships_contains_paid_content":false,"footnotes":""},"categories":[5],"tags":[],"class_list":["post-1997","post","type-post","status-publish","format-standard","has-post-thumbnail","hentry","category-actualites-du-club"],"jetpack_featured_media_url":"https:\/\/i0.wp.com\/www.gojuryu93.com\/wp-content\/uploads\/2016\/06\/vacances-2016-1-e1467283904499.png?fit=485%2C200&ssl=1","jetpack_shortlink":"https:\/\/wp.me\/p6TujZ-wd","jetpack-related-posts":[{"id":1113,"url":"https:\/\/www.gojuryu93.com\/?p=1113","url_meta":{"origin":1997,"position":0},"title":"Reprise des cours saison 2015-2016","author":"Team-Goju","date":"1 novembre 2015","format":false,"excerpt":"La reprise des cours des cours pour la saison 2015 -2016 s'effectuera : Karat\u00e9 : Adultes: le 03 septembre 2015 Enfants: le 03 septembre 2015 Baby : Non d\u00e9termin\u00e9 Kobudo : Adultes : le 05 septembre 2015 Enfants : le 05 septembre 2015","rel":"","context":"Dans &quot;Actualit\u00e9s du club&quot;","block_context":{"text":"Actualit\u00e9s du club","link":"https:\/\/www.gojuryu93.com\/?cat=5"},"img":{"alt_text":"Karat\u00e9_noeud","src":"https:\/\/i0.wp.com\/82.67.161.76\/Gojuryu93Com\/wp-content\/uploads\/2015\/08\/Karat%C3%A9_noeud-300x173.jpg?resize=350%2C200","width":350,"height":200},"classes":[]},{"id":2111,"url":"https:\/\/www.gojuryu93.com\/?p=2111","url_meta":{"origin":1997,"position":1},"title":"C&#8217;est parti ! C&#8217;est la rentr\u00e9e !","author":"Team-Goju","date":"4 septembre 2016","format":false,"excerpt":"Rappels pour la reprise des cours \u00a0 Rentr\u00e9e karat\u00e9 Adulte\u00a0 : Lundi 05 septembre 2016 \u00e0 19 h 30. Rentr\u00e9e Karat\u00e9 enfants\u00a0 : Jeudi 15 septembre 2016 \u00e0 18 h 15. Rentr\u00e9e Kobudo : Samedi 10 septembre 2016 \u00e0 10 h 30. N'oubliez pas de contacter vos professeurs et dirigeants\u2026","rel":"","context":"Dans &quot;Actualit\u00e9s du club&quot;","block_context":{"text":"Actualit\u00e9s du club","link":"https:\/\/www.gojuryu93.com\/?cat=5"},"img":{"alt_text":"visuel rentr\u00e9e","src":"https:\/\/i0.wp.com\/www.gojuryu93.com\/wp-content\/uploads\/2016\/09\/visuel-rentr%C3%A9e-300x212.png?resize=350%2C200","width":350,"height":200},"classes":[]},{"id":3124,"url":"https:\/\/www.gojuryu93.com\/?p=3124","url_meta":{"origin":1997,"position":2},"title":"Bient\u00f4t les vacances d&#8217;\u00e9t\u00e9 : Dates des derniers cours","author":"Team-Goju","date":"15 juin 2017","format":false,"excerpt":"Bient\u00f4t les vacances d'\u00e9t\u00e9 et un juste repos s'impose pour tous. Les derniers cours pour la saison 2016-2017 auront lieu : Pour le Kobudo adultes\u00a0 - le 24 juin 2017. Pour le Kobudo enfants\u00a0 - le 26 juin 2017. Pour le Karat\u00e9 toutes sections - le 29 juin 2017. L'\u00e9quipe\u2026","rel":"","context":"Dans &quot;Actualit\u00e9s du club&quot;","block_context":{"text":"Actualit\u00e9s du club","link":"https:\/\/www.gojuryu93.com\/?cat=5"},"img":{"alt_text":"","src":"https:\/\/i0.wp.com\/www.gojuryu93.com\/wp-content\/uploads\/2017\/06\/Vacances-%C3%A9t%C3%A9-2017-300x199.jpg?resize=350%2C200","width":350,"height":200,"srcset":"https:\/\/i0.wp.com\/www.gojuryu93.com\/wp-content\/uploads\/2017\/06\/Vacances-%C3%A9t%C3%A9-2017-300x199.jpg?resize=350%2C200 1x, https:\/\/i0.wp.com\/www.gojuryu93.com\/wp-content\/uploads\/2017\/06\/Vacances-%C3%A9t%C3%A9-2017-300x199.jpg?resize=525%2C300 1.5x, https:\/\/i0.wp.com\/www.gojuryu93.com\/wp-content\/uploads\/2017\/06\/Vacances-%C3%A9t%C3%A9-2017-300x199.jpg?resize=700%2C400 2x"},"classes":[]},{"id":2641,"url":"https:\/\/www.gojuryu93.com\/?p=2641","url_meta":{"origin":1997,"position":3},"title":"Vacances de No\u00ebl 2016 &#8211; Infos Cours","author":"Team-Goju","date":"12 d\u00e9cembre 2016","format":false,"excerpt":"Bient\u00f4t les vacances de No\u00ebl, les dates ont \u00e9t\u00e9 fix\u00e9es cette ann\u00e9e pour toutes les zones scolaires, du samedi 17 d\u00e9cembre 2016 au mardi 3 Janvier 2017. Nous vous informons que durant cette p\u00e9riode le Karat\u00e9 Club de Tremblay-en-France assurera et maintien les cours de kobudo et\u00a0karat\u00e9 du samedi 17\u2026","rel":"","context":"Dans &quot;Actualit\u00e9s du club&quot;","block_context":{"text":"Actualit\u00e9s du club","link":"https:\/\/www.gojuryu93.com\/?cat=5"},"img":{"alt_text":"","src":"https:\/\/i0.wp.com\/www.gojuryu93.com\/wp-content\/uploads\/2016\/12\/noel-2016-1-300x230.png?resize=350%2C200","width":350,"height":200,"srcset":"https:\/\/i0.wp.com\/www.gojuryu93.com\/wp-content\/uploads\/2016\/12\/noel-2016-1-300x230.png?resize=350%2C200 1x, https:\/\/i0.wp.com\/www.gojuryu93.com\/wp-content\/uploads\/2016\/12\/noel-2016-1-300x230.png?resize=525%2C300 1.5x, https:\/\/i0.wp.com\/www.gojuryu93.com\/wp-content\/uploads\/2016\/12\/noel-2016-1-300x230.png?resize=700%2C400 2x"},"classes":[]},{"id":2959,"url":"https:\/\/www.gojuryu93.com\/?p=2959","url_meta":{"origin":1997,"position":4},"title":"Infos cours vacances de printemps 2017","author":"Team-Goju","date":"28 mars 2017","format":false,"excerpt":"Les vacances de Printemps arrivent pour la zone C, et les dates d\u00e9finies pour l'acad\u00e9mie sont : \u00a0 Fin des cours :\u00a0 samedi 1er avril 2017 Reprise des cours :\u00a0 mardi 18 avril 2017 \u00a0 Le Karat\u00e9 Club de Tremblay-en-France vous informe de ses dates d\u2019ouvertures durant les cong\u00e9s de\u2026","rel":"","context":"Dans &quot;Actualit\u00e9s du club&quot;","block_context":{"text":"Actualit\u00e9s du club","link":"https:\/\/www.gojuryu93.com\/?cat=5"},"img":{"alt_text":"","src":"https:\/\/i0.wp.com\/www.gojuryu93.com\/wp-content\/uploads\/2017\/03\/VACANCES-DE-PRINTEMPS-web-300x101.png?resize=350%2C200","width":350,"height":200,"srcset":"https:\/\/i0.wp.com\/www.gojuryu93.com\/wp-content\/uploads\/2017\/03\/VACANCES-DE-PRINTEMPS-web-300x101.png?resize=350%2C200 1x, https:\/\/i0.wp.com\/www.gojuryu93.com\/wp-content\/uploads\/2017\/03\/VACANCES-DE-PRINTEMPS-web-300x101.png?resize=525%2C300 1.5x"},"classes":[]},{"id":1907,"url":"https:\/\/www.gojuryu93.com\/?p=1907","url_meta":{"origin":1997,"position":5},"title":"Rappels pour les cours de vacances scolaires","author":"Team-Goju","date":"15 avril 2016","format":false,"excerpt":"Durant toutes les vacances scolaires en raison de non disponibilit\u00e9 des dojos, certains cours sont suspendus : Cours Kobudo du samedi et cours karat\u00e9 adultes et enfants du dimanche durant toutes les vacances scolaires. Cours Baby-karat\u00e9 durant toutes les vacances scolaires. Les autres cours sont maintenus aux heures habituelles. H.\u2026","rel":"","context":"Dans &quot;Actualit\u00e9s du club&quot;","block_context":{"text":"Actualit\u00e9s du club","link":"https:\/\/www.gojuryu93.com\/?cat=5"},"img":{"alt_text":"flash","src":"https:\/\/i0.wp.com\/www.gojuryu93.com\/wp-content\/uploads\/2016\/04\/flash-300x231.png?resize=350%2C200","width":350,"height":200},"classes":[]}],"jetpack_sharing_enabled":true,"_links":{"self":[{"href":"https:\/\/www.gojuryu93.com\/index.php?rest_route=\/wp\/v2\/posts\/1997","targetHints":{"allow":["GET"]}}],"collection":[{"href":"https:\/\/www.gojuryu93.com\/index.php?rest_route=\/wp\/v2\/posts"}],"about":[{"href":"https:\/\/www.gojuryu93.com\/index.php?rest_route=\/wp\/v2\/types\/post"}],"author":[{"embeddable":true,"href":"https:\/\/www.gojuryu93.com\/index.php?rest_route=\/wp\/v2\/users\/1"}],"replies":[{"embeddable":true,"href":"https:\/\/www.gojuryu93.com\/index.php?rest_route=%2Fwp%2Fv2%2Fcomments&post=1997"}],"version-history":[{"count":0,"href":"https:\/\/www.gojuryu93.com\/index.php?rest_route=\/wp\/v2\/posts\/1997\/revisions"}],"wp:featuredmedia":[{"embeddable":true,"href":"https:\/\/www.gojuryu93.com\/index.php?rest_route=\/wp\/v2\/media\/2019"}],"wp:attachment":[{"href":"https:\/\/www.gojuryu93.com\/index.php?rest_route=%2Fwp%2Fv2%2Fmedia&parent=1997"}],"wp:term":[{"taxonomy":"category","embeddable":true,"href":"https:\/\/www.gojuryu93.com\/index.php?rest_route=%2Fwp%2Fv2%2Fcategories&post=1997"},{"taxonomy":"post_tag","embeddable":true,"href":"https:\/\/www.gojuryu93.com\/index.php?rest_route=%2Fwp%2Fv2%2Ftags&post=1997"}],"curies":[{"name":"wp","href":"https:\/\/api.w.org\/{rel}","templated":true}]}}