{"id":2058,"date":"2016-08-02T18:01:47","date_gmt":"2016-08-02T17:01:47","guid":{"rendered":"http:\/\/www.gojuryu93.com\/?p=2058"},"modified":"2016-08-08T15:54:32","modified_gmt":"2016-08-08T14:54:32","slug":"incendie-criminel-au-dojo-ngninteng","status":"publish","type":"post","link":"https:\/\/www.gojuryu93.com\/?p=2058","title":{"rendered":"Incendie criminel au Dojo Ngninteng"},"content":{"rendered":"<p>C&#8217;est avec une grande tristesse que nous apprenons qu&#8217;un incendie criminel a \u00e9t\u00e9 perp\u00e9tr\u00e9 au Dojo Ngninteng dans la nuit de samedi \u00e0 dimanche 24 juillet 2016 par quatre individus qui ont forc\u00e9 les portes du dojo \u00e0 la hache, r\u00e9pandu de l&#8217;essence et incendi\u00e9 la structure. L&#8217;enqu\u00eate de police est en cours .<\/p>\n<p>Il est \u00e9vident que cela aura un grand impact sur les cours de notre association et occasionnera une g\u00e8ne importante. La municipalit\u00e9 fera son possible pour essayer de remettre en \u00e9tat dans les meilleurs d\u00e9lais mais il est fort probable que le dojo ne sera pas disponible \u00e0 la rentr\u00e9e sportive 2016-2017.<\/p>\n<p>Nous regrettons cette situation et l&#8217;association vous informera des suite en temps utiles pour que la rentr\u00e9e sportive se d\u00e9roule le mieux possible.<\/p>\n<p>En ces temps difficiles et perturb\u00e9s nous ne pourrons que regretter l&#8217;incivisme de certains qui amalgament tout et font n&#8217;importe quoi pour cr\u00e9er un climat d\u00e9l\u00e9t\u00e8re et nuire gratuitement.<\/p>\n<p>Nous ne rappellerons que quelques r\u00e8gles du Budo que nous vous invitons \u00e0 m\u00e9diter :<\/p>\n<ul>\n<li><strong>Le Respect ou Sonchoo<br \/>\n<\/strong><\/li>\n<\/ul>\n<p><em>Le respect est essentiellement un devoir \u00e0 l&#8217;\u00e9gard des autres. Il permet d&#8217;\u00e9viter les conflits, pas seulement parce qu&#8217;il pr\u00e9serve l&#8217;honneur des autres, mais aussi parce qu&#8217;il pr\u00e9serve le votre. Ceux qui pr\u00e9tendent r\u00e9soudre un conflit en manquant de respect \u00e0 un &#8220;adversaire&#8221; ne font que le rabaisser\u00a0 et l&#8217;incitent donc \u00e0 un manque de respect, puis \u00e0 la violence. De m\u00eame que &#8220;en karat\u00e9, il n&#8217;y a pas de premi\u00e8re attaque&#8221;, il ne faut pas \u00eatre le premier \u00e0 manquer de respect. Par contre, il est parfois n\u00e9cessaire d&#8217;imposer le respect d\u00e8s les pr\u00e9mices d&#8217;un conflit de mani\u00e8re \u00e0 court-circuiter son aggravation&#8230;<\/em><\/p>\n<ul>\n<li><strong>La <\/strong><strong>Bienveillance<\/strong> ou <strong>Shinsetsu <\/strong><strong>et la <\/strong> <strong>bont\u00e9 <\/strong><\/li>\n<\/ul>\n<p style=\"text-align: left;\"><em>La bont\u00e9 et la bienveillance d\u00e9notent une grande humanit\u00e9. Elles nous incitent \u00e0 l&#8217;entraide, \u00e0 \u00eatre attentif \u00e0 notre prochain et \u00e0 notre environnement, \u00e0 \u00eatre respectueux de la vie.<\/em><\/p>\n<p><em>La bienveillance est aussi l&#8217;indulgence pour les lacunes et d\u00e9faillances d&#8217;autrui, et un encouragement pour les aptitudes naissantes. Elle inclut l&#8217;amour, l&#8217;affection pour les autres, la sympathie et la noblesse des sentiments.<\/em><\/p>\n<p><a href=\"http:\/\/www.leparisien.fr\/espace-premium\/seine-saint-denis-93\/indignation-apres-l-incendie-criminel-du-dojo-26-07-2016-5994661.php\"><img data-recalc-dims=\"1\" loading=\"lazy\" decoding=\"async\" class=\"aligncenter\" src=\"https:\/\/i0.wp.com\/s1.lprs1.fr\/images\/2016\/07\/26\/5994661_1-0-451972166_1000x625.jpg?resize=610%2C381\" width=\"610\" height=\"381\" \/><\/a><\/p>\n<p style=\"text-align: center;\"><a href=\"http:\/\/www.leparisien.fr\/tremblay-en-france-93290\/tremblay-les-habitants-en-colere-apres-l-incendie-du-dojo-26-07-2016-5996657.php\"><img data-recalc-dims=\"1\" loading=\"lazy\" decoding=\"async\" class=\"aligncenter\" src=\"https:\/\/i0.wp.com\/www.leparisien.fr\/images\/2016\/07\/26\/fc32b7de-5359-11e6-a18b-c03992426a16_1.jpg?resize=610%2C388\" width=\"610\" height=\"388\" \/><\/a><strong><em><span style=\"font-size: 10px;\">\u00a9 Sources images : <span class=\"article-full__source\">\u00a0 leparisien.fr<\/span><\/span><\/em><\/strong><\/p>\n<p style=\"text-align: center;\"><iframe src=\"\/\/docs.google.com\/viewer?url=http%3A%2F%2Fwww.gojuryu93.com%2Fwp-content%2Fuploads%2F2016%2F08%2FC-160725-Incendie-dojo-Ngningteng_01-3.pdf&hl=fr&embedded=true\" class=\"gde-frame\" style=\"width:650px; height:940px; border: none;\" scrolling=\"no\"><\/iframe>\n<\/p>\n<p style=\"text-align: center;\">\n","protected":false},"excerpt":{"rendered":"<p>C&#8217;est avec une grande tristesse que nous apprenons qu&#8217;un incendie criminel a \u00e9t\u00e9 perp\u00e9tr\u00e9 au Dojo Ngninteng dans la nuit de samedi \u00e0 dimanche 24 juillet 2016 par quatre individus qui ont forc\u00e9 les portes du dojo \u00e0 la hache, r\u00e9pandu de l&#8217;essence et incendi\u00e9 la structure. L&#8217;enqu\u00eate de police est en cours . Il [&hellip;]<\/p>\n","protected":false},"author":1,"featured_media":2071,"comment_status":"closed","ping_status":"closed","sticky":false,"template":"","format":"standard","meta":{"_exactmetrics_skip_tracking":false,"_exactmetrics_sitenote_active":false,"_exactmetrics_sitenote_note":"","_exactmetrics_sitenote_category":0,"ngg_post_thumbnail":0,"_jetpack_memberships_contains_paid_content":false,"footnotes":""},"categories":[5],"tags":[],"class_list":["post-2058","post","type-post","status-publish","format-standard","has-post-thumbnail","hentry","category-actualites-du-club"],"jetpack_featured_media_url":"https:\/\/i0.wp.com\/www.gojuryu93.com\/wp-content\/uploads\/2016\/08\/5994661_1-0-451972166_1000x625-e1470156619282.jpg?fit=200%2C125&ssl=1","jetpack_shortlink":"https:\/\/wp.me\/p6TujZ-xc","jetpack-related-posts":[{"id":2083,"url":"https:\/\/www.gojuryu93.com\/?p=2083","url_meta":{"origin":2058,"position":0},"title":"La rentr\u00e9e 2016-2017 arrive pr\u00e9parez vos kimonos !","author":"Team-Goju","date":"8 ao\u00fbt 2016","format":false,"excerpt":"Pr\u00e9parez votre rentr\u00e9e au Karat\u00e9 Club de Tremblay-en-France en t\u00e9l\u00e9chargeant et en pr\u00e9parant votre dossier\u00a0 pour gagner du temps lors des inscriptions aupr\u00e8s de nos dirigeants. N'oubliez pas votre certificat m\u00e9dical d'aptitude \u00e0 la pratique du karat\u00e9\u00a0 et des arts martiaux post\u00e9rieur au 01\/09\/2016 et le r\u00e8glement de votre cotisation\u2026","rel":"","context":"Dans &quot;Actualit\u00e9s du club&quot;","block_context":{"text":"Actualit\u00e9s du club","link":"https:\/\/www.gojuryu93.com\/?cat=5"},"img":{"alt_text":"","src":"https:\/\/i0.wp.com\/www.gojuryu93.com\/wp-content\/uploads\/2016\/08\/Projet-rentr%C3%A9e-2017-02_800x600-e1470668111458.jpg?fit=471%2C200&ssl=1&resize=350%2C200","width":350,"height":200},"classes":[]},{"id":1508,"url":"https:\/\/www.gojuryu93.com\/?p=1508","url_meta":{"origin":2058,"position":1},"title":"Journ\u00e9e &#8220;Portes ouvertes&#8221; &#8211; Dimanche 31 janvier 2016","author":"Team-Goju","date":"21 janvier 2016","format":false,"excerpt":"Le dimanche 31 janvier 2016, le Karat\u00e9 Club Gojuryu de Tremblay en France organise une \"journ\u00e9e portes ouvertes\" pour les parents des adh\u00e9rents. Une occasion unique de pratiquer avec vos enfants et en famille une initiation au karat\u00e9 Gojuryu et au Kubudo. Parents, grands parents, cousins, amis et copains seront\u2026","rel":"","context":"Dans &quot;Actualit\u00e9s du club&quot;","block_context":{"text":"Actualit\u00e9s du club","link":"https:\/\/www.gojuryu93.com\/?cat=5"},"img":{"alt_text":"Cliquez pour me t\u00e9l\u00e9charger","src":"https:\/\/i0.wp.com\/www.gojuryu93.com\/wp-content\/uploads\/2016\/01\/2016-Porte-ouverte-212x300.jpg?resize=350%2C200","width":350,"height":200,"srcset":"https:\/\/i0.wp.com\/www.gojuryu93.com\/wp-content\/uploads\/2016\/01\/2016-Porte-ouverte-212x300.jpg?resize=350%2C200 1x, https:\/\/i0.wp.com\/www.gojuryu93.com\/wp-content\/uploads\/2016\/01\/2016-Porte-ouverte-212x300.jpg?resize=525%2C300 1.5x"},"classes":[]},{"id":2182,"url":"https:\/\/www.gojuryu93.com\/?p=2182","url_meta":{"origin":2058,"position":2},"title":"Dimanche 11 d\u00e9cembre 2016 : La journ\u00e9e des parents et amis","author":"Team-Goju","date":"24 novembre 2016","format":false,"excerpt":"\u00a0Comme chaque ann\u00e9e le Karat\u00e9 Club de Tremblay-en-France organise une journ\u00e9e portes ouvertes r\u00e9serv\u00e9e aux parents et amis des adh\u00e9rents du Club afin qu'il d\u00e9couvrent la karat\u00e9 Goju-ryu et le travail effectu\u00e9 par les adh\u00e9rents. Retrouvons-nous Dimanche 11 d\u00e9cembre 2016 au Dojo Thierry Ngninteng, Avenue de la r\u00e9sistance (\u00e0 c\u00f4t\u00e9\u2026","rel":"","context":"Dans &quot;Portes ouvertes&quot;","block_context":{"text":"Portes ouvertes","link":"https:\/\/www.gojuryu93.com\/?cat=7"},"img":{"alt_text":"2016-portes-ouvertes","src":"https:\/\/i0.wp.com\/www.gojuryu93.com\/wp-content\/uploads\/2016\/11\/2016-portes-ouvertes-212x300.png?resize=350%2C200","width":350,"height":200,"srcset":"https:\/\/i0.wp.com\/www.gojuryu93.com\/wp-content\/uploads\/2016\/11\/2016-portes-ouvertes-212x300.png?resize=350%2C200 1x, https:\/\/i0.wp.com\/www.gojuryu93.com\/wp-content\/uploads\/2016\/11\/2016-portes-ouvertes-212x300.png?resize=525%2C300 1.5x, https:\/\/i0.wp.com\/www.gojuryu93.com\/wp-content\/uploads\/2016\/11\/2016-portes-ouvertes-212x300.png?resize=700%2C400 2x"},"classes":[]},{"id":1634,"url":"https:\/\/www.gojuryu93.com\/?p=1634","url_meta":{"origin":2058,"position":3},"title":"Participation exceptionnelle lors du stage Bernard Bilicki  du 30 janvier 2016","author":"Team-Goju","date":"30 janvier 2016","format":false,"excerpt":"Le 30 janvier 2016 se d\u00e9roulait dans le dojo de notre club, un stage expert f\u00e9d\u00e9ral organis\u00e9 par notre association avec le parrainage de la Ligue 93 de karat\u00e9\u00a0 et sous la direction de Bernard Bilicki expert f\u00e9d\u00e9ral 9 \u00e8me dan. Avec plus de 65 participants, ce stage a rencontr\u00e9\u2026","rel":"","context":"Dans &quot;Stages&quot;","block_context":{"text":"Stages","link":"https:\/\/www.gojuryu93.com\/?cat=3"},"img":{"alt_text":"","src":"https:\/\/i0.wp.com\/www.gojuryu93.com\/wp-content\/uploads\/2016\/01\/Stage_Bilicki_012016_73.jpg?fit=1024%2C309&ssl=1&resize=350%2C200","width":350,"height":200,"srcset":"https:\/\/i0.wp.com\/www.gojuryu93.com\/wp-content\/uploads\/2016\/01\/Stage_Bilicki_012016_73.jpg?fit=1024%2C309&ssl=1&resize=350%2C200 1x, https:\/\/i0.wp.com\/www.gojuryu93.com\/wp-content\/uploads\/2016\/01\/Stage_Bilicki_012016_73.jpg?fit=1024%2C309&ssl=1&resize=525%2C300 1.5x, https:\/\/i0.wp.com\/www.gojuryu93.com\/wp-content\/uploads\/2016\/01\/Stage_Bilicki_012016_73.jpg?fit=1024%2C309&ssl=1&resize=700%2C400 2x"},"classes":[]},{"id":2111,"url":"https:\/\/www.gojuryu93.com\/?p=2111","url_meta":{"origin":2058,"position":4},"title":"C&#8217;est parti ! C&#8217;est la rentr\u00e9e !","author":"Team-Goju","date":"4 septembre 2016","format":false,"excerpt":"Rappels pour la reprise des cours \u00a0 Rentr\u00e9e karat\u00e9 Adulte\u00a0 : Lundi 05 septembre 2016 \u00e0 19 h 30. Rentr\u00e9e Karat\u00e9 enfants\u00a0 : Jeudi 15 septembre 2016 \u00e0 18 h 15. Rentr\u00e9e Kobudo : Samedi 10 septembre 2016 \u00e0 10 h 30. N'oubliez pas de contacter vos professeurs et dirigeants\u2026","rel":"","context":"Dans &quot;Actualit\u00e9s du club&quot;","block_context":{"text":"Actualit\u00e9s du club","link":"https:\/\/www.gojuryu93.com\/?cat=5"},"img":{"alt_text":"visuel rentr\u00e9e","src":"https:\/\/i0.wp.com\/www.gojuryu93.com\/wp-content\/uploads\/2016\/09\/visuel-rentr%C3%A9e-300x212.png?resize=350%2C200","width":350,"height":200},"classes":[]},{"id":1332,"url":"https:\/\/www.gojuryu93.com\/?p=1332","url_meta":{"origin":2058,"position":5},"title":"STAGE EXPERT FEDERAL avec Bernard Bilicki","author":"Team-Goju","date":"2 d\u00e9cembre 2015","format":false,"excerpt":"Un Stage organis\u00e9 par le karat\u00e9 Club de Tremblay-en-France et s\u00e9lectionn\u00e9 par la commission des experts Karat\u00e9 et la ligue de Seine-Saint-Denis\u00a0 se d\u00e9roulera dans notre dojo des Cottages avec : Bernard BILICKI - Expert F\u00e9d\u00e9ral 9\u00e8me dan Le samedi 30 janvier 2016 de 9h00 \u00e0 12h00 Ce stage am\u00e8ne\u2026","rel":"","context":"Dans &quot;Actualit\u00e9s du club&quot;","block_context":{"text":"Actualit\u00e9s du club","link":"https:\/\/www.gojuryu93.com\/?cat=5"},"img":{"alt_text":"","src":"https:\/\/i0.wp.com\/www.gojuryu93.com\/wp-content\/uploads\/2015\/12\/stage_Bilicki_2016-212x300.jpg?resize=350%2C200","width":350,"height":200,"srcset":"https:\/\/i0.wp.com\/www.gojuryu93.com\/wp-content\/uploads\/2015\/12\/stage_Bilicki_2016-212x300.jpg?resize=350%2C200 1x, https:\/\/i0.wp.com\/www.gojuryu93.com\/wp-content\/uploads\/2015\/12\/stage_Bilicki_2016-212x300.jpg?resize=525%2C300 1.5x"},"classes":[]}],"jetpack_sharing_enabled":true,"_links":{"self":[{"href":"https:\/\/www.gojuryu93.com\/index.php?rest_route=\/wp\/v2\/posts\/2058","targetHints":{"allow":["GET"]}}],"collection":[{"href":"https:\/\/www.gojuryu93.com\/index.php?rest_route=\/wp\/v2\/posts"}],"about":[{"href":"https:\/\/www.gojuryu93.com\/index.php?rest_route=\/wp\/v2\/types\/post"}],"author":[{"embeddable":true,"href":"https:\/\/www.gojuryu93.com\/index.php?rest_route=\/wp\/v2\/users\/1"}],"replies":[{"embeddable":true,"href":"https:\/\/www.gojuryu93.com\/index.php?rest_route=%2Fwp%2Fv2%2Fcomments&post=2058"}],"version-history":[{"count":0,"href":"https:\/\/www.gojuryu93.com\/index.php?rest_route=\/wp\/v2\/posts\/2058\/revisions"}],"wp:featuredmedia":[{"embeddable":true,"href":"https:\/\/www.gojuryu93.com\/index.php?rest_route=\/wp\/v2\/media\/2071"}],"wp:attachment":[{"href":"https:\/\/www.gojuryu93.com\/index.php?rest_route=%2Fwp%2Fv2%2Fmedia&parent=2058"}],"wp:term":[{"taxonomy":"category","embeddable":true,"href":"https:\/\/www.gojuryu93.com\/index.php?rest_route=%2Fwp%2Fv2%2Fcategories&post=2058"},{"taxonomy":"post_tag","embeddable":true,"href":"https:\/\/www.gojuryu93.com\/index.php?rest_route=%2Fwp%2Fv2%2Ftags&post=2058"}],"curies":[{"name":"wp","href":"https:\/\/api.w.org\/{rel}","templated":true}]}}