{"id":2083,"date":"2016-08-08T15:54:03","date_gmt":"2016-08-08T14:54:03","guid":{"rendered":"http:\/\/www.gojuryu93.com\/?p=2083"},"modified":"2016-08-24T13:17:06","modified_gmt":"2016-08-24T12:17:06","slug":"la-rentree-2016-2017-arrive-preparez-vos-kimonos","status":"publish","type":"post","link":"https:\/\/www.gojuryu93.com\/?p=2083","title":{"rendered":"La rentr\u00e9e 2016-2017 arrive pr\u00e9parez vos kimonos !"},"content":{"rendered":"<p style=\"text-align: left;\"><img data-recalc-dims=\"1\" loading=\"lazy\" decoding=\"async\" data-attachment-id=\"2084\" data-permalink=\"https:\/\/www.gojuryu93.com\/?attachment_id=2084\" data-orig-file=\"https:\/\/i0.wp.com\/www.gojuryu93.com\/wp-content\/uploads\/2016\/08\/Projet-rentr%C3%A9e-2017-02_800x600-e1470668111458.jpg?fit=471%2C200&amp;ssl=1\" data-orig-size=\"471,200\" data-comments-opened=\"0\" data-image-meta=\"{&quot;aperture&quot;:&quot;0&quot;,&quot;credit&quot;:&quot;&quot;,&quot;camera&quot;:&quot;&quot;,&quot;caption&quot;:&quot;&quot;,&quot;created_timestamp&quot;:&quot;0&quot;,&quot;copyright&quot;:&quot;&quot;,&quot;focal_length&quot;:&quot;0&quot;,&quot;iso&quot;:&quot;0&quot;,&quot;shutter_speed&quot;:&quot;0&quot;,&quot;title&quot;:&quot;&quot;,&quot;orientation&quot;:&quot;0&quot;}\" data-image-title=\"rentree 2017\" data-image-description=\"\" data-image-caption=\"\" data-large-file=\"https:\/\/i0.wp.com\/www.gojuryu93.com\/wp-content\/uploads\/2016\/08\/Projet-rentr%C3%A9e-2017-02_800x600-e1470668111458.jpg?fit=471%2C200&amp;ssl=1\" class=\"aligncenter wp-image-2084\" src=\"https:\/\/i0.wp.com\/www.gojuryu93.com\/wp-content\/uploads\/2016\/08\/Projet-rentr%C3%A9e-2017-02_800x600.jpg?resize=610%2C260\" alt=\"rentree 2017\" width=\"610\" height=\"260\" \/><\/p>\n<p style=\"text-align: left;\"><div class=\"content_countdown\" id=\"main_countedown_1\"><div class=\"countdown\">\n\t\t\t\t<span class=\"element_conteiner\"><span  class=\"days time_left\">-3520<\/span><span class=\"time_description\">Jours<\/span><\/span>\n\t\t\t\t<span class=\"element_conteiner\"><span  class=\"hourse time_left\">-22<\/span><span class=\"time_description\">Heures<\/span><\/span>\n\t\t\t\t<span class=\"element_conteiner\"><span  class=\"minutes time_left\">-37<\/span><span class=\"time_description\">Minutes<\/span><\/span>\n\t\t\t\t<span class=\"element_conteiner\"><span  class=\"secondes time_left\">-57<\/span><span class=\"time_description\">Secondes<\/span><\/span>\n\t\t\t<\/div><\/div><script>\n        document.addEventListener('DOMContentLoaded', function(event) {\t\t\twpdevart_countdown_animated_element('','main_countedown_1'); jQuery(window).scroll(function(){wpdevart_countdown_animated_element('','main_countedown_1');});\n\t\t\tjQuery('#main_countedown_1 .countdown').html('Les inscriptions commencent. Inscriptions au Dojo des Cottage aupr\u00e8s des dirigeants et professeurs.')\n\t\t});\n\t\t<\/script><style>#main_countedown_1 .countdown{text-align:center;}#main_countedown_1 .countdown{margin-top:10px;margin-bottom:10px}#main_countedown_1 .time_left{\r\nborder-radius:8px;\r\nbackground-color:#3DA8CC;\r\nfont-size:30px;\r\nfont-family:monospace;\r\ncolor:#000000;\r\n}\r\n#main_countedown_1 .time_description{\r\nfont-size:22px;\r\nfont-family:monospace;\r\ncolor:#000000;\r\n}\r\n#main_countedown_1 .element_conteiner{min-width:105px}<\/style><\/p>\n<p style=\"text-align: left;\">Pr\u00e9parez votre rentr\u00e9e au Karat\u00e9 Club de Tremblay-en-France en t\u00e9l\u00e9chargeant et en pr\u00e9parant votre dossier\u00a0 pour gagner du temps lors des inscriptions aupr\u00e8s de nos dirigeants.<\/p>\n<p style=\"text-align: center;\"><span class='mb-center maxbutton-10-center'><span class='maxbutton-10-container mb-container'><a class=\"maxbutton-10 maxbutton maxbutton-telecharger-le-formulaire-inscription\" rel=\"nofollow noopener\" href=\"\/wp-content\/uploads\/2017\/inscription_web_2018\/inscription_gojury_2017_2018_web.pdf\"><span class='mb-text'>T\u00e9l\u00e9charger le formulaire d&#039;inscription<\/span><\/a><\/span><\/span><\/p>\n<p style=\"text-align: left;\">N&#8217;oubliez pas votre certificat m\u00e9dical d&#8217;aptitude \u00e0 la pratique du karat\u00e9\u00a0 et des arts martiaux post\u00e9rieur au 01\/09\/2016 et le r\u00e8glement de votre cotisation annuelle dont vous <a href=\"http:\/\/www.gojuryu93.com\/les-tarifs\/\"><strong>retrouverez la tarification sur cette page<\/strong> <\/a>en fonction de votre cat\u00e9gorie d&#8217;\u00e2ge.<\/p>\n<p style=\"text-align: left;\">D\u00e9j\u00e0 licenci\u00e9s ult\u00e9rieurement \u00e0 la F\u00e9d\u00e9ration Fran\u00e7aise de Karat\u00e9 indiquez imp\u00e9rativement votre num\u00e9ro de licence sur votre dossier d&#8217;inscription.<\/p>\n<p style=\"text-align: left;\">Pour tous, <strong>indiquez imp\u00e9rativement une adresse mail valide pour recevoir vos attestations de licences<\/strong> directement de la FFKDA (d\u00e9mat\u00e9rialisation des licences).<\/p>\n<p style=\"text-align: left;\">Pour cette rentr\u00e9e, les inscriptions se feront uniquement au <strong><em><span class=\"st\">DOJO DES COTTAGES 33-35 rue Hector Berlioz 93290 Tremblay en France <\/span><\/em><\/strong><span class=\"st\">a<\/span><span class=\"st\">upr\u00e8s des responsables du club. <\/span><\/p>\n<p style=\"text-align: left;\"><em><span style=\"text-decoration: underline;\"><span class=\"st\">Note importante<\/span><\/span><span class=\"st\"> :<\/span><\/em><\/p>\n<p style=\"text-align: left;\"><span class=\"st\">Nous ne pouvons garantir la reprise des cours du dimanche en d\u00e9but de saison en raison de la d\u00e9gradation criminelle du DOJO THIERRY NGNINTENG cet \u00e9t\u00e9.<\/span><\/p>\n","protected":false},"excerpt":{"rendered":"<p>Pr\u00e9parez votre rentr\u00e9e au Karat\u00e9 Club de Tremblay-en-France en t\u00e9l\u00e9chargeant et en pr\u00e9parant votre dossier\u00a0 pour gagner du temps lors des inscriptions aupr\u00e8s de nos dirigeants. N&#8217;oubliez pas votre certificat m\u00e9dical d&#8217;aptitude \u00e0 la pratique du karat\u00e9\u00a0 et des arts martiaux post\u00e9rieur au 01\/09\/2016 et le r\u00e8glement de votre cotisation annuelle dont vous retrouverez la [&hellip;]<\/p>\n","protected":false},"author":1,"featured_media":2084,"comment_status":"closed","ping_status":"closed","sticky":false,"template":"","format":"standard","meta":{"_exactmetrics_skip_tracking":false,"_exactmetrics_sitenote_active":false,"_exactmetrics_sitenote_note":"","_exactmetrics_sitenote_category":0,"ngg_post_thumbnail":0,"_jetpack_memberships_contains_paid_content":false,"footnotes":""},"categories":[5],"tags":[],"class_list":["post-2083","post","type-post","status-publish","format-standard","has-post-thumbnail","hentry","category-actualites-du-club"],"jetpack_featured_media_url":"https:\/\/i0.wp.com\/www.gojuryu93.com\/wp-content\/uploads\/2016\/08\/Projet-rentr%C3%A9e-2017-02_800x600-e1470668111458.jpg?fit=471%2C200&ssl=1","jetpack_shortlink":"https:\/\/wp.me\/p6TujZ-xB","jetpack-related-posts":[{"id":2111,"url":"https:\/\/www.gojuryu93.com\/?p=2111","url_meta":{"origin":2083,"position":0},"title":"C&#8217;est parti ! C&#8217;est la rentr\u00e9e !","author":"Team-Goju","date":"4 septembre 2016","format":false,"excerpt":"Rappels pour la reprise des cours \u00a0 Rentr\u00e9e karat\u00e9 Adulte\u00a0 : Lundi 05 septembre 2016 \u00e0 19 h 30. Rentr\u00e9e Karat\u00e9 enfants\u00a0 : Jeudi 15 septembre 2016 \u00e0 18 h 15. Rentr\u00e9e Kobudo : Samedi 10 septembre 2016 \u00e0 10 h 30. N'oubliez pas de contacter vos professeurs et dirigeants\u2026","rel":"","context":"Dans &quot;Actualit\u00e9s du club&quot;","block_context":{"text":"Actualit\u00e9s du club","link":"https:\/\/www.gojuryu93.com\/?cat=5"},"img":{"alt_text":"visuel rentr\u00e9e","src":"https:\/\/i0.wp.com\/www.gojuryu93.com\/wp-content\/uploads\/2016\/09\/visuel-rentr%C3%A9e-300x212.png?resize=350%2C200","width":350,"height":200},"classes":[]},{"id":2097,"url":"https:\/\/www.gojuryu93.com\/?p=2097","url_meta":{"origin":2083,"position":1},"title":"F\u00eate du sport &#8211; Forum des associations &#8211; Pr\u00e9parez votre rentr\u00e9e !","author":"Team-Goju","date":"24 ao\u00fbt 2016","format":false,"excerpt":"Pr\u00e9parez votre rentr\u00e9e du Karat\u00e9 et du Kobudo en visitant notre stand\u00a0 de la F\u00eate du sport - Forum des associations le samedi 3 septembre au Parc des Sport de 14 \u00e0 19 heures. Nos professeurs et dirigeants vous accueilleront pour vous donner tous les renseignements sur nos disciplines et\u2026","rel":"","context":"Dans &quot;Actualit\u00e9s du club&quot;","block_context":{"text":"Actualit\u00e9s du club","link":"https:\/\/www.gojuryu93.com\/?cat=5"},"img":{"alt_text":"","src":"https:\/\/i0.wp.com\/www.gojuryu93.com\/wp-content\/uploads\/2016\/08\/fa-fs-2016-300x188.jpg?resize=350%2C200","width":350,"height":200,"srcset":"https:\/\/i0.wp.com\/www.gojuryu93.com\/wp-content\/uploads\/2016\/08\/fa-fs-2016-300x188.jpg?resize=350%2C200 1x, https:\/\/i0.wp.com\/www.gojuryu93.com\/wp-content\/uploads\/2016\/08\/fa-fs-2016-300x188.jpg?resize=525%2C300 1.5x"},"classes":[]},{"id":3124,"url":"https:\/\/www.gojuryu93.com\/?p=3124","url_meta":{"origin":2083,"position":2},"title":"Bient\u00f4t les vacances d&#8217;\u00e9t\u00e9 : Dates des derniers cours","author":"Team-Goju","date":"15 juin 2017","format":false,"excerpt":"Bient\u00f4t les vacances d'\u00e9t\u00e9 et un juste repos s'impose pour tous. Les derniers cours pour la saison 2016-2017 auront lieu : Pour le Kobudo adultes\u00a0 - le 24 juin 2017. Pour le Kobudo enfants\u00a0 - le 26 juin 2017. Pour le Karat\u00e9 toutes sections - le 29 juin 2017. L'\u00e9quipe\u2026","rel":"","context":"Dans &quot;Actualit\u00e9s du club&quot;","block_context":{"text":"Actualit\u00e9s du club","link":"https:\/\/www.gojuryu93.com\/?cat=5"},"img":{"alt_text":"","src":"https:\/\/i0.wp.com\/www.gojuryu93.com\/wp-content\/uploads\/2017\/06\/Vacances-%C3%A9t%C3%A9-2017-300x199.jpg?resize=350%2C200","width":350,"height":200,"srcset":"https:\/\/i0.wp.com\/www.gojuryu93.com\/wp-content\/uploads\/2017\/06\/Vacances-%C3%A9t%C3%A9-2017-300x199.jpg?resize=350%2C200 1x, https:\/\/i0.wp.com\/www.gojuryu93.com\/wp-content\/uploads\/2017\/06\/Vacances-%C3%A9t%C3%A9-2017-300x199.jpg?resize=525%2C300 1.5x, https:\/\/i0.wp.com\/www.gojuryu93.com\/wp-content\/uploads\/2017\/06\/Vacances-%C3%A9t%C3%A9-2017-300x199.jpg?resize=700%2C400 2x"},"classes":[]},{"id":2943,"url":"https:\/\/www.gojuryu93.com\/?p=2943","url_meta":{"origin":2083,"position":3},"title":"Coupe de France Karat\u00e9 Goju-Ryu \/ Kobudo &#8211; Gymnase L\u00e9o LAGRANGE (Paris 12\u00e8me) &#8211; Samedi 25 mars 2017","author":"Team-Goju","date":"23 f\u00e9vrier 2017","format":false,"excerpt":"Prochainement : Coupe de France Karat\u00e9 Goju-Ryu \/ Kobudo - Samedi 25 mars 2017 Les comp\u00e9titeurs du club d\u00e9sirant participer \u00e0 la Coupe de France de Karat\u00e9 Gojuyu sont invit\u00e9s \u00e0 se faire connaitre aupr\u00e8s des professeurs afin de proc\u00e9der \u00e0 leur inscriptions.","rel":"","context":"Dans &quot;Actualit\u00e9s du club&quot;","block_context":{"text":"Actualit\u00e9s du club","link":"https:\/\/www.gojuryu93.com\/?cat=5"},"img":{"alt_text":"","src":"https:\/\/i0.wp.com\/www.gojuryu93.com\/wp-content\/uploads\/2017\/02\/Cp_GojuRyu-Kobudo_250320017_Prog-e1487855128783.png?fit=200%2C283&ssl=1&resize=350%2C200","width":350,"height":200},"classes":[]},{"id":1308,"url":"https:\/\/www.gojuryu93.com\/?p=1308","url_meta":{"origin":2083,"position":4},"title":"Plan Vigipirate &#8220;Alerte attentats&#8221; : Pensez \u00e0 vous renseigner sur les ouvertures des dojos","author":"Team-Goju","date":"14 novembre 2015","format":false,"excerpt":"En raison des tristes \u00e9v\u00e9nements qui ont frapp\u00e9s la r\u00e9gion parisienne le 13 novembre 2015, l'\u00e9tat d'urgence est d\u00e9cr\u00e9t\u00e9 sur notre territoire pour une dur\u00e9e de 3 mois et peut-\u00eatre plus. Cela occasionne des annulations et des fermetures de salles en fonction des d\u00e9cisions gouvernementales et administratives pour pr\u00e9server la\u2026","rel":"","context":"Dans &quot;Actualit\u00e9s du club&quot;","block_context":{"text":"Actualit\u00e9s du club","link":"https:\/\/www.gojuryu93.com\/?cat=5"},"img":{"alt_text":"","src":"https:\/\/i0.wp.com\/www.gojuryu93.com\/wp-content\/uploads\/2015\/11\/logo_vigipirate_alratt.jpg?fit=1200%2C1191&ssl=1&resize=350%2C200","width":350,"height":200,"srcset":"https:\/\/i0.wp.com\/www.gojuryu93.com\/wp-content\/uploads\/2015\/11\/logo_vigipirate_alratt.jpg?fit=1200%2C1191&ssl=1&resize=350%2C200 1x, https:\/\/i0.wp.com\/www.gojuryu93.com\/wp-content\/uploads\/2015\/11\/logo_vigipirate_alratt.jpg?fit=1200%2C1191&ssl=1&resize=525%2C300 1.5x, https:\/\/i0.wp.com\/www.gojuryu93.com\/wp-content\/uploads\/2015\/11\/logo_vigipirate_alratt.jpg?fit=1200%2C1191&ssl=1&resize=700%2C400 2x, https:\/\/i0.wp.com\/www.gojuryu93.com\/wp-content\/uploads\/2015\/11\/logo_vigipirate_alratt.jpg?fit=1200%2C1191&ssl=1&resize=1050%2C600 3x"},"classes":[]},{"id":1997,"url":"https:\/\/www.gojuryu93.com\/?p=1997","url_meta":{"origin":2083,"position":5},"title":"C&#8217;est bient\u00f4t la pause estivale","author":"Team-Goju","date":"23 juin 2016","format":false,"excerpt":"Bient\u00f4t la pause estivale, chacun va donc b\u00e9n\u00e9ficier de vacances bien gagn\u00e9es, votre club aussi. Les derniers cours pour la saison 2015-2016 se termineront le jeudi 30 juin 2016 \u00e0 l'issue des cours. La reprise de la saison 2016-2017 pour les diff\u00e9rentes sections s'effectuera\u00a0 de la mani\u00e8re suivante : Karat\u00e9\u2026","rel":"","context":"Dans &quot;Actualit\u00e9s du club&quot;","block_context":{"text":"Actualit\u00e9s du club","link":"https:\/\/www.gojuryu93.com\/?cat=5"},"img":{"alt_text":"","src":"https:\/\/i0.wp.com\/www.gojuryu93.com\/wp-content\/uploads\/2016\/06\/vacances-2016-1-e1467283904499.png?fit=485%2C200&ssl=1&resize=350%2C200","width":350,"height":200},"classes":[]}],"jetpack_sharing_enabled":true,"_links":{"self":[{"href":"https:\/\/www.gojuryu93.com\/index.php?rest_route=\/wp\/v2\/posts\/2083","targetHints":{"allow":["GET"]}}],"collection":[{"href":"https:\/\/www.gojuryu93.com\/index.php?rest_route=\/wp\/v2\/posts"}],"about":[{"href":"https:\/\/www.gojuryu93.com\/index.php?rest_route=\/wp\/v2\/types\/post"}],"author":[{"embeddable":true,"href":"https:\/\/www.gojuryu93.com\/index.php?rest_route=\/wp\/v2\/users\/1"}],"replies":[{"embeddable":true,"href":"https:\/\/www.gojuryu93.com\/index.php?rest_route=%2Fwp%2Fv2%2Fcomments&post=2083"}],"version-history":[{"count":0,"href":"https:\/\/www.gojuryu93.com\/index.php?rest_route=\/wp\/v2\/posts\/2083\/revisions"}],"wp:featuredmedia":[{"embeddable":true,"href":"https:\/\/www.gojuryu93.com\/index.php?rest_route=\/wp\/v2\/media\/2084"}],"wp:attachment":[{"href":"https:\/\/www.gojuryu93.com\/index.php?rest_route=%2Fwp%2Fv2%2Fmedia&parent=2083"}],"wp:term":[{"taxonomy":"category","embeddable":true,"href":"https:\/\/www.gojuryu93.com\/index.php?rest_route=%2Fwp%2Fv2%2Fcategories&post=2083"},{"taxonomy":"post_tag","embeddable":true,"href":"https:\/\/www.gojuryu93.com\/index.php?rest_route=%2Fwp%2Fv2%2Ftags&post=2083"}],"curies":[{"name":"wp","href":"https:\/\/api.w.org\/{rel}","templated":true}]}}