{"id":2097,"date":"2016-08-24T13:11:23","date_gmt":"2016-08-24T12:11:23","guid":{"rendered":"http:\/\/www.gojuryu93.com\/?p=2097"},"modified":"2016-09-04T17:54:19","modified_gmt":"2016-09-04T16:54:19","slug":"fete-du-sport-forum-des-associations-preparez-votre-rentree","status":"publish","type":"post","link":"https:\/\/www.gojuryu93.com\/?p=2097","title":{"rendered":"F\u00eate du sport &#8211; Forum des associations &#8211; Pr\u00e9parez votre rentr\u00e9e !"},"content":{"rendered":"<div id=\"attachment_2098\" style=\"width: 655px\" class=\"wp-caption aligncenter\"><a href=\"http:\/\/www.tremblay-en-france.fr\/fr\/agenda\/agenda-cal\/detail-de-lagenda.html?tx_cal_controller%5Bview%5D=event&amp;tx_cal_controller%5Btype%5D=tx_cal_phpicalendar&amp;tx_cal_controller%5Buid%5D=144&amp;tx_cal_controller%5Blastview%5D=view-list%7Cpage_id-65&amp;tx_cal_controller%5Byear%5D=2016&amp;tx_cal_controller%5Bmonth%5D=09&amp;tx_cal_controller%5Bday%5D=03&amp;cHash=a0ba84eda181a899c0a8df311b40af37\"><img data-recalc-dims=\"1\" loading=\"lazy\" decoding=\"async\" aria-describedby=\"caption-attachment-2098\" data-attachment-id=\"2098\" data-permalink=\"https:\/\/www.gojuryu93.com\/?attachment_id=2098\" data-orig-file=\"https:\/\/i0.wp.com\/www.gojuryu93.com\/wp-content\/uploads\/2016\/08\/fa-fs-2016-e1472040653259.jpg?fit=200%2C125&amp;ssl=1\" data-orig-size=\"200,125\" data-comments-opened=\"0\" data-image-meta=\"{&quot;aperture&quot;:&quot;0&quot;,&quot;credit&quot;:&quot;&quot;,&quot;camera&quot;:&quot;&quot;,&quot;caption&quot;:&quot;&quot;,&quot;created_timestamp&quot;:&quot;0&quot;,&quot;copyright&quot;:&quot;&quot;,&quot;focal_length&quot;:&quot;0&quot;,&quot;iso&quot;:&quot;0&quot;,&quot;shutter_speed&quot;:&quot;0&quot;,&quot;title&quot;:&quot;&quot;,&quot;orientation&quot;:&quot;0&quot;}\" data-image-title=\"fa-fs-2016\" data-image-description=\"\" data-image-caption=\"\" data-large-file=\"https:\/\/i0.wp.com\/www.gojuryu93.com\/wp-content\/uploads\/2016\/08\/fa-fs-2016-e1472040653259.jpg?fit=200%2C125&amp;ssl=1\" class=\"wp-image-2098\" src=\"https:\/\/i0.wp.com\/www.gojuryu93.com\/wp-content\/uploads\/2016\/08\/fa-fs-2016.jpg?resize=610%2C382\" width=\"610\" height=\"382\" \/><\/a><p id=\"caption-attachment-2098\" class=\"wp-caption-text\">\u00a9 2016 &#8211; Tremblay-en-France<\/p><\/div>\n<p>Pr\u00e9parez votre rentr\u00e9e du Karat\u00e9 et du Kobudo en visitant notre stand\u00a0 de la F\u00eate du sport &#8211; Forum des associations le samedi 3 septembre au Parc des Sport de 14 \u00e0 19 heures.<\/p>\n<p>Nos professeurs et dirigeants vous accueilleront pour vous donner tous les renseignements sur nos disciplines et leur pratique.<\/p>\n<p>Venez-nombreux !<\/p>\n<p>Retrouver le programme de la journ\u00e9e <a href=\"http:\/\/www.tremblay-en-france.fr\/fileadmin\/Fichiers\/Stockage\/ville-a-vivre\/sports\/programme-fa-fs-2016.pdf\">ici<\/a> ou sur le <a href=\"http:\/\/www.tremblay-en-france.fr\/fr\/agenda\/agenda-cal\/detail-de-lagenda.html?tx_cal_controller%5Bview%5D=event&amp;tx_cal_controller%5Btype%5D=tx_cal_phpicalendar&amp;tx_cal_controller%5Buid%5D=144&amp;tx_cal_controller%5Blastview%5D=view-list%7Cpage_id-65&amp;tx_cal_controller%5Byear%5D=2016&amp;tx_cal_controller%5Bmonth%5D=09&amp;tx_cal_controller%5Bday%5D=03&amp;cHash=a0ba84eda181a899c0a8df311b40af37\">site de la ville de Tremblay-en-France<\/a>.<\/p>\n<p><a href=\"http:\/\/www.tremblay-en-france.fr\/fileadmin\/Fichiers\/Stockage\/ville-a-vivre\/sports\/programme-fa-fs-2016.pdf\"><img data-recalc-dims=\"1\" loading=\"lazy\" decoding=\"async\" data-attachment-id=\"2101\" data-permalink=\"https:\/\/www.gojuryu93.com\/?attachment_id=2101\" data-orig-file=\"https:\/\/i0.wp.com\/www.gojuryu93.com\/wp-content\/uploads\/2016\/08\/programme-fa-fs-2016-1_Page_1couv.jpg?fit=1024%2C637&amp;ssl=1\" data-orig-size=\"1024,637\" data-comments-opened=\"0\" data-image-meta=\"{&quot;aperture&quot;:&quot;0&quot;,&quot;credit&quot;:&quot;&quot;,&quot;camera&quot;:&quot;&quot;,&quot;caption&quot;:&quot;&quot;,&quot;created_timestamp&quot;:&quot;0&quot;,&quot;copyright&quot;:&quot;&quot;,&quot;focal_length&quot;:&quot;0&quot;,&quot;iso&quot;:&quot;0&quot;,&quot;shutter_speed&quot;:&quot;0&quot;,&quot;title&quot;:&quot;&quot;,&quot;orientation&quot;:&quot;0&quot;}\" data-image-title=\"programme-fa-fs-2016-1_Page_1couv\" data-image-description=\"\" data-image-caption=\"\" data-large-file=\"https:\/\/i0.wp.com\/www.gojuryu93.com\/wp-content\/uploads\/2016\/08\/programme-fa-fs-2016-1_Page_1couv.jpg?fit=610%2C379&amp;ssl=1\" class=\"aligncenter wp-image-2101\" src=\"https:\/\/i0.wp.com\/www.gojuryu93.com\/wp-content\/uploads\/2016\/08\/programme-fa-fs-2016-1_Page_1couv.jpg?resize=610%2C380\" alt=\"programme-fa-fs-2016-1_Page_1couv\" width=\"610\" height=\"380\" srcset=\"https:\/\/i0.wp.com\/www.gojuryu93.com\/wp-content\/uploads\/2016\/08\/programme-fa-fs-2016-1_Page_1couv.jpg?resize=300%2C187&amp;ssl=1 300w, https:\/\/i0.wp.com\/www.gojuryu93.com\/wp-content\/uploads\/2016\/08\/programme-fa-fs-2016-1_Page_1couv.jpg?w=1024&amp;ssl=1 1024w\" sizes=\"auto, (max-width: 610px) 100vw, 610px\" \/><\/a><\/p>\n<p><a href=\"http:\/\/www.tremblay-en-france.fr\/fileadmin\/Fichiers\/Stockage\/ville-a-vivre\/sports\/programme-fa-fs-2016.pdf\"><img data-recalc-dims=\"1\" loading=\"lazy\" decoding=\"async\" data-attachment-id=\"2100\" data-permalink=\"https:\/\/www.gojuryu93.com\/?attachment_id=2100\" data-orig-file=\"https:\/\/i0.wp.com\/www.gojuryu93.com\/wp-content\/uploads\/2016\/08\/programme-fa-fs-2016-1_Page_1bis.jpg?fit=1024%2C693&amp;ssl=1\" data-orig-size=\"1024,693\" data-comments-opened=\"0\" data-image-meta=\"{&quot;aperture&quot;:&quot;0&quot;,&quot;credit&quot;:&quot;&quot;,&quot;camera&quot;:&quot;&quot;,&quot;caption&quot;:&quot;&quot;,&quot;created_timestamp&quot;:&quot;0&quot;,&quot;copyright&quot;:&quot;&quot;,&quot;focal_length&quot;:&quot;0&quot;,&quot;iso&quot;:&quot;0&quot;,&quot;shutter_speed&quot;:&quot;0&quot;,&quot;title&quot;:&quot;&quot;,&quot;orientation&quot;:&quot;0&quot;}\" data-image-title=\"programme-fa-fs-2016-1_Page_1bis\" data-image-description=\"\" data-image-caption=\"\" data-large-file=\"https:\/\/i0.wp.com\/www.gojuryu93.com\/wp-content\/uploads\/2016\/08\/programme-fa-fs-2016-1_Page_1bis.jpg?fit=610%2C413&amp;ssl=1\" class=\"aligncenter wp-image-2100\" src=\"https:\/\/i0.wp.com\/www.gojuryu93.com\/wp-content\/uploads\/2016\/08\/programme-fa-fs-2016-1_Page_1bis.jpg?resize=610%2C412\" alt=\"programme-fa-fs-2016-1_Page_1bis\" width=\"610\" height=\"412\" srcset=\"https:\/\/i0.wp.com\/www.gojuryu93.com\/wp-content\/uploads\/2016\/08\/programme-fa-fs-2016-1_Page_1bis.jpg?resize=300%2C203&amp;ssl=1 300w, https:\/\/i0.wp.com\/www.gojuryu93.com\/wp-content\/uploads\/2016\/08\/programme-fa-fs-2016-1_Page_1bis.jpg?w=1024&amp;ssl=1 1024w\" sizes=\"auto, (max-width: 610px) 100vw, 610px\" \/><\/a><a href=\"http:\/\/www.tremblay-en-france.fr\/fileadmin\/Fichiers\/Stockage\/ville-a-vivre\/sports\/programme-fa-fs-2016.pdf\"><img data-recalc-dims=\"1\" loading=\"lazy\" decoding=\"async\" data-attachment-id=\"2099\" data-permalink=\"https:\/\/www.gojuryu93.com\/?attachment_id=2099\" data-orig-file=\"https:\/\/i0.wp.com\/www.gojuryu93.com\/wp-content\/uploads\/2016\/08\/programme-fa-fs-2016-1_Page_2.jpg?fit=1795%2C2514&amp;ssl=1\" data-orig-size=\"1795,2514\" data-comments-opened=\"0\" data-image-meta=\"{&quot;aperture&quot;:&quot;0&quot;,&quot;credit&quot;:&quot;&quot;,&quot;camera&quot;:&quot;&quot;,&quot;caption&quot;:&quot;&quot;,&quot;created_timestamp&quot;:&quot;0&quot;,&quot;copyright&quot;:&quot;&quot;,&quot;focal_length&quot;:&quot;0&quot;,&quot;iso&quot;:&quot;0&quot;,&quot;shutter_speed&quot;:&quot;0&quot;,&quot;title&quot;:&quot;&quot;,&quot;orientation&quot;:&quot;0&quot;}\" data-image-title=\"programme-fa-fs-2016-1_Page_2\" data-image-description=\"\" data-image-caption=\"\" data-large-file=\"https:\/\/i0.wp.com\/www.gojuryu93.com\/wp-content\/uploads\/2016\/08\/programme-fa-fs-2016-1_Page_2.jpg?fit=610%2C855&amp;ssl=1\" class=\"aligncenter wp-image-2099\" src=\"https:\/\/i0.wp.com\/www.gojuryu93.com\/wp-content\/uploads\/2016\/08\/programme-fa-fs-2016-1_Page_2.jpg?resize=610%2C855\" alt=\"programme-fa-fs-2016-1_Page_2\" width=\"610\" height=\"855\" srcset=\"https:\/\/i0.wp.com\/www.gojuryu93.com\/wp-content\/uploads\/2016\/08\/programme-fa-fs-2016-1_Page_2.jpg?resize=214%2C300&amp;ssl=1 214w, https:\/\/i0.wp.com\/www.gojuryu93.com\/wp-content\/uploads\/2016\/08\/programme-fa-fs-2016-1_Page_2.jpg?resize=731%2C1024&amp;ssl=1 731w, https:\/\/i0.wp.com\/www.gojuryu93.com\/wp-content\/uploads\/2016\/08\/programme-fa-fs-2016-1_Page_2.jpg?w=1795&amp;ssl=1 1795w, https:\/\/i0.wp.com\/www.gojuryu93.com\/wp-content\/uploads\/2016\/08\/programme-fa-fs-2016-1_Page_2.jpg?w=1220 1220w\" sizes=\"auto, (max-width: 610px) 100vw, 610px\" \/><\/a><\/p>\n","protected":false},"excerpt":{"rendered":"<p>Pr\u00e9parez votre rentr\u00e9e du Karat\u00e9 et du Kobudo en visitant notre stand\u00a0 de la F\u00eate du sport &#8211; Forum des associations le samedi 3 septembre au Parc des Sport de 14 \u00e0 19 heures. Nos professeurs et dirigeants vous accueilleront pour vous donner tous les renseignements sur nos disciplines et leur pratique. Venez-nombreux ! Retrouver [&hellip;]<\/p>\n","protected":false},"author":1,"featured_media":2098,"comment_status":"closed","ping_status":"closed","sticky":false,"template":"","format":"standard","meta":{"_exactmetrics_skip_tracking":false,"_exactmetrics_sitenote_active":false,"_exactmetrics_sitenote_note":"","_exactmetrics_sitenote_category":0,"ngg_post_thumbnail":0,"_jetpack_memberships_contains_paid_content":false,"footnotes":""},"categories":[5],"tags":[],"class_list":["post-2097","post","type-post","status-publish","format-standard","has-post-thumbnail","hentry","category-actualites-du-club"],"jetpack_featured_media_url":"https:\/\/i0.wp.com\/www.gojuryu93.com\/wp-content\/uploads\/2016\/08\/fa-fs-2016-e1472040653259.jpg?fit=200%2C125&ssl=1","jetpack_shortlink":"https:\/\/wp.me\/p6TujZ-xP","jetpack-related-posts":[{"id":1997,"url":"https:\/\/www.gojuryu93.com\/?p=1997","url_meta":{"origin":2097,"position":0},"title":"C&#8217;est bient\u00f4t la pause estivale","author":"Team-Goju","date":"23 juin 2016","format":false,"excerpt":"Bient\u00f4t la pause estivale, chacun va donc b\u00e9n\u00e9ficier de vacances bien gagn\u00e9es, votre club aussi. Les derniers cours pour la saison 2015-2016 se termineront le jeudi 30 juin 2016 \u00e0 l'issue des cours. La reprise de la saison 2016-2017 pour les diff\u00e9rentes sections s'effectuera\u00a0 de la mani\u00e8re suivante : Karat\u00e9\u2026","rel":"","context":"Dans &quot;Actualit\u00e9s du club&quot;","block_context":{"text":"Actualit\u00e9s du club","link":"https:\/\/www.gojuryu93.com\/?cat=5"},"img":{"alt_text":"","src":"https:\/\/i0.wp.com\/www.gojuryu93.com\/wp-content\/uploads\/2016\/06\/vacances-2016-1-e1467283904499.png?fit=485%2C200&ssl=1&resize=350%2C200","width":350,"height":200},"classes":[]},{"id":2083,"url":"https:\/\/www.gojuryu93.com\/?p=2083","url_meta":{"origin":2097,"position":1},"title":"La rentr\u00e9e 2016-2017 arrive pr\u00e9parez vos kimonos !","author":"Team-Goju","date":"8 ao\u00fbt 2016","format":false,"excerpt":"Pr\u00e9parez votre rentr\u00e9e au Karat\u00e9 Club de Tremblay-en-France en t\u00e9l\u00e9chargeant et en pr\u00e9parant votre dossier\u00a0 pour gagner du temps lors des inscriptions aupr\u00e8s de nos dirigeants. N'oubliez pas votre certificat m\u00e9dical d'aptitude \u00e0 la pratique du karat\u00e9\u00a0 et des arts martiaux post\u00e9rieur au 01\/09\/2016 et le r\u00e8glement de votre cotisation\u2026","rel":"","context":"Dans &quot;Actualit\u00e9s du club&quot;","block_context":{"text":"Actualit\u00e9s du club","link":"https:\/\/www.gojuryu93.com\/?cat=5"},"img":{"alt_text":"","src":"https:\/\/i0.wp.com\/www.gojuryu93.com\/wp-content\/uploads\/2016\/08\/Projet-rentr%C3%A9e-2017-02_800x600-e1470668111458.jpg?fit=471%2C200&ssl=1&resize=350%2C200","width":350,"height":200},"classes":[]},{"id":3124,"url":"https:\/\/www.gojuryu93.com\/?p=3124","url_meta":{"origin":2097,"position":2},"title":"Bient\u00f4t les vacances d&#8217;\u00e9t\u00e9 : Dates des derniers cours","author":"Team-Goju","date":"15 juin 2017","format":false,"excerpt":"Bient\u00f4t les vacances d'\u00e9t\u00e9 et un juste repos s'impose pour tous. Les derniers cours pour la saison 2016-2017 auront lieu : Pour le Kobudo adultes\u00a0 - le 24 juin 2017. Pour le Kobudo enfants\u00a0 - le 26 juin 2017. Pour le Karat\u00e9 toutes sections - le 29 juin 2017. L'\u00e9quipe\u2026","rel":"","context":"Dans &quot;Actualit\u00e9s du club&quot;","block_context":{"text":"Actualit\u00e9s du club","link":"https:\/\/www.gojuryu93.com\/?cat=5"},"img":{"alt_text":"","src":"https:\/\/i0.wp.com\/www.gojuryu93.com\/wp-content\/uploads\/2017\/06\/Vacances-%C3%A9t%C3%A9-2017-300x199.jpg?resize=350%2C200","width":350,"height":200,"srcset":"https:\/\/i0.wp.com\/www.gojuryu93.com\/wp-content\/uploads\/2017\/06\/Vacances-%C3%A9t%C3%A9-2017-300x199.jpg?resize=350%2C200 1x, https:\/\/i0.wp.com\/www.gojuryu93.com\/wp-content\/uploads\/2017\/06\/Vacances-%C3%A9t%C3%A9-2017-300x199.jpg?resize=525%2C300 1.5x, https:\/\/i0.wp.com\/www.gojuryu93.com\/wp-content\/uploads\/2017\/06\/Vacances-%C3%A9t%C3%A9-2017-300x199.jpg?resize=700%2C400 2x"},"classes":[]},{"id":2058,"url":"https:\/\/www.gojuryu93.com\/?p=2058","url_meta":{"origin":2097,"position":3},"title":"Incendie criminel au Dojo Ngninteng","author":"Team-Goju","date":"2 ao\u00fbt 2016","format":false,"excerpt":"C'est avec une grande tristesse que nous apprenons qu'un incendie criminel a \u00e9t\u00e9 perp\u00e9tr\u00e9 au Dojo Ngninteng dans la nuit de samedi \u00e0 dimanche 24 juillet 2016 par quatre individus qui ont forc\u00e9 les portes du dojo \u00e0 la hache, r\u00e9pandu de l'essence et incendi\u00e9 la structure. L'enqu\u00eate de police\u2026","rel":"","context":"Dans &quot;Actualit\u00e9s du club&quot;","block_context":{"text":"Actualit\u00e9s du club","link":"https:\/\/www.gojuryu93.com\/?cat=5"},"img":{"alt_text":"","src":"https:\/\/i0.wp.com\/s1.lprs1.fr\/images\/2016\/07\/26\/5994661_1-0-451972166_1000x625.jpg?resize=350%2C200","width":350,"height":200,"srcset":"https:\/\/i0.wp.com\/s1.lprs1.fr\/images\/2016\/07\/26\/5994661_1-0-451972166_1000x625.jpg?resize=350%2C200 1x, https:\/\/i0.wp.com\/s1.lprs1.fr\/images\/2016\/07\/26\/5994661_1-0-451972166_1000x625.jpg?resize=525%2C300 1.5x, https:\/\/i0.wp.com\/s1.lprs1.fr\/images\/2016\/07\/26\/5994661_1-0-451972166_1000x625.jpg?resize=700%2C400 2x"},"classes":[]},{"id":2111,"url":"https:\/\/www.gojuryu93.com\/?p=2111","url_meta":{"origin":2097,"position":4},"title":"C&#8217;est parti ! C&#8217;est la rentr\u00e9e !","author":"Team-Goju","date":"4 septembre 2016","format":false,"excerpt":"Rappels pour la reprise des cours \u00a0 Rentr\u00e9e karat\u00e9 Adulte\u00a0 : Lundi 05 septembre 2016 \u00e0 19 h 30. Rentr\u00e9e Karat\u00e9 enfants\u00a0 : Jeudi 15 septembre 2016 \u00e0 18 h 15. Rentr\u00e9e Kobudo : Samedi 10 septembre 2016 \u00e0 10 h 30. N'oubliez pas de contacter vos professeurs et dirigeants\u2026","rel":"","context":"Dans &quot;Actualit\u00e9s du club&quot;","block_context":{"text":"Actualit\u00e9s du club","link":"https:\/\/www.gojuryu93.com\/?cat=5"},"img":{"alt_text":"visuel rentr\u00e9e","src":"https:\/\/i0.wp.com\/www.gojuryu93.com\/wp-content\/uploads\/2016\/09\/visuel-rentr%C3%A9e-300x212.png?resize=350%2C200","width":350,"height":200},"classes":[]},{"id":1966,"url":"https:\/\/www.gojuryu93.com\/?p=1966","url_meta":{"origin":2097,"position":5},"title":"Participation du Karat\u00e9 Club de Tremblay \u00e0 la Soir\u00e9e des Arts Martiaux de Juilly","author":"Team-Goju","date":"3 juin 2016","format":false,"excerpt":"\u00a0 Le Club de Karat\u00e9 de Tremblay en France participera \u00e0 la \"Soir\u00e9e\u00a0 des arts martiaux\" de Juilly en effectuant des d\u00e9monstrations de karat\u00e9\u00a0 Goju-ryu et de Kobudo. Nous invitons cordialement tous nos adh\u00e9rents, leurs parents et amis\u00a0 \u00e0 se rendre \u00e0 ce spectacle pour encourager les participants de notre\u2026","rel":"","context":"Dans &quot;Actualit\u00e9s du club&quot;","block_context":{"text":"Actualit\u00e9s du club","link":"https:\/\/www.gojuryu93.com\/?cat=5"},"img":{"alt_text":"Nuit arts martiaux 2016","src":"https:\/\/i0.wp.com\/www.gojuryu93.com\/wp-content\/uploads\/2016\/06\/Nuit-arts-martiaux-2016-2-300x169.jpg?resize=350%2C200","width":350,"height":200,"srcset":"https:\/\/i0.wp.com\/www.gojuryu93.com\/wp-content\/uploads\/2016\/06\/Nuit-arts-martiaux-2016-2-300x169.jpg?resize=350%2C200 1x, https:\/\/i0.wp.com\/www.gojuryu93.com\/wp-content\/uploads\/2016\/06\/Nuit-arts-martiaux-2016-2-300x169.jpg?resize=525%2C300 1.5x, https:\/\/i0.wp.com\/www.gojuryu93.com\/wp-content\/uploads\/2016\/06\/Nuit-arts-martiaux-2016-2-300x169.jpg?resize=700%2C400 2x"},"classes":[]}],"jetpack_sharing_enabled":true,"_links":{"self":[{"href":"https:\/\/www.gojuryu93.com\/index.php?rest_route=\/wp\/v2\/posts\/2097","targetHints":{"allow":["GET"]}}],"collection":[{"href":"https:\/\/www.gojuryu93.com\/index.php?rest_route=\/wp\/v2\/posts"}],"about":[{"href":"https:\/\/www.gojuryu93.com\/index.php?rest_route=\/wp\/v2\/types\/post"}],"author":[{"embeddable":true,"href":"https:\/\/www.gojuryu93.com\/index.php?rest_route=\/wp\/v2\/users\/1"}],"replies":[{"embeddable":true,"href":"https:\/\/www.gojuryu93.com\/index.php?rest_route=%2Fwp%2Fv2%2Fcomments&post=2097"}],"version-history":[{"count":0,"href":"https:\/\/www.gojuryu93.com\/index.php?rest_route=\/wp\/v2\/posts\/2097\/revisions"}],"wp:featuredmedia":[{"embeddable":true,"href":"https:\/\/www.gojuryu93.com\/index.php?rest_route=\/wp\/v2\/media\/2098"}],"wp:attachment":[{"href":"https:\/\/www.gojuryu93.com\/index.php?rest_route=%2Fwp%2Fv2%2Fmedia&parent=2097"}],"wp:term":[{"taxonomy":"category","embeddable":true,"href":"https:\/\/www.gojuryu93.com\/index.php?rest_route=%2Fwp%2Fv2%2Fcategories&post=2097"},{"taxonomy":"post_tag","embeddable":true,"href":"https:\/\/www.gojuryu93.com\/index.php?rest_route=%2Fwp%2Fv2%2Ftags&post=2097"}],"curies":[{"name":"wp","href":"https:\/\/api.w.org\/{rel}","templated":true}]}}