{"id":2111,"date":"2016-09-04T18:08:55","date_gmt":"2016-09-04T17:08:55","guid":{"rendered":"http:\/\/www.gojuryu93.com\/?p=2111"},"modified":"2016-10-05T11:58:53","modified_gmt":"2016-10-05T10:58:53","slug":"la-rentree-2016-2017-cest-parti","status":"publish","type":"post","link":"https:\/\/www.gojuryu93.com\/?p=2111","title":{"rendered":"C&#8217;est parti ! C&#8217;est la rentr\u00e9e !"},"content":{"rendered":"<h2 style=\"text-align: center;\"><img data-recalc-dims=\"1\" loading=\"lazy\" decoding=\"async\" data-attachment-id=\"2112\" data-permalink=\"https:\/\/www.gojuryu93.com\/?attachment_id=2112\" data-orig-file=\"https:\/\/i0.wp.com\/www.gojuryu93.com\/wp-content\/uploads\/2016\/09\/visuel-rentr%C3%A9e-e1473008908504.png?fit=200%2C142&amp;ssl=1\" data-orig-size=\"200,142\" data-comments-opened=\"0\" data-image-meta=\"{&quot;aperture&quot;:&quot;0&quot;,&quot;credit&quot;:&quot;&quot;,&quot;camera&quot;:&quot;&quot;,&quot;caption&quot;:&quot;&quot;,&quot;created_timestamp&quot;:&quot;0&quot;,&quot;copyright&quot;:&quot;&quot;,&quot;focal_length&quot;:&quot;0&quot;,&quot;iso&quot;:&quot;0&quot;,&quot;shutter_speed&quot;:&quot;0&quot;,&quot;title&quot;:&quot;&quot;,&quot;orientation&quot;:&quot;0&quot;}\" data-image-title=\"visuel rentr\u00e9e\" data-image-description=\"\" data-image-caption=\"\" data-large-file=\"https:\/\/i0.wp.com\/www.gojuryu93.com\/wp-content\/uploads\/2016\/09\/visuel-rentr%C3%A9e-e1473008908504.png?fit=200%2C142&amp;ssl=1\" class=\"aligncenter wp-image-2112\" src=\"https:\/\/i0.wp.com\/www.gojuryu93.com\/wp-content\/uploads\/2016\/09\/visuel-rentr%C3%A9e.png?resize=433%2C306\" alt=\"visuel rentr\u00e9e\" width=\"433\" height=\"306\" \/><\/h2>\n<h2 style=\"text-align: center;\"><\/h2>\n<h2 style=\"text-align: center;\"><strong>Rappels pour la reprise des cours<\/strong><\/h2>\n<p>&nbsp;<\/p>\n<ul>\n<li>Rentr\u00e9e karat\u00e9 Adulte\u00a0 : Lundi 05 septembre 2016 \u00e0 19 h 30.<\/li>\n<li>Rentr\u00e9e Karat\u00e9 enfants\u00a0 : Jeudi 15 septembre 2016 \u00e0 18 h 15.<\/li>\n<li>Rentr\u00e9e Kobudo : Samedi 10 septembre 2016 \u00e0 10 h 30.<\/li>\n<\/ul>\n<p>N&#8217;oubliez pas de contacter vos professeurs et dirigeants pour remettre vos dossiers d&#8217;inscriptions complets comprenant le certificat m\u00e9dical d&#8217;aptitude \u00e0 la pratique des arts martiaux et votre cotisation annuelle.<\/p>\n<p>Bienvenue \u00e0 tous pour cette nouvelle saison sportive.<\/p>\n<p>&nbsp;<\/p>\n<p style=\"text-align: center;\"><span class='mb-center maxbutton-10-center'><span class='maxbutton-10-container mb-container'><a class=\"maxbutton-10 maxbutton maxbutton-telecharger-le-formulaire-inscription\" rel=\"nofollow noopener\" href=\"\/wp-content\/uploads\/2017\/inscription_web_2018\/inscription_gojury_2017_2018_web.pdf\"><span class='mb-text'>T\u00e9l\u00e9charger le formulaire d&#039;inscription<\/span><\/a><\/span><\/span><\/p>\n","protected":false},"excerpt":{"rendered":"<p>Rappels pour la reprise des cours &nbsp; Rentr\u00e9e karat\u00e9 Adulte\u00a0 : Lundi 05 septembre 2016 \u00e0 19 h 30. Rentr\u00e9e Karat\u00e9 enfants\u00a0 : Jeudi 15 septembre 2016 \u00e0 18 h 15. Rentr\u00e9e Kobudo : Samedi 10 septembre 2016 \u00e0 10 h 30. N&#8217;oubliez pas de contacter vos professeurs et dirigeants pour remettre vos dossiers d&#8217;inscriptions [&hellip;]<\/p>\n","protected":false},"author":1,"featured_media":2112,"comment_status":"closed","ping_status":"closed","sticky":false,"template":"","format":"standard","meta":{"_exactmetrics_skip_tracking":false,"_exactmetrics_sitenote_active":false,"_exactmetrics_sitenote_note":"","_exactmetrics_sitenote_category":0,"ngg_post_thumbnail":0,"_jetpack_memberships_contains_paid_content":false,"footnotes":""},"categories":[5],"tags":[],"class_list":["post-2111","post","type-post","status-publish","format-standard","has-post-thumbnail","hentry","category-actualites-du-club"],"jetpack_featured_media_url":"https:\/\/i0.wp.com\/www.gojuryu93.com\/wp-content\/uploads\/2016\/09\/visuel-rentr%C3%A9e-e1473008908504.png?fit=200%2C142&ssl=1","jetpack_shortlink":"https:\/\/wp.me\/p6TujZ-y3","jetpack-related-posts":[{"id":2083,"url":"https:\/\/www.gojuryu93.com\/?p=2083","url_meta":{"origin":2111,"position":0},"title":"La rentr\u00e9e 2016-2017 arrive pr\u00e9parez vos kimonos !","author":"Team-Goju","date":"8 ao\u00fbt 2016","format":false,"excerpt":"Pr\u00e9parez votre rentr\u00e9e au Karat\u00e9 Club de Tremblay-en-France en t\u00e9l\u00e9chargeant et en pr\u00e9parant votre dossier\u00a0 pour gagner du temps lors des inscriptions aupr\u00e8s de nos dirigeants. N'oubliez pas votre certificat m\u00e9dical d'aptitude \u00e0 la pratique du karat\u00e9\u00a0 et des arts martiaux post\u00e9rieur au 01\/09\/2016 et le r\u00e8glement de votre cotisation\u2026","rel":"","context":"Dans &quot;Actualit\u00e9s du club&quot;","block_context":{"text":"Actualit\u00e9s du club","link":"https:\/\/www.gojuryu93.com\/?cat=5"},"img":{"alt_text":"","src":"https:\/\/i0.wp.com\/www.gojuryu93.com\/wp-content\/uploads\/2016\/08\/Projet-rentr%C3%A9e-2017-02_800x600-e1470668111458.jpg?fit=471%2C200&ssl=1&resize=350%2C200","width":350,"height":200},"classes":[]},{"id":1997,"url":"https:\/\/www.gojuryu93.com\/?p=1997","url_meta":{"origin":2111,"position":1},"title":"C&#8217;est bient\u00f4t la pause estivale","author":"Team-Goju","date":"23 juin 2016","format":false,"excerpt":"Bient\u00f4t la pause estivale, chacun va donc b\u00e9n\u00e9ficier de vacances bien gagn\u00e9es, votre club aussi. Les derniers cours pour la saison 2015-2016 se termineront le jeudi 30 juin 2016 \u00e0 l'issue des cours. La reprise de la saison 2016-2017 pour les diff\u00e9rentes sections s'effectuera\u00a0 de la mani\u00e8re suivante : Karat\u00e9\u2026","rel":"","context":"Dans &quot;Actualit\u00e9s du club&quot;","block_context":{"text":"Actualit\u00e9s du club","link":"https:\/\/www.gojuryu93.com\/?cat=5"},"img":{"alt_text":"","src":"https:\/\/i0.wp.com\/www.gojuryu93.com\/wp-content\/uploads\/2016\/06\/vacances-2016-1-e1467283904499.png?fit=485%2C200&ssl=1&resize=350%2C200","width":350,"height":200},"classes":[]},{"id":2097,"url":"https:\/\/www.gojuryu93.com\/?p=2097","url_meta":{"origin":2111,"position":2},"title":"F\u00eate du sport &#8211; Forum des associations &#8211; Pr\u00e9parez votre rentr\u00e9e !","author":"Team-Goju","date":"24 ao\u00fbt 2016","format":false,"excerpt":"Pr\u00e9parez votre rentr\u00e9e du Karat\u00e9 et du Kobudo en visitant notre stand\u00a0 de la F\u00eate du sport - Forum des associations le samedi 3 septembre au Parc des Sport de 14 \u00e0 19 heures. Nos professeurs et dirigeants vous accueilleront pour vous donner tous les renseignements sur nos disciplines et\u2026","rel":"","context":"Dans &quot;Actualit\u00e9s du club&quot;","block_context":{"text":"Actualit\u00e9s du club","link":"https:\/\/www.gojuryu93.com\/?cat=5"},"img":{"alt_text":"","src":"https:\/\/i0.wp.com\/www.gojuryu93.com\/wp-content\/uploads\/2016\/08\/fa-fs-2016-300x188.jpg?resize=350%2C200","width":350,"height":200,"srcset":"https:\/\/i0.wp.com\/www.gojuryu93.com\/wp-content\/uploads\/2016\/08\/fa-fs-2016-300x188.jpg?resize=350%2C200 1x, https:\/\/i0.wp.com\/www.gojuryu93.com\/wp-content\/uploads\/2016\/08\/fa-fs-2016-300x188.jpg?resize=525%2C300 1.5x"},"classes":[]},{"id":2182,"url":"https:\/\/www.gojuryu93.com\/?p=2182","url_meta":{"origin":2111,"position":3},"title":"Dimanche 11 d\u00e9cembre 2016 : La journ\u00e9e des parents et amis","author":"Team-Goju","date":"24 novembre 2016","format":false,"excerpt":"\u00a0Comme chaque ann\u00e9e le Karat\u00e9 Club de Tremblay-en-France organise une journ\u00e9e portes ouvertes r\u00e9serv\u00e9e aux parents et amis des adh\u00e9rents du Club afin qu'il d\u00e9couvrent la karat\u00e9 Goju-ryu et le travail effectu\u00e9 par les adh\u00e9rents. Retrouvons-nous Dimanche 11 d\u00e9cembre 2016 au Dojo Thierry Ngninteng, Avenue de la r\u00e9sistance (\u00e0 c\u00f4t\u00e9\u2026","rel":"","context":"Dans &quot;Portes ouvertes&quot;","block_context":{"text":"Portes ouvertes","link":"https:\/\/www.gojuryu93.com\/?cat=7"},"img":{"alt_text":"2016-portes-ouvertes","src":"https:\/\/i0.wp.com\/www.gojuryu93.com\/wp-content\/uploads\/2016\/11\/2016-portes-ouvertes-212x300.png?resize=350%2C200","width":350,"height":200,"srcset":"https:\/\/i0.wp.com\/www.gojuryu93.com\/wp-content\/uploads\/2016\/11\/2016-portes-ouvertes-212x300.png?resize=350%2C200 1x, https:\/\/i0.wp.com\/www.gojuryu93.com\/wp-content\/uploads\/2016\/11\/2016-portes-ouvertes-212x300.png?resize=525%2C300 1.5x, https:\/\/i0.wp.com\/www.gojuryu93.com\/wp-content\/uploads\/2016\/11\/2016-portes-ouvertes-212x300.png?resize=700%2C400 2x"},"classes":[]},{"id":1389,"url":"https:\/\/www.gojuryu93.com\/?p=1389","url_meta":{"origin":2111,"position":4},"title":"Stage F\u00e9d\u00e9ral Gratuit  &#8220;Karat\u00e9 d&#8217;Okinawa&#8221; avec Ma\u00eetre OSHIRO &#8211; 8 \u00e8me Dan","author":"Team-Goju","date":"19 d\u00e9cembre 2015","format":false,"excerpt":"\u00a0 Un Stage s\u00e9lectionn\u00e9 par la commission des experts Karat\u00e9 et la ligue de Seine-Saint-Denis\u00a0 se d\u00e9roulera dans notre dojo des Cottages avec : Ma\u00eetre ZENE\u00cf OSHIRO Expert F\u00e9d\u00e9ral 8\u00e8me Dan Samedi 2 avril 2016 de 9 h \u00e0 12 h Ce stage am\u00e8ne un point de bonification pour les\u2026","rel":"","context":"Dans &quot;Stages&quot;","block_context":{"text":"Stages","link":"https:\/\/www.gojuryu93.com\/?cat=3"},"img":{"alt_text":"","src":"https:\/\/i0.wp.com\/www.gojuryu93.com\/wp-content\/uploads\/2015\/12\/stage-Oshiro1-212x300-212x300.jpg?resize=350%2C200","width":350,"height":200},"classes":[]},{"id":1907,"url":"https:\/\/www.gojuryu93.com\/?p=1907","url_meta":{"origin":2111,"position":5},"title":"Rappels pour les cours de vacances scolaires","author":"Team-Goju","date":"15 avril 2016","format":false,"excerpt":"Durant toutes les vacances scolaires en raison de non disponibilit\u00e9 des dojos, certains cours sont suspendus : Cours Kobudo du samedi et cours karat\u00e9 adultes et enfants du dimanche durant toutes les vacances scolaires. Cours Baby-karat\u00e9 durant toutes les vacances scolaires. Les autres cours sont maintenus aux heures habituelles. H.\u2026","rel":"","context":"Dans &quot;Actualit\u00e9s du club&quot;","block_context":{"text":"Actualit\u00e9s du club","link":"https:\/\/www.gojuryu93.com\/?cat=5"},"img":{"alt_text":"flash","src":"https:\/\/i0.wp.com\/www.gojuryu93.com\/wp-content\/uploads\/2016\/04\/flash-300x231.png?resize=350%2C200","width":350,"height":200},"classes":[]}],"jetpack_sharing_enabled":true,"_links":{"self":[{"href":"https:\/\/www.gojuryu93.com\/index.php?rest_route=\/wp\/v2\/posts\/2111","targetHints":{"allow":["GET"]}}],"collection":[{"href":"https:\/\/www.gojuryu93.com\/index.php?rest_route=\/wp\/v2\/posts"}],"about":[{"href":"https:\/\/www.gojuryu93.com\/index.php?rest_route=\/wp\/v2\/types\/post"}],"author":[{"embeddable":true,"href":"https:\/\/www.gojuryu93.com\/index.php?rest_route=\/wp\/v2\/users\/1"}],"replies":[{"embeddable":true,"href":"https:\/\/www.gojuryu93.com\/index.php?rest_route=%2Fwp%2Fv2%2Fcomments&post=2111"}],"version-history":[{"count":0,"href":"https:\/\/www.gojuryu93.com\/index.php?rest_route=\/wp\/v2\/posts\/2111\/revisions"}],"wp:featuredmedia":[{"embeddable":true,"href":"https:\/\/www.gojuryu93.com\/index.php?rest_route=\/wp\/v2\/media\/2112"}],"wp:attachment":[{"href":"https:\/\/www.gojuryu93.com\/index.php?rest_route=%2Fwp%2Fv2%2Fmedia&parent=2111"}],"wp:term":[{"taxonomy":"category","embeddable":true,"href":"https:\/\/www.gojuryu93.com\/index.php?rest_route=%2Fwp%2Fv2%2Fcategories&post=2111"},{"taxonomy":"post_tag","embeddable":true,"href":"https:\/\/www.gojuryu93.com\/index.php?rest_route=%2Fwp%2Fv2%2Ftags&post=2111"}],"curies":[{"name":"wp","href":"https:\/\/api.w.org\/{rel}","templated":true}]}}