{"id":2130,"date":"2016-10-16T13:59:27","date_gmt":"2016-10-16T12:59:27","guid":{"rendered":"http:\/\/www.gojuryu93.com\/?p=2130"},"modified":"2016-10-16T13:59:27","modified_gmt":"2016-10-16T12:59:27","slug":"infos-cours-vacances-de-toussaint-2016","status":"publish","type":"post","link":"https:\/\/www.gojuryu93.com\/?p=2130","title":{"rendered":"Infos cours Vacances de Toussaint 2016"},"content":{"rendered":"<div id=\"attachment_2131\" style=\"width: 519px\" class=\"wp-caption aligncenter\"><img data-recalc-dims=\"1\" loading=\"lazy\" decoding=\"async\" aria-describedby=\"caption-attachment-2131\" data-attachment-id=\"2131\" data-permalink=\"https:\/\/www.gojuryu93.com\/?attachment_id=2131\" data-orig-file=\"https:\/\/i0.wp.com\/www.gojuryu93.com\/wp-content\/uploads\/2016\/10\/vacances-2017-e1476622005718.png?fit=200%2C203&amp;ssl=1\" data-orig-size=\"200,203\" data-comments-opened=\"0\" data-image-meta=\"{&quot;aperture&quot;:&quot;0&quot;,&quot;credit&quot;:&quot;&quot;,&quot;camera&quot;:&quot;&quot;,&quot;caption&quot;:&quot;&quot;,&quot;created_timestamp&quot;:&quot;0&quot;,&quot;copyright&quot;:&quot;&quot;,&quot;focal_length&quot;:&quot;0&quot;,&quot;iso&quot;:&quot;0&quot;,&quot;shutter_speed&quot;:&quot;0&quot;,&quot;title&quot;:&quot;&quot;,&quot;orientation&quot;:&quot;0&quot;}\" data-image-title=\"vacances-206-2017\" data-image-description=\"\" data-image-caption=\"&lt;p&gt;Vacances Scolaires 2016-2017&lt;\/p&gt;\n\" data-large-file=\"https:\/\/i0.wp.com\/www.gojuryu93.com\/wp-content\/uploads\/2016\/10\/vacances-2017-e1476622005718.png?fit=200%2C203&amp;ssl=1\" class=\" wp-image-2131\" src=\"https:\/\/i0.wp.com\/www.gojuryu93.com\/wp-content\/uploads\/2016\/10\/vacances-2017.png?resize=509%2C516\" alt=\"Vacances Scolaires 2016-2017\" width=\"509\" height=\"516\" \/><p id=\"caption-attachment-2131\" class=\"wp-caption-text\"><strong><em>Vacances Scolaires 2016-2017<\/em><\/strong><\/p><\/div>\n<p style=\"text-align: center;\"><span style=\"font-size: 20px;\"><strong><a class=\"noir\" href=\"http:\/\/vacances-scolaires.education\/vacances\/vacances-de-la-toussaint\/2016.php\">Dates des Vacances scolaires de la Toussaint 2016<\/a><\/strong><\/span><\/p>\n<p style=\"text-align: center;\"><span class=\"ok1\">Fin des cours : <\/span><span class=\"zoneZ\">mercredi 19 octobre 2016<\/span><\/p>\n<hr class=\"hr\" \/>\n<p style=\"text-align: center;\"><span class=\"ok1\">Jour de reprise : <\/span><span class=\"zoneZ\">jeudi 3 novembre 2016<\/span><\/p>\n<h2 style=\"text-align: center;\"><span style=\"text-decoration: underline;\"><strong>Rappel important<\/strong><\/span><strong> :<\/strong><\/h2>\n<p style=\"text-align: left;\">Durant cette p\u00e9riode<span style=\"text-decoration: underline; color: #ff0000; background-color: #ffff00;\"><em><strong> les cours\u00a0 de karat\u00e9 et kobudo ne seront pas assur\u00e9s les 22 \/ 23 octobre 2016 ainsi que les 29 \/ 30 octobre 2016<\/strong><\/em> <\/span>suite \u00e0 la d\u00e9cision municipale de ne pas ouvrir les \u00e9quipements sportifs les weekends de vacances scolaires.<\/p>\n<p style=\"text-align: center;\"><span style=\"font-size: 24px; color: #008000;\"><strong>Les cours en semaine seront normalement assur\u00e9s.<\/strong><\/span><\/p>\n<p style=\"text-align: center;\">A compter du 3 novembre 2016 les cours reprennent normalement.<\/p>\n","protected":false},"excerpt":{"rendered":"<p>Dates des Vacances scolaires de la Toussaint 2016 Fin des cours : mercredi 19 octobre 2016 Jour de reprise : jeudi 3 novembre 2016 Rappel important : Durant cette p\u00e9riode les cours\u00a0 de karat\u00e9 et kobudo ne seront pas assur\u00e9s les 22 \/ 23 octobre 2016 ainsi que les 29 \/ 30 octobre 2016 suite [&hellip;]<\/p>\n","protected":false},"author":1,"featured_media":2131,"comment_status":"closed","ping_status":"closed","sticky":false,"template":"","format":"standard","meta":{"_exactmetrics_skip_tracking":false,"_exactmetrics_sitenote_active":false,"_exactmetrics_sitenote_note":"","_exactmetrics_sitenote_category":0,"ngg_post_thumbnail":0,"_jetpack_memberships_contains_paid_content":false,"footnotes":""},"categories":[5],"tags":[],"class_list":["post-2130","post","type-post","status-publish","format-standard","has-post-thumbnail","hentry","category-actualites-du-club"],"jetpack_featured_media_url":"https:\/\/i0.wp.com\/www.gojuryu93.com\/wp-content\/uploads\/2016\/10\/vacances-2017-e1476622005718.png?fit=200%2C203&ssl=1","jetpack_shortlink":"https:\/\/wp.me\/p6TujZ-ym","jetpack-related-posts":[{"id":1907,"url":"https:\/\/www.gojuryu93.com\/?p=1907","url_meta":{"origin":2130,"position":0},"title":"Rappels pour les cours de vacances scolaires","author":"Team-Goju","date":"15 avril 2016","format":false,"excerpt":"Durant toutes les vacances scolaires en raison de non disponibilit\u00e9 des dojos, certains cours sont suspendus : Cours Kobudo du samedi et cours karat\u00e9 adultes et enfants du dimanche durant toutes les vacances scolaires. Cours Baby-karat\u00e9 durant toutes les vacances scolaires. Les autres cours sont maintenus aux heures habituelles. H.\u2026","rel":"","context":"Dans &quot;Actualit\u00e9s du club&quot;","block_context":{"text":"Actualit\u00e9s du club","link":"https:\/\/www.gojuryu93.com\/?cat=5"},"img":{"alt_text":"flash","src":"https:\/\/i0.wp.com\/www.gojuryu93.com\/wp-content\/uploads\/2016\/04\/flash-300x231.png?resize=350%2C200","width":350,"height":200},"classes":[]},{"id":2641,"url":"https:\/\/www.gojuryu93.com\/?p=2641","url_meta":{"origin":2130,"position":1},"title":"Vacances de No\u00ebl 2016 &#8211; Infos Cours","author":"Team-Goju","date":"12 d\u00e9cembre 2016","format":false,"excerpt":"Bient\u00f4t les vacances de No\u00ebl, les dates ont \u00e9t\u00e9 fix\u00e9es cette ann\u00e9e pour toutes les zones scolaires, du samedi 17 d\u00e9cembre 2016 au mardi 3 Janvier 2017. Nous vous informons que durant cette p\u00e9riode le Karat\u00e9 Club de Tremblay-en-France assurera et maintien les cours de kobudo et\u00a0karat\u00e9 du samedi 17\u2026","rel":"","context":"Dans &quot;Actualit\u00e9s du club&quot;","block_context":{"text":"Actualit\u00e9s du club","link":"https:\/\/www.gojuryu93.com\/?cat=5"},"img":{"alt_text":"","src":"https:\/\/i0.wp.com\/www.gojuryu93.com\/wp-content\/uploads\/2016\/12\/noel-2016-1-300x230.png?resize=350%2C200","width":350,"height":200,"srcset":"https:\/\/i0.wp.com\/www.gojuryu93.com\/wp-content\/uploads\/2016\/12\/noel-2016-1-300x230.png?resize=350%2C200 1x, https:\/\/i0.wp.com\/www.gojuryu93.com\/wp-content\/uploads\/2016\/12\/noel-2016-1-300x230.png?resize=525%2C300 1.5x, https:\/\/i0.wp.com\/www.gojuryu93.com\/wp-content\/uploads\/2016\/12\/noel-2016-1-300x230.png?resize=700%2C400 2x"},"classes":[]},{"id":1997,"url":"https:\/\/www.gojuryu93.com\/?p=1997","url_meta":{"origin":2130,"position":2},"title":"C&#8217;est bient\u00f4t la pause estivale","author":"Team-Goju","date":"23 juin 2016","format":false,"excerpt":"Bient\u00f4t la pause estivale, chacun va donc b\u00e9n\u00e9ficier de vacances bien gagn\u00e9es, votre club aussi. Les derniers cours pour la saison 2015-2016 se termineront le jeudi 30 juin 2016 \u00e0 l'issue des cours. La reprise de la saison 2016-2017 pour les diff\u00e9rentes sections s'effectuera\u00a0 de la mani\u00e8re suivante : Karat\u00e9\u2026","rel":"","context":"Dans &quot;Actualit\u00e9s du club&quot;","block_context":{"text":"Actualit\u00e9s du club","link":"https:\/\/www.gojuryu93.com\/?cat=5"},"img":{"alt_text":"","src":"https:\/\/i0.wp.com\/www.gojuryu93.com\/wp-content\/uploads\/2016\/06\/vacances-2016-1-e1467283904499.png?fit=485%2C200&ssl=1&resize=350%2C200","width":350,"height":200},"classes":[]},{"id":3124,"url":"https:\/\/www.gojuryu93.com\/?p=3124","url_meta":{"origin":2130,"position":3},"title":"Bient\u00f4t les vacances d&#8217;\u00e9t\u00e9 : Dates des derniers cours","author":"Team-Goju","date":"15 juin 2017","format":false,"excerpt":"Bient\u00f4t les vacances d'\u00e9t\u00e9 et un juste repos s'impose pour tous. Les derniers cours pour la saison 2016-2017 auront lieu : Pour le Kobudo adultes\u00a0 - le 24 juin 2017. Pour le Kobudo enfants\u00a0 - le 26 juin 2017. Pour le Karat\u00e9 toutes sections - le 29 juin 2017. L'\u00e9quipe\u2026","rel":"","context":"Dans &quot;Actualit\u00e9s du club&quot;","block_context":{"text":"Actualit\u00e9s du club","link":"https:\/\/www.gojuryu93.com\/?cat=5"},"img":{"alt_text":"","src":"https:\/\/i0.wp.com\/www.gojuryu93.com\/wp-content\/uploads\/2017\/06\/Vacances-%C3%A9t%C3%A9-2017-300x199.jpg?resize=350%2C200","width":350,"height":200,"srcset":"https:\/\/i0.wp.com\/www.gojuryu93.com\/wp-content\/uploads\/2017\/06\/Vacances-%C3%A9t%C3%A9-2017-300x199.jpg?resize=350%2C200 1x, https:\/\/i0.wp.com\/www.gojuryu93.com\/wp-content\/uploads\/2017\/06\/Vacances-%C3%A9t%C3%A9-2017-300x199.jpg?resize=525%2C300 1.5x, https:\/\/i0.wp.com\/www.gojuryu93.com\/wp-content\/uploads\/2017\/06\/Vacances-%C3%A9t%C3%A9-2017-300x199.jpg?resize=700%2C400 2x"},"classes":[]},{"id":2959,"url":"https:\/\/www.gojuryu93.com\/?p=2959","url_meta":{"origin":2130,"position":4},"title":"Infos cours vacances de printemps 2017","author":"Team-Goju","date":"28 mars 2017","format":false,"excerpt":"Les vacances de Printemps arrivent pour la zone C, et les dates d\u00e9finies pour l'acad\u00e9mie sont : \u00a0 Fin des cours :\u00a0 samedi 1er avril 2017 Reprise des cours :\u00a0 mardi 18 avril 2017 \u00a0 Le Karat\u00e9 Club de Tremblay-en-France vous informe de ses dates d\u2019ouvertures durant les cong\u00e9s de\u2026","rel":"","context":"Dans &quot;Actualit\u00e9s du club&quot;","block_context":{"text":"Actualit\u00e9s du club","link":"https:\/\/www.gojuryu93.com\/?cat=5"},"img":{"alt_text":"","src":"https:\/\/i0.wp.com\/www.gojuryu93.com\/wp-content\/uploads\/2017\/03\/VACANCES-DE-PRINTEMPS-web-300x101.png?resize=350%2C200","width":350,"height":200,"srcset":"https:\/\/i0.wp.com\/www.gojuryu93.com\/wp-content\/uploads\/2017\/03\/VACANCES-DE-PRINTEMPS-web-300x101.png?resize=350%2C200 1x, https:\/\/i0.wp.com\/www.gojuryu93.com\/wp-content\/uploads\/2017\/03\/VACANCES-DE-PRINTEMPS-web-300x101.png?resize=525%2C300 1.5x"},"classes":[]},{"id":2882,"url":"https:\/\/www.gojuryu93.com\/?p=2882","url_meta":{"origin":2130,"position":5},"title":"Les vacances d&#8217;hiver 2017 arrivent : Calendrier des cours","author":"Team-Goju","date":"27 janvier 2017","format":false,"excerpt":"\u00a0 \u00a0 \u00a0 Les vacances de f\u00e9vrier arrivent pour la zone C, le Karat\u00e9 Club de Tremblay-en-France vous informe de ses dates d'ouvertures durant les cong\u00e9s d'hiver : \u00a0 Ouvert le week-end du 4 et 5 f\u00e9vrier 2017, Pas de cours Kobudo du 5 f\u00e9vrier jusqu'au 18\u00a0 f\u00e9vrier 2017 (reprise\u2026","rel":"","context":"Dans &quot;Actualit\u00e9s du club&quot;","block_context":{"text":"Actualit\u00e9s du club","link":"https:\/\/www.gojuryu93.com\/?cat=5"},"img":{"alt_text":"","src":"https:\/\/i0.wp.com\/www.gojuryu93.com\/wp-content\/uploads\/2017\/01\/vac_hiver-2017-300x87.jpg?resize=350%2C200","width":350,"height":200,"srcset":"https:\/\/i0.wp.com\/www.gojuryu93.com\/wp-content\/uploads\/2017\/01\/vac_hiver-2017-300x87.jpg?resize=350%2C200 1x, https:\/\/i0.wp.com\/www.gojuryu93.com\/wp-content\/uploads\/2017\/01\/vac_hiver-2017-300x87.jpg?resize=525%2C300 1.5x"},"classes":[]}],"jetpack_sharing_enabled":true,"_links":{"self":[{"href":"https:\/\/www.gojuryu93.com\/index.php?rest_route=\/wp\/v2\/posts\/2130","targetHints":{"allow":["GET"]}}],"collection":[{"href":"https:\/\/www.gojuryu93.com\/index.php?rest_route=\/wp\/v2\/posts"}],"about":[{"href":"https:\/\/www.gojuryu93.com\/index.php?rest_route=\/wp\/v2\/types\/post"}],"author":[{"embeddable":true,"href":"https:\/\/www.gojuryu93.com\/index.php?rest_route=\/wp\/v2\/users\/1"}],"replies":[{"embeddable":true,"href":"https:\/\/www.gojuryu93.com\/index.php?rest_route=%2Fwp%2Fv2%2Fcomments&post=2130"}],"version-history":[{"count":0,"href":"https:\/\/www.gojuryu93.com\/index.php?rest_route=\/wp\/v2\/posts\/2130\/revisions"}],"wp:featuredmedia":[{"embeddable":true,"href":"https:\/\/www.gojuryu93.com\/index.php?rest_route=\/wp\/v2\/media\/2131"}],"wp:attachment":[{"href":"https:\/\/www.gojuryu93.com\/index.php?rest_route=%2Fwp%2Fv2%2Fmedia&parent=2130"}],"wp:term":[{"taxonomy":"category","embeddable":true,"href":"https:\/\/www.gojuryu93.com\/index.php?rest_route=%2Fwp%2Fv2%2Fcategories&post=2130"},{"taxonomy":"post_tag","embeddable":true,"href":"https:\/\/www.gojuryu93.com\/index.php?rest_route=%2Fwp%2Fv2%2Ftags&post=2130"}],"curies":[{"name":"wp","href":"https:\/\/api.w.org\/{rel}","templated":true}]}}