{"id":2182,"date":"2016-11-24T12:32:54","date_gmt":"2016-11-24T11:32:54","guid":{"rendered":"http:\/\/www.gojuryu93.com\/?p=2182"},"modified":"2016-12-12T21:59:40","modified_gmt":"2016-12-12T20:59:40","slug":"la-journee-des-parents-et-amis","status":"publish","type":"post","link":"https:\/\/www.gojuryu93.com\/?p=2182","title":{"rendered":"Dimanche 11 d\u00e9cembre 2016 : La journ\u00e9e des parents et amis"},"content":{"rendered":"<p><img data-recalc-dims=\"1\" loading=\"lazy\" decoding=\"async\" data-attachment-id=\"2183\" data-permalink=\"https:\/\/www.gojuryu93.com\/?attachment_id=2183\" data-orig-file=\"https:\/\/i0.wp.com\/www.gojuryu93.com\/wp-content\/uploads\/2016\/11\/2016-portes-ouvertes-e1479987007106.png?fit=200%2C283&amp;ssl=1\" data-orig-size=\"200,283\" data-comments-opened=\"0\" data-image-meta=\"{&quot;aperture&quot;:&quot;0&quot;,&quot;credit&quot;:&quot;&quot;,&quot;camera&quot;:&quot;&quot;,&quot;caption&quot;:&quot;&quot;,&quot;created_timestamp&quot;:&quot;0&quot;,&quot;copyright&quot;:&quot;&quot;,&quot;focal_length&quot;:&quot;0&quot;,&quot;iso&quot;:&quot;0&quot;,&quot;shutter_speed&quot;:&quot;0&quot;,&quot;title&quot;:&quot;&quot;,&quot;orientation&quot;:&quot;0&quot;}\" data-image-title=\"2016-portes-ouvertes\" data-image-description=\"\" data-image-caption=\"\" data-large-file=\"https:\/\/i0.wp.com\/www.gojuryu93.com\/wp-content\/uploads\/2016\/11\/2016-portes-ouvertes-e1479987007106.png?fit=610%2C863&amp;ssl=1\" class=\"aligncenter wp-image-2183\" src=\"https:\/\/i0.wp.com\/www.gojuryu93.com\/wp-content\/uploads\/2016\/11\/2016-portes-ouvertes.png?resize=610%2C863\" alt=\"2016-portes-ouvertes\" width=\"610\" height=\"863\"><\/p>\n<p style=\"text-align: center;\"><a class=\"maxbutton-16 maxbutton maxbutton-telecharger-l-affiche\" target=\"_blank\" rel=\"nofollow noopener\" href=\"http:\/\/www.gojuryu93.com\/wp-content\/uploads\/2016\/11\/2016 portes ouvertes.pdf\"><span class='mb-text'>T\u00e9l\u00e9charger l&#039;affiche<\/span><\/a><\/p>\n<p style=\"text-align: left;\">&nbsp;Comme chaque ann\u00e9e le Karat\u00e9 Club de Tremblay-en-France organise une journ\u00e9e portes ouvertes r\u00e9serv\u00e9e aux parents et amis des adh\u00e9rents du Club afin qu&#8217;il d\u00e9couvrent la karat\u00e9 Goju-ryu et le travail effectu\u00e9 par les adh\u00e9rents.<\/p>\n<p><strong>Retrouvons-nous Dimanche 11 d\u00e9cembre 2016 au Dojo Thierry Ngninteng, Avenue de la r\u00e9sistance <em>(\u00e0 c\u00f4t\u00e9 de la mosqu\u00e9e), <\/em>93 200 Tremblay-en-France, de 10&nbsp;h&nbsp;30 \u00e0 12&nbsp;h.<\/strong><\/p>\n<p>Venez nombreux !<\/p>\n","protected":false},"excerpt":{"rendered":"<p>&nbsp;Comme chaque ann\u00e9e le Karat\u00e9 Club de Tremblay-en-France organise une journ\u00e9e portes ouvertes r\u00e9serv\u00e9e aux parents et amis des adh\u00e9rents du Club afin qu&#8217;il d\u00e9couvrent la karat\u00e9 Goju-ryu et le travail effectu\u00e9 par les adh\u00e9rents. Retrouvons-nous Dimanche 11 d\u00e9cembre 2016 au Dojo Thierry Ngninteng, Avenue de la r\u00e9sistance (\u00e0 c\u00f4t\u00e9 de la mosqu\u00e9e), 93 200 [&hellip;]<\/p>\n","protected":false},"author":1,"featured_media":2183,"comment_status":"closed","ping_status":"closed","sticky":false,"template":"","format":"standard","meta":{"_exactmetrics_skip_tracking":false,"_exactmetrics_sitenote_active":false,"_exactmetrics_sitenote_note":"","_exactmetrics_sitenote_category":0,"ngg_post_thumbnail":0,"_jetpack_memberships_contains_paid_content":false,"footnotes":""},"categories":[7],"tags":[],"class_list":["post-2182","post","type-post","status-publish","format-standard","has-post-thumbnail","hentry","category-portes-ouvertes"],"jetpack_featured_media_url":"https:\/\/i0.wp.com\/www.gojuryu93.com\/wp-content\/uploads\/2016\/11\/2016-portes-ouvertes-e1479987007106.png?fit=200%2C283&ssl=1","jetpack_shortlink":"https:\/\/wp.me\/p6TujZ-zc","jetpack-related-posts":[{"id":3027,"url":"https:\/\/www.gojuryu93.com\/?p=3027","url_meta":{"origin":2182,"position":0},"title":"Journ\u00e9e portes ouvertes au Karat\u00e9 Club de Tremblay-en-France","author":"Team-Goju","date":"30 avril 2017","format":false,"excerpt":"Dimanche 30 avril 2017 le Karat\u00e9 Club de Tremblay-en-France organisait une journ\u00e9e \"Portes Ouvertes\" pour les parents et amis des adh\u00e9rents. Encadr\u00e9s par les b\u00e9n\u00e9voles, les ceintures noires et les professeurs du club, tous ont pu d\u00e9couvrir le travail des jeunes adh\u00e9rents et pratiquer ensemble \u00e0 une initiation d\u00e9couverte dans\u2026","rel":"","context":"Dans &quot;Actualit\u00e9s du club&quot;","block_context":{"text":"Actualit\u00e9s du club","link":"https:\/\/www.gojuryu93.com\/?cat=5"},"img":{"alt_text":"\u00a9 2017 Karat\u00e9 Club de Tremblay-en-France - Cr\u00e9dits Agn\u00e9s Pinot","src":"https:\/\/i0.wp.com\/www.gojuryu93.com\/wp-content\/uploads\/2017\/04\/gojurryu_portes_ouvertes_2017-300x169.jpg?resize=350%2C200","width":350,"height":200,"srcset":"https:\/\/i0.wp.com\/www.gojuryu93.com\/wp-content\/uploads\/2017\/04\/gojurryu_portes_ouvertes_2017-300x169.jpg?resize=350%2C200 1x, https:\/\/i0.wp.com\/www.gojuryu93.com\/wp-content\/uploads\/2017\/04\/gojurryu_portes_ouvertes_2017-300x169.jpg?resize=525%2C300 1.5x, https:\/\/i0.wp.com\/www.gojuryu93.com\/wp-content\/uploads\/2017\/04\/gojurryu_portes_ouvertes_2017-300x169.jpg?resize=700%2C400 2x"},"classes":[]},{"id":1508,"url":"https:\/\/www.gojuryu93.com\/?p=1508","url_meta":{"origin":2182,"position":1},"title":"Journ\u00e9e &#8220;Portes ouvertes&#8221; &#8211; Dimanche 31 janvier 2016","author":"Team-Goju","date":"21 janvier 2016","format":false,"excerpt":"Le dimanche 31 janvier 2016, le Karat\u00e9 Club Gojuryu de Tremblay en France organise une \"journ\u00e9e portes ouvertes\" pour les parents des adh\u00e9rents. Une occasion unique de pratiquer avec vos enfants et en famille une initiation au karat\u00e9 Gojuryu et au Kubudo. Parents, grands parents, cousins, amis et copains seront\u2026","rel":"","context":"Dans &quot;Actualit\u00e9s du club&quot;","block_context":{"text":"Actualit\u00e9s du club","link":"https:\/\/www.gojuryu93.com\/?cat=5"},"img":{"alt_text":"Cliquez pour me t\u00e9l\u00e9charger","src":"https:\/\/i0.wp.com\/www.gojuryu93.com\/wp-content\/uploads\/2016\/01\/2016-Porte-ouverte-212x300.jpg?resize=350%2C200","width":350,"height":200,"srcset":"https:\/\/i0.wp.com\/www.gojuryu93.com\/wp-content\/uploads\/2016\/01\/2016-Porte-ouverte-212x300.jpg?resize=350%2C200 1x, https:\/\/i0.wp.com\/www.gojuryu93.com\/wp-content\/uploads\/2016\/01\/2016-Porte-ouverte-212x300.jpg?resize=525%2C300 1.5x"},"classes":[]},{"id":3130,"url":"https:\/\/www.gojuryu93.com\/?p=3130","url_meta":{"origin":2182,"position":2},"title":"La Coupe des As &#8211; Les petits samoura\u00efs du club en comp\u00e9tition","author":"Team-Goju","date":"7 juin 2017","format":false,"excerpt":"\u00a0 Pr\u00e9parez-vous pour la \"journ\u00e9e de la Coupe des As\" qui se d\u00e9roulera le dimanche 18 juin 2017 au Gymnase Guimier - 70 avenue Gilbert Berger, 93 290 Tremblay-en-France. Journ\u00e9e de comp\u00e9titions, mais aussi festive, pour conclure la saison 2016-2017. Nos jeunes adh\u00e9rents et leurs parents se retrouveront ensemble, les\u2026","rel":"","context":"Dans &quot;Actualit\u00e9s du club&quot;","block_context":{"text":"Actualit\u00e9s du club","link":"https:\/\/www.gojuryu93.com\/?cat=5"},"img":{"alt_text":"","src":"https:\/\/i0.wp.com\/www.gojuryu93.com\/wp-content\/uploads\/2017\/06\/2017-06-Coupe-des-As-208x300.png?resize=350%2C200","width":350,"height":200,"srcset":"https:\/\/i0.wp.com\/www.gojuryu93.com\/wp-content\/uploads\/2017\/06\/2017-06-Coupe-des-As-208x300.png?resize=350%2C200 1x, https:\/\/i0.wp.com\/www.gojuryu93.com\/wp-content\/uploads\/2017\/06\/2017-06-Coupe-des-As-208x300.png?resize=525%2C300 1.5x, https:\/\/i0.wp.com\/www.gojuryu93.com\/wp-content\/uploads\/2017\/06\/2017-06-Coupe-des-As-208x300.png?resize=700%2C400 2x"},"classes":[]},{"id":1981,"url":"https:\/\/www.gojuryu93.com\/?p=1981","url_meta":{"origin":2182,"position":3},"title":"Coupe des AS 2016 du Karat\u00e9 Club de Tremblay-en-France","author":"Team-Goju","date":"3 juin 2016","format":false,"excerpt":"\u00a0 \u00a0 Le dimanche 12 juin 2016 tous nos jeunes adh\u00e9rents sont invit\u00e9s \u00e0 participer \u00e0 la Coupe de As 2016 afin de terminer l'ann\u00e9e lors d'une rencontre amicale entre copains du Club. Vous \u00eates donc tous convoqu\u00e9s dimanche 12 juin 2016 au\u00a0 Gymnase Guimier, 70 avenue Gilbert Berger -\u2026","rel":"","context":"Dans &quot;Actualit\u00e9s du club&quot;","block_context":{"text":"Actualit\u00e9s du club","link":"https:\/\/www.gojuryu93.com\/?cat=5"},"img":{"alt_text":"Red Pencil with Reflection Drawing various Ace of Hearts Playing Card","src":"https:\/\/i0.wp.com\/www.gojuryu93.com\/wp-content\/uploads\/2016\/06\/Coupe-des-as-2016-300x294.jpg?resize=350%2C200","width":350,"height":200},"classes":[]},{"id":1966,"url":"https:\/\/www.gojuryu93.com\/?p=1966","url_meta":{"origin":2182,"position":4},"title":"Participation du Karat\u00e9 Club de Tremblay \u00e0 la Soir\u00e9e des Arts Martiaux de Juilly","author":"Team-Goju","date":"3 juin 2016","format":false,"excerpt":"\u00a0 Le Club de Karat\u00e9 de Tremblay en France participera \u00e0 la \"Soir\u00e9e\u00a0 des arts martiaux\" de Juilly en effectuant des d\u00e9monstrations de karat\u00e9\u00a0 Goju-ryu et de Kobudo. Nous invitons cordialement tous nos adh\u00e9rents, leurs parents et amis\u00a0 \u00e0 se rendre \u00e0 ce spectacle pour encourager les participants de notre\u2026","rel":"","context":"Dans &quot;Actualit\u00e9s du club&quot;","block_context":{"text":"Actualit\u00e9s du club","link":"https:\/\/www.gojuryu93.com\/?cat=5"},"img":{"alt_text":"Nuit arts martiaux 2016","src":"https:\/\/i0.wp.com\/www.gojuryu93.com\/wp-content\/uploads\/2016\/06\/Nuit-arts-martiaux-2016-2-300x169.jpg?resize=350%2C200","width":350,"height":200,"srcset":"https:\/\/i0.wp.com\/www.gojuryu93.com\/wp-content\/uploads\/2016\/06\/Nuit-arts-martiaux-2016-2-300x169.jpg?resize=350%2C200 1x, https:\/\/i0.wp.com\/www.gojuryu93.com\/wp-content\/uploads\/2016\/06\/Nuit-arts-martiaux-2016-2-300x169.jpg?resize=525%2C300 1.5x, https:\/\/i0.wp.com\/www.gojuryu93.com\/wp-content\/uploads\/2016\/06\/Nuit-arts-martiaux-2016-2-300x169.jpg?resize=700%2C400 2x"},"classes":[]},{"id":3149,"url":"https:\/\/www.gojuryu93.com\/?p=3149","url_meta":{"origin":2182,"position":5},"title":"Passages de dan du 11 juin 2017 : 100% de r\u00e9ussites pour Tremblay","author":"Team-Goju","date":"12 juin 2017","format":false,"excerpt":"\u00a0 Trois de nos adh\u00e9rents ont tent\u00e9 dimanche 11 juin 2017 l'examen organis\u00e9 par le Comit\u00e9 D\u00e9partemental 93 de la FFKDA pour le passage vers le second DAN Karat\u00e9. Nous avons donc le plaisir de vous annoncer la r\u00e9ussite de nos adh\u00e9rents : Hakim et Cyril sont admis au second\u2026","rel":"","context":"Dans &quot;Passages de grades&quot;","block_context":{"text":"Passages de grades","link":"https:\/\/www.gojuryu93.com\/?cat=11"},"img":{"alt_text":"","src":"https:\/\/i0.wp.com\/www.gojuryu93.com\/wp-content\/uploads\/2017\/06\/DSC_0189_web-300x200.jpg?resize=350%2C200","width":350,"height":200},"classes":[]}],"jetpack_sharing_enabled":true,"_links":{"self":[{"href":"https:\/\/www.gojuryu93.com\/index.php?rest_route=\/wp\/v2\/posts\/2182","targetHints":{"allow":["GET"]}}],"collection":[{"href":"https:\/\/www.gojuryu93.com\/index.php?rest_route=\/wp\/v2\/posts"}],"about":[{"href":"https:\/\/www.gojuryu93.com\/index.php?rest_route=\/wp\/v2\/types\/post"}],"author":[{"embeddable":true,"href":"https:\/\/www.gojuryu93.com\/index.php?rest_route=\/wp\/v2\/users\/1"}],"replies":[{"embeddable":true,"href":"https:\/\/www.gojuryu93.com\/index.php?rest_route=%2Fwp%2Fv2%2Fcomments&post=2182"}],"version-history":[{"count":0,"href":"https:\/\/www.gojuryu93.com\/index.php?rest_route=\/wp\/v2\/posts\/2182\/revisions"}],"wp:featuredmedia":[{"embeddable":true,"href":"https:\/\/www.gojuryu93.com\/index.php?rest_route=\/wp\/v2\/media\/2183"}],"wp:attachment":[{"href":"https:\/\/www.gojuryu93.com\/index.php?rest_route=%2Fwp%2Fv2%2Fmedia&parent=2182"}],"wp:term":[{"taxonomy":"category","embeddable":true,"href":"https:\/\/www.gojuryu93.com\/index.php?rest_route=%2Fwp%2Fv2%2Fcategories&post=2182"},{"taxonomy":"post_tag","embeddable":true,"href":"https:\/\/www.gojuryu93.com\/index.php?rest_route=%2Fwp%2Fv2%2Ftags&post=2182"}],"curies":[{"name":"wp","href":"https:\/\/api.w.org\/{rel}","templated":true}]}}