{"id":2641,"date":"2016-12-12T21:58:54","date_gmt":"2016-12-12T20:58:54","guid":{"rendered":"http:\/\/www.gojuryu93.com\/?p=2641"},"modified":"2017-01-05T12:33:16","modified_gmt":"2017-01-05T11:33:16","slug":"vacances-de-noel-2016-infos-cours","status":"publish","type":"post","link":"https:\/\/www.gojuryu93.com\/?p=2641","title":{"rendered":"Vacances de No\u00ebl 2016 &#8211; Infos Cours"},"content":{"rendered":"<p><img data-recalc-dims=\"1\" loading=\"lazy\" decoding=\"async\" data-attachment-id=\"2645\" data-permalink=\"https:\/\/www.gojuryu93.com\/?attachment_id=2645\" data-orig-file=\"https:\/\/i0.wp.com\/www.gojuryu93.com\/wp-content\/uploads\/2016\/12\/noel-2016-1-e1481576308555.png?fit=200%2C153&amp;ssl=1\" data-orig-size=\"200,153\" data-comments-opened=\"0\" data-image-meta=\"{&quot;aperture&quot;:&quot;0&quot;,&quot;credit&quot;:&quot;&quot;,&quot;camera&quot;:&quot;&quot;,&quot;caption&quot;:&quot;&quot;,&quot;created_timestamp&quot;:&quot;0&quot;,&quot;copyright&quot;:&quot;&quot;,&quot;focal_length&quot;:&quot;0&quot;,&quot;iso&quot;:&quot;0&quot;,&quot;shutter_speed&quot;:&quot;0&quot;,&quot;title&quot;:&quot;&quot;,&quot;orientation&quot;:&quot;0&quot;}\" data-image-title=\"noel 2016\" data-image-description=\"\" data-image-caption=\"\" data-large-file=\"https:\/\/i0.wp.com\/www.gojuryu93.com\/wp-content\/uploads\/2016\/12\/noel-2016-1-e1481576308555.png?fit=200%2C153&amp;ssl=1\" class=\"aligncenter wp-image-2645 \" src=\"https:\/\/i0.wp.com\/www.gojuryu93.com\/wp-content\/uploads\/2016\/12\/noel-2016-1.png?resize=610%2C468\" width=\"610\" height=\"468\"><\/p>\n<p><span style=\"font-size: 16px;\">Bient\u00f4t les vacances de No\u00ebl, les dates ont \u00e9t\u00e9 fix\u00e9es cette ann\u00e9e pour toutes les zones scolaires, du samedi 17 d\u00e9cembre 2016 au mardi 3 Janvier 2017.<\/span><\/p>\n<p><span style=\"font-size: 16px;\">Nous vous informons que durant cette p\u00e9riode <span style=\"color: #339966;\"><strong>le Karat\u00e9 Club de Tremblay-en-France assurera et maintien les cours de <\/strong><\/span><\/span><span style=\"font-size: 16px;\"><span style=\"color: #339966;\"><strong>kobudo<\/strong><\/span><\/span><span style=\"font-size: 16px;\"><span style=\"color: #339966;\"><strong> et&nbsp;<\/strong><\/span><\/span><span style=\"font-size: 16px;\"><span style=\"color: #339966;\"><strong>karat\u00e9<\/strong><\/span><\/span><span style=\"font-size: 16px;\"><span style=\"color: #339966;\"><strong> du samedi 17 et du dimanche 18 d\u00e9cembre 2016.<\/strong> <\/span><\/span><\/p>\n<p><strong><span style=\"font-size: 16px;\">Durant le reste des vacances&nbsp; :<\/span><\/strong><\/p>\n<ul>\n<li><strong><span style=\"font-size: 16px;\"><span style=\"color: #ff0000;\">pas de cours kobudo<\/span>.<\/span><\/strong><\/li>\n<li><span style=\"font-size: 16px;\"><span style=\"color: #339966;\"><strong>les cours enfants et adultes karat\u00e9 sont maintenus les jours de semaine.<\/strong><\/span><br \/>\n<\/span><\/li>\n<\/ul>\n<p><span style=\"font-size: 24px; color: #ff0000;\"><strong>Il n&#8217;y aura pas de pas de cours le weekend de No\u00ebl (le 24-25 d\u00e9cembre 2016) et et le weekend&nbsp; du nouvel an <\/strong><\/span><span style=\"font-size: 24px; color: #ff0000;\"><strong>(<\/strong><\/span><span style=\"font-size: 24px; color: #ff0000;\"><strong>le 31 d\u00e9cembre 2016 et le 01 janvier 2017).<\/strong><\/span><\/p>\n<p><span style=\"font-size: 24px; color: #339966;\"><strong>Reprise de tous les cours \u00e0 partir du lundi 02 janvier 2017.<\/strong><\/span><\/p>\n<p>&nbsp;<\/p>\n<p style=\"text-align: center;\"><strong><span style=\"font-family: impact,sans-serif; font-size: 48px;\">Bonnes vacances et bonne fin d&#8217;ann\u00e9e \u00e0 tous !<\/span><\/strong><\/p>\n<p>&nbsp;<\/p>\n","protected":false},"excerpt":{"rendered":"<p>Bient\u00f4t les vacances de No\u00ebl, les dates ont \u00e9t\u00e9 fix\u00e9es cette ann\u00e9e pour toutes les zones scolaires, du samedi 17 d\u00e9cembre 2016 au mardi 3 Janvier 2017. Nous vous informons que durant cette p\u00e9riode le Karat\u00e9 Club de Tremblay-en-France assurera et maintien les cours de kobudo et&nbsp;karat\u00e9 du samedi 17 et du dimanche 18 d\u00e9cembre [&hellip;]<\/p>\n","protected":false},"author":1,"featured_media":2645,"comment_status":"closed","ping_status":"closed","sticky":false,"template":"","format":"standard","meta":{"_exactmetrics_skip_tracking":false,"_exactmetrics_sitenote_active":false,"_exactmetrics_sitenote_note":"","_exactmetrics_sitenote_category":0,"ngg_post_thumbnail":0,"_jetpack_memberships_contains_paid_content":false,"footnotes":""},"categories":[5],"tags":[],"class_list":["post-2641","post","type-post","status-publish","format-standard","has-post-thumbnail","hentry","category-actualites-du-club"],"jetpack_featured_media_url":"https:\/\/i0.wp.com\/www.gojuryu93.com\/wp-content\/uploads\/2016\/12\/noel-2016-1-e1481576308555.png?fit=200%2C153&ssl=1","jetpack_shortlink":"https:\/\/wp.me\/p6TujZ-GB","jetpack-related-posts":[{"id":1907,"url":"https:\/\/www.gojuryu93.com\/?p=1907","url_meta":{"origin":2641,"position":0},"title":"Rappels pour les cours de vacances scolaires","author":"Team-Goju","date":"15 avril 2016","format":false,"excerpt":"Durant toutes les vacances scolaires en raison de non disponibilit\u00e9 des dojos, certains cours sont suspendus : Cours Kobudo du samedi et cours karat\u00e9 adultes et enfants du dimanche durant toutes les vacances scolaires. Cours Baby-karat\u00e9 durant toutes les vacances scolaires. Les autres cours sont maintenus aux heures habituelles. H.\u2026","rel":"","context":"Dans &quot;Actualit\u00e9s du club&quot;","block_context":{"text":"Actualit\u00e9s du club","link":"https:\/\/www.gojuryu93.com\/?cat=5"},"img":{"alt_text":"flash","src":"https:\/\/i0.wp.com\/www.gojuryu93.com\/wp-content\/uploads\/2016\/04\/flash-300x231.png?resize=350%2C200","width":350,"height":200},"classes":[]},{"id":1997,"url":"https:\/\/www.gojuryu93.com\/?p=1997","url_meta":{"origin":2641,"position":1},"title":"C&#8217;est bient\u00f4t la pause estivale","author":"Team-Goju","date":"23 juin 2016","format":false,"excerpt":"Bient\u00f4t la pause estivale, chacun va donc b\u00e9n\u00e9ficier de vacances bien gagn\u00e9es, votre club aussi. Les derniers cours pour la saison 2015-2016 se termineront le jeudi 30 juin 2016 \u00e0 l'issue des cours. La reprise de la saison 2016-2017 pour les diff\u00e9rentes sections s'effectuera\u00a0 de la mani\u00e8re suivante : Karat\u00e9\u2026","rel":"","context":"Dans &quot;Actualit\u00e9s du club&quot;","block_context":{"text":"Actualit\u00e9s du club","link":"https:\/\/www.gojuryu93.com\/?cat=5"},"img":{"alt_text":"","src":"https:\/\/i0.wp.com\/www.gojuryu93.com\/wp-content\/uploads\/2016\/06\/vacances-2016-1-e1467283904499.png?fit=485%2C200&ssl=1&resize=350%2C200","width":350,"height":200},"classes":[]},{"id":2959,"url":"https:\/\/www.gojuryu93.com\/?p=2959","url_meta":{"origin":2641,"position":2},"title":"Infos cours vacances de printemps 2017","author":"Team-Goju","date":"28 mars 2017","format":false,"excerpt":"Les vacances de Printemps arrivent pour la zone C, et les dates d\u00e9finies pour l'acad\u00e9mie sont : \u00a0 Fin des cours :\u00a0 samedi 1er avril 2017 Reprise des cours :\u00a0 mardi 18 avril 2017 \u00a0 Le Karat\u00e9 Club de Tremblay-en-France vous informe de ses dates d\u2019ouvertures durant les cong\u00e9s de\u2026","rel":"","context":"Dans &quot;Actualit\u00e9s du club&quot;","block_context":{"text":"Actualit\u00e9s du club","link":"https:\/\/www.gojuryu93.com\/?cat=5"},"img":{"alt_text":"","src":"https:\/\/i0.wp.com\/www.gojuryu93.com\/wp-content\/uploads\/2017\/03\/VACANCES-DE-PRINTEMPS-web-300x101.png?resize=350%2C200","width":350,"height":200,"srcset":"https:\/\/i0.wp.com\/www.gojuryu93.com\/wp-content\/uploads\/2017\/03\/VACANCES-DE-PRINTEMPS-web-300x101.png?resize=350%2C200 1x, https:\/\/i0.wp.com\/www.gojuryu93.com\/wp-content\/uploads\/2017\/03\/VACANCES-DE-PRINTEMPS-web-300x101.png?resize=525%2C300 1.5x"},"classes":[]},{"id":3124,"url":"https:\/\/www.gojuryu93.com\/?p=3124","url_meta":{"origin":2641,"position":3},"title":"Bient\u00f4t les vacances d&#8217;\u00e9t\u00e9 : Dates des derniers cours","author":"Team-Goju","date":"15 juin 2017","format":false,"excerpt":"Bient\u00f4t les vacances d'\u00e9t\u00e9 et un juste repos s'impose pour tous. Les derniers cours pour la saison 2016-2017 auront lieu : Pour le Kobudo adultes\u00a0 - le 24 juin 2017. Pour le Kobudo enfants\u00a0 - le 26 juin 2017. Pour le Karat\u00e9 toutes sections - le 29 juin 2017. L'\u00e9quipe\u2026","rel":"","context":"Dans &quot;Actualit\u00e9s du club&quot;","block_context":{"text":"Actualit\u00e9s du club","link":"https:\/\/www.gojuryu93.com\/?cat=5"},"img":{"alt_text":"","src":"https:\/\/i0.wp.com\/www.gojuryu93.com\/wp-content\/uploads\/2017\/06\/Vacances-%C3%A9t%C3%A9-2017-300x199.jpg?resize=350%2C200","width":350,"height":200,"srcset":"https:\/\/i0.wp.com\/www.gojuryu93.com\/wp-content\/uploads\/2017\/06\/Vacances-%C3%A9t%C3%A9-2017-300x199.jpg?resize=350%2C200 1x, https:\/\/i0.wp.com\/www.gojuryu93.com\/wp-content\/uploads\/2017\/06\/Vacances-%C3%A9t%C3%A9-2017-300x199.jpg?resize=525%2C300 1.5x, https:\/\/i0.wp.com\/www.gojuryu93.com\/wp-content\/uploads\/2017\/06\/Vacances-%C3%A9t%C3%A9-2017-300x199.jpg?resize=700%2C400 2x"},"classes":[]},{"id":2130,"url":"https:\/\/www.gojuryu93.com\/?p=2130","url_meta":{"origin":2641,"position":4},"title":"Infos cours Vacances de Toussaint 2016","author":"Team-Goju","date":"16 octobre 2016","format":false,"excerpt":"Dates des Vacances scolaires de la Toussaint 2016 Fin des cours : mercredi 19 octobre 2016 Jour de reprise : jeudi 3 novembre 2016 Rappel important : Durant cette p\u00e9riode les cours\u00a0 de karat\u00e9 et kobudo ne seront pas assur\u00e9s les 22 \/ 23 octobre 2016 ainsi que les 29\u2026","rel":"","context":"Dans &quot;Actualit\u00e9s du club&quot;","block_context":{"text":"Actualit\u00e9s du club","link":"https:\/\/www.gojuryu93.com\/?cat=5"},"img":{"alt_text":"Vacances Scolaires 2016-2017","src":"https:\/\/i0.wp.com\/www.gojuryu93.com\/wp-content\/uploads\/2016\/10\/vacances-2017-296x300.png?resize=350%2C200","width":350,"height":200},"classes":[]},{"id":2882,"url":"https:\/\/www.gojuryu93.com\/?p=2882","url_meta":{"origin":2641,"position":5},"title":"Les vacances d&#8217;hiver 2017 arrivent : Calendrier des cours","author":"Team-Goju","date":"27 janvier 2017","format":false,"excerpt":"\u00a0 \u00a0 \u00a0 Les vacances de f\u00e9vrier arrivent pour la zone C, le Karat\u00e9 Club de Tremblay-en-France vous informe de ses dates d'ouvertures durant les cong\u00e9s d'hiver : \u00a0 Ouvert le week-end du 4 et 5 f\u00e9vrier 2017, Pas de cours Kobudo du 5 f\u00e9vrier jusqu'au 18\u00a0 f\u00e9vrier 2017 (reprise\u2026","rel":"","context":"Dans &quot;Actualit\u00e9s du club&quot;","block_context":{"text":"Actualit\u00e9s du club","link":"https:\/\/www.gojuryu93.com\/?cat=5"},"img":{"alt_text":"","src":"https:\/\/i0.wp.com\/www.gojuryu93.com\/wp-content\/uploads\/2017\/01\/vac_hiver-2017-300x87.jpg?resize=350%2C200","width":350,"height":200,"srcset":"https:\/\/i0.wp.com\/www.gojuryu93.com\/wp-content\/uploads\/2017\/01\/vac_hiver-2017-300x87.jpg?resize=350%2C200 1x, https:\/\/i0.wp.com\/www.gojuryu93.com\/wp-content\/uploads\/2017\/01\/vac_hiver-2017-300x87.jpg?resize=525%2C300 1.5x"},"classes":[]}],"jetpack_sharing_enabled":true,"_links":{"self":[{"href":"https:\/\/www.gojuryu93.com\/index.php?rest_route=\/wp\/v2\/posts\/2641","targetHints":{"allow":["GET"]}}],"collection":[{"href":"https:\/\/www.gojuryu93.com\/index.php?rest_route=\/wp\/v2\/posts"}],"about":[{"href":"https:\/\/www.gojuryu93.com\/index.php?rest_route=\/wp\/v2\/types\/post"}],"author":[{"embeddable":true,"href":"https:\/\/www.gojuryu93.com\/index.php?rest_route=\/wp\/v2\/users\/1"}],"replies":[{"embeddable":true,"href":"https:\/\/www.gojuryu93.com\/index.php?rest_route=%2Fwp%2Fv2%2Fcomments&post=2641"}],"version-history":[{"count":0,"href":"https:\/\/www.gojuryu93.com\/index.php?rest_route=\/wp\/v2\/posts\/2641\/revisions"}],"wp:featuredmedia":[{"embeddable":true,"href":"https:\/\/www.gojuryu93.com\/index.php?rest_route=\/wp\/v2\/media\/2645"}],"wp:attachment":[{"href":"https:\/\/www.gojuryu93.com\/index.php?rest_route=%2Fwp%2Fv2%2Fmedia&parent=2641"}],"wp:term":[{"taxonomy":"category","embeddable":true,"href":"https:\/\/www.gojuryu93.com\/index.php?rest_route=%2Fwp%2Fv2%2Fcategories&post=2641"},{"taxonomy":"post_tag","embeddable":true,"href":"https:\/\/www.gojuryu93.com\/index.php?rest_route=%2Fwp%2Fv2%2Ftags&post=2641"}],"curies":[{"name":"wp","href":"https:\/\/api.w.org\/{rel}","templated":true}]}}