{"id":2860,"date":"2017-01-19T11:54:18","date_gmt":"2017-01-19T10:54:18","guid":{"rendered":"http:\/\/www.gojuryu93.com\/?p=2860"},"modified":"2017-01-27T17:22:08","modified_gmt":"2017-01-27T16:22:08","slug":"passages-de-grades-karate-enfants-en-fevrier-et-debut-mars-2017","status":"publish","type":"post","link":"https:\/\/www.gojuryu93.com\/?p=2860","title":{"rendered":"Passages de grades Karat\u00e9 enfants en f\u00e9vrier et d\u00e9but mars 2017"},"content":{"rendered":"<div id=\"attachment_2861\" style=\"width: 431px\" class=\"wp-caption aligncenter\"><img data-recalc-dims=\"1\" loading=\"lazy\" decoding=\"async\" aria-describedby=\"caption-attachment-2861\" data-attachment-id=\"2861\" data-permalink=\"https:\/\/www.gojuryu93.com\/?attachment_id=2861\" data-orig-file=\"https:\/\/i0.wp.com\/www.gojuryu93.com\/wp-content\/uploads\/2017\/01\/diplome-ceinture-marron-e1484822578426.jpg?fit=200%2C200&amp;ssl=1\" data-orig-size=\"200,200\" data-comments-opened=\"0\" data-image-meta=\"{&quot;aperture&quot;:&quot;0&quot;,&quot;credit&quot;:&quot;&quot;,&quot;camera&quot;:&quot;&quot;,&quot;caption&quot;:&quot;&quot;,&quot;created_timestamp&quot;:&quot;0&quot;,&quot;copyright&quot;:&quot;&quot;,&quot;focal_length&quot;:&quot;0&quot;,&quot;iso&quot;:&quot;0&quot;,&quot;shutter_speed&quot;:&quot;0&quot;,&quot;title&quot;:&quot;&quot;,&quot;orientation&quot;:&quot;0&quot;}\" data-image-title=\"diplome-ceinture-marron\" data-image-description=\"\" data-image-caption=\"&lt;p&gt;\u00a9 FFKDA&lt;\/p&gt;\n\" data-large-file=\"https:\/\/i0.wp.com\/www.gojuryu93.com\/wp-content\/uploads\/2017\/01\/diplome-ceinture-marron-e1484822578426.jpg?fit=200%2C200&amp;ssl=1\" class=\"wp-image-2861 \" title=\"\u00a9 FFKDA\" src=\"https:\/\/i0.wp.com\/www.gojuryu93.com\/wp-content\/uploads\/2017\/01\/diplome-ceinture-marron.jpg?resize=421%2C421\" width=\"421\" height=\"421\"><p id=\"caption-attachment-2861\" class=\"wp-caption-text\">\u00a9 FFKDA<\/p><\/div>\n<p>Vos professeurs vous informent des prochains passages de grades karat\u00e9 enfants qui se d\u00e9rouleront le :<\/p>\n<ul style=\"list-style-type: disc;\">\n<li>09\/02\/17 pour les ceintures blanches kyu (pendant les vacances d&#8217;hiver).<\/li>\n<li>16\/02\/17 pour les ceintures blanches kyu (pendant les vacances d&#8217;hiver)<\/li>\n<li>23\/02\/17 pour les ceintures jaunes et jaune kyu.<\/li>\n<li>26\/02\/17 pour les ceintures oranges et oranges kyu.<\/li>\n<li>02\/03\/17 pour les ceintures vertes et vertes kyu.<\/li>\n<\/ul>\n<p>Merci de noter ces dates dans vos agendas.<\/p>\n<p>Les passages s&#8217;effectueront dans l&#8217;ordre des ceintures actuelles en commen\u00e7ant par les ceintures blanches.<\/p>\n<p>Pr\u00e9sence, discipline, ponctualit\u00e9, Kimonos repass\u00e9s et propres durant les examens.<\/p>\n<hr style=\"width: 500px; color: firebrick; background-color: firebrick; height: 3px;\">\n<p style=\"text-align: center;\"><em><strong>Vous pouvez pr\u00e9parer votre examen en apprenant vos kyons et katas en vous entra\u00eenant \u00e0 la maison. <\/strong><\/em><\/p>\n<p style=\"text-align: center;\"><em><strong>T\u00e9l\u00e9charger la liste des kyons en cliquant sur le bouton.<\/strong><\/em><\/p>\n<p>&nbsp;&nbsp;<\/p>\n<p style=\"text-align: center;\"><a class=\"maxbutton-21 maxbutton maxbutton-kihons-gojuryu-kids\" target=\"_blank\" rel=\"noopener\" href=\"http:\/\/www.gojuryu93.com\/wp-content\/uploads\/2016\/11\/kihons 2016-2017\/PASSAGE DE GRADES ENFANTS.pdf\"><span class='mb-text'>T\u00e9l\u00e9charger les kihons Passages de grades enfants<\/span><\/a>&nbsp;<\/p>\n","protected":false},"excerpt":{"rendered":"<p>Vos professeurs vous informent des prochains passages de grades karat\u00e9 enfants qui se d\u00e9rouleront le : 09\/02\/17 pour les ceintures blanches kyu (pendant les vacances d&#8217;hiver). 16\/02\/17 pour les ceintures blanches kyu (pendant les vacances d&#8217;hiver) 23\/02\/17 pour les ceintures jaunes et jaune kyu. 26\/02\/17 pour les ceintures oranges et oranges kyu. 02\/03\/17 pour les [&hellip;]<\/p>\n","protected":false},"author":1,"featured_media":2861,"comment_status":"closed","ping_status":"closed","sticky":false,"template":"","format":"standard","meta":{"_exactmetrics_skip_tracking":false,"_exactmetrics_sitenote_active":false,"_exactmetrics_sitenote_note":"","_exactmetrics_sitenote_category":0,"ngg_post_thumbnail":0,"_jetpack_memberships_contains_paid_content":false,"footnotes":""},"categories":[5,11],"tags":[],"class_list":["post-2860","post","type-post","status-publish","format-standard","has-post-thumbnail","hentry","category-actualites-du-club","category-passages-de-grades"],"jetpack_featured_media_url":"https:\/\/i0.wp.com\/www.gojuryu93.com\/wp-content\/uploads\/2017\/01\/diplome-ceinture-marron-e1484822578426.jpg?fit=200%2C200&ssl=1","jetpack_shortlink":"https:\/\/wp.me\/p6TujZ-K8","jetpack-related-posts":[{"id":2882,"url":"https:\/\/www.gojuryu93.com\/?p=2882","url_meta":{"origin":2860,"position":0},"title":"Les vacances d&#8217;hiver 2017 arrivent : Calendrier des cours","author":"Team-Goju","date":"27 janvier 2017","format":false,"excerpt":"\u00a0 \u00a0 \u00a0 Les vacances de f\u00e9vrier arrivent pour la zone C, le Karat\u00e9 Club de Tremblay-en-France vous informe de ses dates d'ouvertures durant les cong\u00e9s d'hiver : \u00a0 Ouvert le week-end du 4 et 5 f\u00e9vrier 2017, Pas de cours Kobudo du 5 f\u00e9vrier jusqu'au 18\u00a0 f\u00e9vrier 2017 (reprise\u2026","rel":"","context":"Dans &quot;Actualit\u00e9s du club&quot;","block_context":{"text":"Actualit\u00e9s du club","link":"https:\/\/www.gojuryu93.com\/?cat=5"},"img":{"alt_text":"","src":"https:\/\/i0.wp.com\/www.gojuryu93.com\/wp-content\/uploads\/2017\/01\/vac_hiver-2017-300x87.jpg?resize=350%2C200","width":350,"height":200,"srcset":"https:\/\/i0.wp.com\/www.gojuryu93.com\/wp-content\/uploads\/2017\/01\/vac_hiver-2017-300x87.jpg?resize=350%2C200 1x, https:\/\/i0.wp.com\/www.gojuryu93.com\/wp-content\/uploads\/2017\/01\/vac_hiver-2017-300x87.jpg?resize=525%2C300 1.5x"},"classes":[]},{"id":3149,"url":"https:\/\/www.gojuryu93.com\/?p=3149","url_meta":{"origin":2860,"position":1},"title":"Passages de dan du 11 juin 2017 : 100% de r\u00e9ussites pour Tremblay","author":"Team-Goju","date":"12 juin 2017","format":false,"excerpt":"\u00a0 Trois de nos adh\u00e9rents ont tent\u00e9 dimanche 11 juin 2017 l'examen organis\u00e9 par le Comit\u00e9 D\u00e9partemental 93 de la FFKDA pour le passage vers le second DAN Karat\u00e9. Nous avons donc le plaisir de vous annoncer la r\u00e9ussite de nos adh\u00e9rents : Hakim et Cyril sont admis au second\u2026","rel":"","context":"Dans &quot;Passages de grades&quot;","block_context":{"text":"Passages de grades","link":"https:\/\/www.gojuryu93.com\/?cat=11"},"img":{"alt_text":"","src":"https:\/\/i0.wp.com\/www.gojuryu93.com\/wp-content\/uploads\/2017\/06\/DSC_0189_web-300x200.jpg?resize=350%2C200","width":350,"height":200},"classes":[]},{"id":3027,"url":"https:\/\/www.gojuryu93.com\/?p=3027","url_meta":{"origin":2860,"position":2},"title":"Journ\u00e9e portes ouvertes au Karat\u00e9 Club de Tremblay-en-France","author":"Team-Goju","date":"30 avril 2017","format":false,"excerpt":"Dimanche 30 avril 2017 le Karat\u00e9 Club de Tremblay-en-France organisait une journ\u00e9e \"Portes Ouvertes\" pour les parents et amis des adh\u00e9rents. Encadr\u00e9s par les b\u00e9n\u00e9voles, les ceintures noires et les professeurs du club, tous ont pu d\u00e9couvrir le travail des jeunes adh\u00e9rents et pratiquer ensemble \u00e0 une initiation d\u00e9couverte dans\u2026","rel":"","context":"Dans &quot;Actualit\u00e9s du club&quot;","block_context":{"text":"Actualit\u00e9s du club","link":"https:\/\/www.gojuryu93.com\/?cat=5"},"img":{"alt_text":"\u00a9 2017 Karat\u00e9 Club de Tremblay-en-France - Cr\u00e9dits Agn\u00e9s Pinot","src":"https:\/\/i0.wp.com\/www.gojuryu93.com\/wp-content\/uploads\/2017\/04\/gojurryu_portes_ouvertes_2017-300x169.jpg?resize=350%2C200","width":350,"height":200,"srcset":"https:\/\/i0.wp.com\/www.gojuryu93.com\/wp-content\/uploads\/2017\/04\/gojurryu_portes_ouvertes_2017-300x169.jpg?resize=350%2C200 1x, https:\/\/i0.wp.com\/www.gojuryu93.com\/wp-content\/uploads\/2017\/04\/gojurryu_portes_ouvertes_2017-300x169.jpg?resize=525%2C300 1.5x, https:\/\/i0.wp.com\/www.gojuryu93.com\/wp-content\/uploads\/2017\/04\/gojurryu_portes_ouvertes_2017-300x169.jpg?resize=700%2C400 2x"},"classes":[]},{"id":3124,"url":"https:\/\/www.gojuryu93.com\/?p=3124","url_meta":{"origin":2860,"position":3},"title":"Bient\u00f4t les vacances d&#8217;\u00e9t\u00e9 : Dates des derniers cours","author":"Team-Goju","date":"15 juin 2017","format":false,"excerpt":"Bient\u00f4t les vacances d'\u00e9t\u00e9 et un juste repos s'impose pour tous. Les derniers cours pour la saison 2016-2017 auront lieu : Pour le Kobudo adultes\u00a0 - le 24 juin 2017. Pour le Kobudo enfants\u00a0 - le 26 juin 2017. Pour le Karat\u00e9 toutes sections - le 29 juin 2017. L'\u00e9quipe\u2026","rel":"","context":"Dans &quot;Actualit\u00e9s du club&quot;","block_context":{"text":"Actualit\u00e9s du club","link":"https:\/\/www.gojuryu93.com\/?cat=5"},"img":{"alt_text":"","src":"https:\/\/i0.wp.com\/www.gojuryu93.com\/wp-content\/uploads\/2017\/06\/Vacances-%C3%A9t%C3%A9-2017-300x199.jpg?resize=350%2C200","width":350,"height":200,"srcset":"https:\/\/i0.wp.com\/www.gojuryu93.com\/wp-content\/uploads\/2017\/06\/Vacances-%C3%A9t%C3%A9-2017-300x199.jpg?resize=350%2C200 1x, https:\/\/i0.wp.com\/www.gojuryu93.com\/wp-content\/uploads\/2017\/06\/Vacances-%C3%A9t%C3%A9-2017-300x199.jpg?resize=525%2C300 1.5x, https:\/\/i0.wp.com\/www.gojuryu93.com\/wp-content\/uploads\/2017\/06\/Vacances-%C3%A9t%C3%A9-2017-300x199.jpg?resize=700%2C400 2x"},"classes":[]},{"id":2641,"url":"https:\/\/www.gojuryu93.com\/?p=2641","url_meta":{"origin":2860,"position":4},"title":"Vacances de No\u00ebl 2016 &#8211; Infos Cours","author":"Team-Goju","date":"12 d\u00e9cembre 2016","format":false,"excerpt":"Bient\u00f4t les vacances de No\u00ebl, les dates ont \u00e9t\u00e9 fix\u00e9es cette ann\u00e9e pour toutes les zones scolaires, du samedi 17 d\u00e9cembre 2016 au mardi 3 Janvier 2017. Nous vous informons que durant cette p\u00e9riode le Karat\u00e9 Club de Tremblay-en-France assurera et maintien les cours de kobudo et\u00a0karat\u00e9 du samedi 17\u2026","rel":"","context":"Dans &quot;Actualit\u00e9s du club&quot;","block_context":{"text":"Actualit\u00e9s du club","link":"https:\/\/www.gojuryu93.com\/?cat=5"},"img":{"alt_text":"","src":"https:\/\/i0.wp.com\/www.gojuryu93.com\/wp-content\/uploads\/2016\/12\/noel-2016-1-300x230.png?resize=350%2C200","width":350,"height":200,"srcset":"https:\/\/i0.wp.com\/www.gojuryu93.com\/wp-content\/uploads\/2016\/12\/noel-2016-1-300x230.png?resize=350%2C200 1x, https:\/\/i0.wp.com\/www.gojuryu93.com\/wp-content\/uploads\/2016\/12\/noel-2016-1-300x230.png?resize=525%2C300 1.5x, https:\/\/i0.wp.com\/www.gojuryu93.com\/wp-content\/uploads\/2016\/12\/noel-2016-1-300x230.png?resize=700%2C400 2x"},"classes":[]},{"id":2123,"url":"https:\/\/www.gojuryu93.com\/?p=2123","url_meta":{"origin":2860,"position":5},"title":"Stage f\u00e9d\u00e9ral gratuit \u00e0 Tremblay-en-France : Samedi 19 Novembre 2016","author":"Team-Goju","date":"5 octobre 2016","format":false,"excerpt":"Pour le d\u00e9but de la nouvelle saison 2016-2017, la Ligue 93 de la FFKDA en partenariat avec le Club\u00a0 de karat\u00e9 Goju-ryu de Tremblay-en-France organise un stage f\u00e9d\u00e9ral gratuit le samedi 19 novembre 2016\u00a0 dirig\u00e9 par Ma\u00eetre OSHIRO dans le dojo des Cottages de Tremblay-en-France. Ce stage permettra d'obtenir un\u2026","rel":"","context":"Dans &quot;Stages&quot;","block_context":{"text":"Stages","link":"https:\/\/www.gojuryu93.com\/?cat=3"},"img":{"alt_text":"\u00a9 2016 Ligue 93 FFKDA - Cr\u00e9ation Gojuryu Tremblay-en-France","src":"https:\/\/i0.wp.com\/www.gojuryu93.com\/wp-content\/uploads\/2016\/10\/stage-OshiroV3-212x300.jpg?resize=350%2C200","width":350,"height":200,"srcset":"https:\/\/i0.wp.com\/www.gojuryu93.com\/wp-content\/uploads\/2016\/10\/stage-OshiroV3-212x300.jpg?resize=350%2C200 1x, https:\/\/i0.wp.com\/www.gojuryu93.com\/wp-content\/uploads\/2016\/10\/stage-OshiroV3-212x300.jpg?resize=525%2C300 1.5x"},"classes":[]}],"jetpack_sharing_enabled":true,"_links":{"self":[{"href":"https:\/\/www.gojuryu93.com\/index.php?rest_route=\/wp\/v2\/posts\/2860","targetHints":{"allow":["GET"]}}],"collection":[{"href":"https:\/\/www.gojuryu93.com\/index.php?rest_route=\/wp\/v2\/posts"}],"about":[{"href":"https:\/\/www.gojuryu93.com\/index.php?rest_route=\/wp\/v2\/types\/post"}],"author":[{"embeddable":true,"href":"https:\/\/www.gojuryu93.com\/index.php?rest_route=\/wp\/v2\/users\/1"}],"replies":[{"embeddable":true,"href":"https:\/\/www.gojuryu93.com\/index.php?rest_route=%2Fwp%2Fv2%2Fcomments&post=2860"}],"version-history":[{"count":0,"href":"https:\/\/www.gojuryu93.com\/index.php?rest_route=\/wp\/v2\/posts\/2860\/revisions"}],"wp:featuredmedia":[{"embeddable":true,"href":"https:\/\/www.gojuryu93.com\/index.php?rest_route=\/wp\/v2\/media\/2861"}],"wp:attachment":[{"href":"https:\/\/www.gojuryu93.com\/index.php?rest_route=%2Fwp%2Fv2%2Fmedia&parent=2860"}],"wp:term":[{"taxonomy":"category","embeddable":true,"href":"https:\/\/www.gojuryu93.com\/index.php?rest_route=%2Fwp%2Fv2%2Fcategories&post=2860"},{"taxonomy":"post_tag","embeddable":true,"href":"https:\/\/www.gojuryu93.com\/index.php?rest_route=%2Fwp%2Fv2%2Ftags&post=2860"}],"curies":[{"name":"wp","href":"https:\/\/api.w.org\/{rel}","templated":true}]}}