{"id":2882,"date":"2017-01-27T17:18:49","date_gmt":"2017-01-27T16:18:49","guid":{"rendered":"http:\/\/www.gojuryu93.com\/?p=2882"},"modified":"2017-02-23T13:48:50","modified_gmt":"2017-02-23T12:48:50","slug":"les-vacances-dhiver-2017-arrivent-calendrier-des-cours","status":"publish","type":"post","link":"https:\/\/www.gojuryu93.com\/?p=2882","title":{"rendered":"Les vacances d&#8217;hiver 2017 arrivent : Calendrier des cours"},"content":{"rendered":"<p><img data-recalc-dims=\"1\" loading=\"lazy\" decoding=\"async\" data-attachment-id=\"2883\" data-permalink=\"https:\/\/www.gojuryu93.com\/?attachment_id=2883\" data-orig-file=\"https:\/\/i0.wp.com\/www.gojuryu93.com\/wp-content\/uploads\/2017\/01\/vac_hiver-2017-e1485532300640.jpg?fit=200%2C58&amp;ssl=1\" data-orig-size=\"200,58\" data-comments-opened=\"0\" data-image-meta=\"{&quot;aperture&quot;:&quot;0&quot;,&quot;credit&quot;:&quot;&quot;,&quot;camera&quot;:&quot;&quot;,&quot;caption&quot;:&quot;&quot;,&quot;created_timestamp&quot;:&quot;0&quot;,&quot;copyright&quot;:&quot;&quot;,&quot;focal_length&quot;:&quot;0&quot;,&quot;iso&quot;:&quot;0&quot;,&quot;shutter_speed&quot;:&quot;0&quot;,&quot;title&quot;:&quot;&quot;,&quot;orientation&quot;:&quot;1&quot;}\" data-image-title=\"vac_hiver 2017\" data-image-description=\"\" data-image-caption=\"\" data-large-file=\"https:\/\/i0.wp.com\/www.gojuryu93.com\/wp-content\/uploads\/2017\/01\/vac_hiver-2017-e1485532300640.jpg?fit=200%2C58&amp;ssl=1\" class=\"wp-image-2883 aligncenter\" src=\"https:\/\/i0.wp.com\/www.gojuryu93.com\/wp-content\/uploads\/2017\/01\/vac_hiver-2017.jpg?resize=610%2C177\" alt=\"\" width=\"610\" height=\"177\"><\/p>\n<div>&nbsp;<\/div>\n<div>&nbsp;<\/div>\n<div>&nbsp;<\/div>\n<div><span style=\"font-size: 20px; font-family: comic sans ms,sans-serif; color: #000000;\">Les vacances de f\u00e9vrier arrivent pour la zone C, le Karat\u00e9 Club de Tremblay-en-France vous informe de ses dates d&#8217;ouvertures durant les cong\u00e9s d&#8217;hiver :<\/span><\/div>\n<div>&nbsp;<\/div>\n<ul style=\"list-style-type: circle;\">\n<li><span style=\"font-size: 20px; font-family: comic sans ms,sans-serif; color: #000000;\">Ouvert le week-end du 4 et 5 f\u00e9vrier 2017,<\/span><\/li>\n<li><span style=\"font-size: 20px; font-family: comic sans ms,sans-serif; color: #000000;\"><span style=\"color: #ff0000;\">Pas de cours K<\/span><\/span><span style=\"font-size: 20px; font-family: comic sans ms,sans-serif; color: #000000;\"><span style=\"color: #ff0000;\">obudo<\/span><\/span><span style=\"font-size: 20px; font-family: comic sans ms,sans-serif; color: #000000;\"><span style=\"color: #ff0000;\"> du 5 f\u00e9vrier jusqu&#8217;au 18&nbsp; f\u00e9vrier 2017 (reprise le 20 f\u00e9vrier 2017)<\/span>,<\/span><\/li>\n<li><span style=\"font-size: 20px; font-family: comic sans ms,sans-serif; color: #000000;\">Cours de karat\u00e9 assur\u00e9s en semaine les lundi 6 et 13 f\u00e9vrier, et jeudi 9 et 16 f\u00e9vrier 2017,<\/span><\/li>\n<li><span style=\"font-size: 20px; font-family: comic sans ms,sans-serif; color: #000000;\"><span style=\"color: #ff0000;\">Ferm\u00e9 les Week-ends du 11-12 et du 18-19 f\u00e9vrier 2017<\/span>.<\/span><\/li>\n<\/ul>\n<p>&nbsp;<\/p>\n<p><span style=\"background-color: #ffff00; font-family: comic sans ms,sans-serif;\"><strong><span style=\"font-size: 24px;\"><span style=\"text-decoration: underline;\">Rappel important<\/span> : Les passages de grades enfants commencent le jeudi 9 f\u00e9vrier 2017, pr\u00e9sence des candidats fortement souhait\u00e9e.<\/span><\/strong><\/span><\/p>\n<p>&nbsp;<\/p>\n<p style=\"text-align: center;\"><span style=\"color: #339966; font-size: 32px;\"><strong><span style=\"font-family: comic sans ms,sans-serif;\">Reprise normale des cours le lundi 20 f\u00e9vrier 2017.<\/span><\/strong><\/span><\/p>\n","protected":false},"excerpt":{"rendered":"<p>&nbsp; &nbsp; &nbsp; Les vacances de f\u00e9vrier arrivent pour la zone C, le Karat\u00e9 Club de Tremblay-en-France vous informe de ses dates d&#8217;ouvertures durant les cong\u00e9s d&#8217;hiver : &nbsp; Ouvert le week-end du 4 et 5 f\u00e9vrier 2017, Pas de cours Kobudo du 5 f\u00e9vrier jusqu&#8217;au 18&nbsp; f\u00e9vrier 2017 (reprise le 20 f\u00e9vrier 2017), Cours [&hellip;]<\/p>\n","protected":false},"author":1,"featured_media":2883,"comment_status":"closed","ping_status":"closed","sticky":false,"template":"","format":"standard","meta":{"_exactmetrics_skip_tracking":false,"_exactmetrics_sitenote_active":false,"_exactmetrics_sitenote_note":"","_exactmetrics_sitenote_category":0,"ngg_post_thumbnail":0,"_jetpack_memberships_contains_paid_content":false,"footnotes":""},"categories":[5],"tags":[],"class_list":["post-2882","post","type-post","status-publish","format-standard","has-post-thumbnail","hentry","category-actualites-du-club"],"jetpack_featured_media_url":"https:\/\/i0.wp.com\/www.gojuryu93.com\/wp-content\/uploads\/2017\/01\/vac_hiver-2017-e1485532300640.jpg?fit=200%2C58&ssl=1","jetpack_shortlink":"https:\/\/wp.me\/p6TujZ-Ku","jetpack-related-posts":[{"id":2959,"url":"https:\/\/www.gojuryu93.com\/?p=2959","url_meta":{"origin":2882,"position":0},"title":"Infos cours vacances de printemps 2017","author":"Team-Goju","date":"28 mars 2017","format":false,"excerpt":"Les vacances de Printemps arrivent pour la zone C, et les dates d\u00e9finies pour l'acad\u00e9mie sont : \u00a0 Fin des cours :\u00a0 samedi 1er avril 2017 Reprise des cours :\u00a0 mardi 18 avril 2017 \u00a0 Le Karat\u00e9 Club de Tremblay-en-France vous informe de ses dates d\u2019ouvertures durant les cong\u00e9s de\u2026","rel":"","context":"Dans &quot;Actualit\u00e9s du club&quot;","block_context":{"text":"Actualit\u00e9s du club","link":"https:\/\/www.gojuryu93.com\/?cat=5"},"img":{"alt_text":"","src":"https:\/\/i0.wp.com\/www.gojuryu93.com\/wp-content\/uploads\/2017\/03\/VACANCES-DE-PRINTEMPS-web-300x101.png?resize=350%2C200","width":350,"height":200,"srcset":"https:\/\/i0.wp.com\/www.gojuryu93.com\/wp-content\/uploads\/2017\/03\/VACANCES-DE-PRINTEMPS-web-300x101.png?resize=350%2C200 1x, https:\/\/i0.wp.com\/www.gojuryu93.com\/wp-content\/uploads\/2017\/03\/VACANCES-DE-PRINTEMPS-web-300x101.png?resize=525%2C300 1.5x"},"classes":[]},{"id":2860,"url":"https:\/\/www.gojuryu93.com\/?p=2860","url_meta":{"origin":2882,"position":1},"title":"Passages de grades Karat\u00e9 enfants en f\u00e9vrier et d\u00e9but mars 2017","author":"Team-Goju","date":"19 janvier 2017","format":false,"excerpt":"Vos professeurs vous informent des prochains passages de grades karat\u00e9 enfants qui se d\u00e9rouleront le : 09\/02\/17 pour les ceintures blanches kyu (pendant les vacances d'hiver). 16\/02\/17 pour les ceintures blanches kyu (pendant les vacances d'hiver) 23\/02\/17 pour les ceintures jaunes et jaune kyu. 26\/02\/17 pour les ceintures oranges et\u2026","rel":"","context":"Dans &quot;Actualit\u00e9s du club&quot;","block_context":{"text":"Actualit\u00e9s du club","link":"https:\/\/www.gojuryu93.com\/?cat=5"},"img":{"alt_text":"","src":"https:\/\/i0.wp.com\/www.gojuryu93.com\/wp-content\/uploads\/2017\/01\/diplome-ceinture-marron-300x300.jpg?resize=350%2C200","width":350,"height":200},"classes":[]},{"id":2641,"url":"https:\/\/www.gojuryu93.com\/?p=2641","url_meta":{"origin":2882,"position":2},"title":"Vacances de No\u00ebl 2016 &#8211; Infos Cours","author":"Team-Goju","date":"12 d\u00e9cembre 2016","format":false,"excerpt":"Bient\u00f4t les vacances de No\u00ebl, les dates ont \u00e9t\u00e9 fix\u00e9es cette ann\u00e9e pour toutes les zones scolaires, du samedi 17 d\u00e9cembre 2016 au mardi 3 Janvier 2017. Nous vous informons que durant cette p\u00e9riode le Karat\u00e9 Club de Tremblay-en-France assurera et maintien les cours de kobudo et\u00a0karat\u00e9 du samedi 17\u2026","rel":"","context":"Dans &quot;Actualit\u00e9s du club&quot;","block_context":{"text":"Actualit\u00e9s du club","link":"https:\/\/www.gojuryu93.com\/?cat=5"},"img":{"alt_text":"","src":"https:\/\/i0.wp.com\/www.gojuryu93.com\/wp-content\/uploads\/2016\/12\/noel-2016-1-300x230.png?resize=350%2C200","width":350,"height":200,"srcset":"https:\/\/i0.wp.com\/www.gojuryu93.com\/wp-content\/uploads\/2016\/12\/noel-2016-1-300x230.png?resize=350%2C200 1x, https:\/\/i0.wp.com\/www.gojuryu93.com\/wp-content\/uploads\/2016\/12\/noel-2016-1-300x230.png?resize=525%2C300 1.5x, https:\/\/i0.wp.com\/www.gojuryu93.com\/wp-content\/uploads\/2016\/12\/noel-2016-1-300x230.png?resize=700%2C400 2x"},"classes":[]},{"id":2130,"url":"https:\/\/www.gojuryu93.com\/?p=2130","url_meta":{"origin":2882,"position":3},"title":"Infos cours Vacances de Toussaint 2016","author":"Team-Goju","date":"16 octobre 2016","format":false,"excerpt":"Dates des Vacances scolaires de la Toussaint 2016 Fin des cours : mercredi 19 octobre 2016 Jour de reprise : jeudi 3 novembre 2016 Rappel important : Durant cette p\u00e9riode les cours\u00a0 de karat\u00e9 et kobudo ne seront pas assur\u00e9s les 22 \/ 23 octobre 2016 ainsi que les 29\u2026","rel":"","context":"Dans &quot;Actualit\u00e9s du club&quot;","block_context":{"text":"Actualit\u00e9s du club","link":"https:\/\/www.gojuryu93.com\/?cat=5"},"img":{"alt_text":"Vacances Scolaires 2016-2017","src":"https:\/\/i0.wp.com\/www.gojuryu93.com\/wp-content\/uploads\/2016\/10\/vacances-2017-296x300.png?resize=350%2C200","width":350,"height":200},"classes":[]},{"id":3124,"url":"https:\/\/www.gojuryu93.com\/?p=3124","url_meta":{"origin":2882,"position":4},"title":"Bient\u00f4t les vacances d&#8217;\u00e9t\u00e9 : Dates des derniers cours","author":"Team-Goju","date":"15 juin 2017","format":false,"excerpt":"Bient\u00f4t les vacances d'\u00e9t\u00e9 et un juste repos s'impose pour tous. Les derniers cours pour la saison 2016-2017 auront lieu : Pour le Kobudo adultes\u00a0 - le 24 juin 2017. Pour le Kobudo enfants\u00a0 - le 26 juin 2017. Pour le Karat\u00e9 toutes sections - le 29 juin 2017. L'\u00e9quipe\u2026","rel":"","context":"Dans &quot;Actualit\u00e9s du club&quot;","block_context":{"text":"Actualit\u00e9s du club","link":"https:\/\/www.gojuryu93.com\/?cat=5"},"img":{"alt_text":"","src":"https:\/\/i0.wp.com\/www.gojuryu93.com\/wp-content\/uploads\/2017\/06\/Vacances-%C3%A9t%C3%A9-2017-300x199.jpg?resize=350%2C200","width":350,"height":200,"srcset":"https:\/\/i0.wp.com\/www.gojuryu93.com\/wp-content\/uploads\/2017\/06\/Vacances-%C3%A9t%C3%A9-2017-300x199.jpg?resize=350%2C200 1x, https:\/\/i0.wp.com\/www.gojuryu93.com\/wp-content\/uploads\/2017\/06\/Vacances-%C3%A9t%C3%A9-2017-300x199.jpg?resize=525%2C300 1.5x, https:\/\/i0.wp.com\/www.gojuryu93.com\/wp-content\/uploads\/2017\/06\/Vacances-%C3%A9t%C3%A9-2017-300x199.jpg?resize=700%2C400 2x"},"classes":[]},{"id":1997,"url":"https:\/\/www.gojuryu93.com\/?p=1997","url_meta":{"origin":2882,"position":5},"title":"C&#8217;est bient\u00f4t la pause estivale","author":"Team-Goju","date":"23 juin 2016","format":false,"excerpt":"Bient\u00f4t la pause estivale, chacun va donc b\u00e9n\u00e9ficier de vacances bien gagn\u00e9es, votre club aussi. Les derniers cours pour la saison 2015-2016 se termineront le jeudi 30 juin 2016 \u00e0 l'issue des cours. La reprise de la saison 2016-2017 pour les diff\u00e9rentes sections s'effectuera\u00a0 de la mani\u00e8re suivante : Karat\u00e9\u2026","rel":"","context":"Dans &quot;Actualit\u00e9s du club&quot;","block_context":{"text":"Actualit\u00e9s du club","link":"https:\/\/www.gojuryu93.com\/?cat=5"},"img":{"alt_text":"","src":"https:\/\/i0.wp.com\/www.gojuryu93.com\/wp-content\/uploads\/2016\/06\/vacances-2016-1-e1467283904499.png?fit=485%2C200&ssl=1&resize=350%2C200","width":350,"height":200},"classes":[]}],"jetpack_sharing_enabled":true,"_links":{"self":[{"href":"https:\/\/www.gojuryu93.com\/index.php?rest_route=\/wp\/v2\/posts\/2882","targetHints":{"allow":["GET"]}}],"collection":[{"href":"https:\/\/www.gojuryu93.com\/index.php?rest_route=\/wp\/v2\/posts"}],"about":[{"href":"https:\/\/www.gojuryu93.com\/index.php?rest_route=\/wp\/v2\/types\/post"}],"author":[{"embeddable":true,"href":"https:\/\/www.gojuryu93.com\/index.php?rest_route=\/wp\/v2\/users\/1"}],"replies":[{"embeddable":true,"href":"https:\/\/www.gojuryu93.com\/index.php?rest_route=%2Fwp%2Fv2%2Fcomments&post=2882"}],"version-history":[{"count":0,"href":"https:\/\/www.gojuryu93.com\/index.php?rest_route=\/wp\/v2\/posts\/2882\/revisions"}],"wp:featuredmedia":[{"embeddable":true,"href":"https:\/\/www.gojuryu93.com\/index.php?rest_route=\/wp\/v2\/media\/2883"}],"wp:attachment":[{"href":"https:\/\/www.gojuryu93.com\/index.php?rest_route=%2Fwp%2Fv2%2Fmedia&parent=2882"}],"wp:term":[{"taxonomy":"category","embeddable":true,"href":"https:\/\/www.gojuryu93.com\/index.php?rest_route=%2Fwp%2Fv2%2Fcategories&post=2882"},{"taxonomy":"post_tag","embeddable":true,"href":"https:\/\/www.gojuryu93.com\/index.php?rest_route=%2Fwp%2Fv2%2Ftags&post=2882"}],"curies":[{"name":"wp","href":"https:\/\/api.w.org\/{rel}","templated":true}]}}