{"id":2925,"date":"2017-02-23T13:48:18","date_gmt":"2017-02-23T12:48:18","guid":{"rendered":"http:\/\/www.gojuryu93.com\/?p=2925"},"modified":"2017-03-12T14:42:17","modified_gmt":"2017-03-12T13:42:17","slug":"assemblee-generale-elective-convocation-des-adherents-mardi-28-fevrier-2016","status":"publish","type":"post","link":"https:\/\/www.gojuryu93.com\/?p=2925","title":{"rendered":"ASSEMBL\u00c9E G\u00c9N\u00c9RALE \u00c9LECTIVE &#8211; CONVOCATION DES ADH\u00c9RENTS MARDI 28 F\u00c9VRIER 2016"},"content":{"rendered":"<p>&nbsp;<\/p>\n<p><img data-recalc-dims=\"1\" loading=\"lazy\" decoding=\"async\" data-attachment-id=\"2930\" data-permalink=\"https:\/\/www.gojuryu93.com\/?attachment_id=2930\" data-orig-file=\"https:\/\/i0.wp.com\/www.gojuryu93.com\/wp-content\/uploads\/2017\/02\/AG-e1487853339960.jpg?fit=200%2C150&amp;ssl=1\" data-orig-size=\"200,150\" data-comments-opened=\"0\" data-image-meta=\"{&quot;aperture&quot;:&quot;0&quot;,&quot;credit&quot;:&quot;&quot;,&quot;camera&quot;:&quot;&quot;,&quot;caption&quot;:&quot;&quot;,&quot;created_timestamp&quot;:&quot;0&quot;,&quot;copyright&quot;:&quot;&quot;,&quot;focal_length&quot;:&quot;0&quot;,&quot;iso&quot;:&quot;0&quot;,&quot;shutter_speed&quot;:&quot;0&quot;,&quot;title&quot;:&quot;&quot;,&quot;orientation&quot;:&quot;0&quot;}\" data-image-title=\"AG\" data-image-description=\"\" data-image-caption=\"\" data-large-file=\"https:\/\/i0.wp.com\/www.gojuryu93.com\/wp-content\/uploads\/2017\/02\/AG-e1487853339960.jpg?fit=200%2C150&amp;ssl=1\" class=\"wp-image-2930 aligncenter\" src=\"https:\/\/i0.wp.com\/www.gojuryu93.com\/wp-content\/uploads\/2017\/02\/AG.jpg?resize=578%2C433\" alt=\"\" height=\"433\" width=\"578\"><\/p>\n<h2 style=\"text-align: center;\"><strong>Convocation :<\/strong><\/h2>\n<p>Les adh\u00e9rents du Karat\u00e9 Club de Tremblay-en-France sont tous invit\u00e9s par le pr\u00e9sident de l&#8217;association Mr Henri Biancardini \u00e0 se rendre \u00e0 la convocation \u00e0 l&#8217;assembl\u00e9e g\u00e9n\u00e9rale \u00e9lective du 28 f\u00e9vrier 2017 afin de renouveler le bureau de l&#8217;association conform\u00e9ment aux statuts en vigueur, de prendre connaissance du rapport moral de l&#8217;exercice pr\u00e9c\u00e9dent et des objectifs de l&#8217;association.<\/p>\n<p>Vous pourrez prendre connaissance de la convocation et la t\u00e9l\u00e9charger ci-dessous.<\/p>\n<p>&nbsp;<\/p>\n<p style=\"text-align: center;\"><iframe src=\"\/\/docs.google.com\/viewer?url=http%3A%2F%2Fwww.gojuryu93.com%2Fwp-content%2Fuploads%2F2017%2F02%2FAG2017.pdf&hl=fr&embedded=true\" class=\"gde-frame\" style=\"width:850px; height:1200px; border: none;\" scrolling=\"no\"><\/iframe>\n<p class=\"gde-text\"><a href=\"http:\/\/www.gojuryu93.com\/wp-content\/uploads\/2017\/02\/AG2017.pdf\" class=\"gde-link\">T\u00e9l\u00e9charger (PDF, 245KB)<\/a><\/p><\/p>\n","protected":false},"excerpt":{"rendered":"<p>&nbsp; Convocation : Les adh\u00e9rents du Karat\u00e9 Club de Tremblay-en-France sont tous invit\u00e9s par le pr\u00e9sident de l&#8217;association Mr Henri Biancardini \u00e0 se rendre \u00e0 la convocation \u00e0 l&#8217;assembl\u00e9e g\u00e9n\u00e9rale \u00e9lective du 28 f\u00e9vrier 2017 afin de renouveler le bureau de l&#8217;association conform\u00e9ment aux statuts en vigueur, de prendre connaissance du rapport moral de l&#8217;exercice [&hellip;]<\/p>\n","protected":false},"author":1,"featured_media":2930,"comment_status":"closed","ping_status":"closed","sticky":false,"template":"","format":"standard","meta":{"_exactmetrics_skip_tracking":false,"_exactmetrics_sitenote_active":false,"_exactmetrics_sitenote_note":"","_exactmetrics_sitenote_category":0,"ngg_post_thumbnail":0,"_jetpack_memberships_contains_paid_content":false,"footnotes":""},"categories":[5],"tags":[],"class_list":["post-2925","post","type-post","status-publish","format-standard","has-post-thumbnail","hentry","category-actualites-du-club"],"jetpack_featured_media_url":"https:\/\/i0.wp.com\/www.gojuryu93.com\/wp-content\/uploads\/2017\/02\/AG-e1487853339960.jpg?fit=200%2C150&ssl=1","jetpack_shortlink":"https:\/\/wp.me\/p6TujZ-Lb","jetpack-related-posts":[{"id":3045,"url":"https:\/\/www.gojuryu93.com\/?p=3045","url_meta":{"origin":2925,"position":0},"title":"Vendredi 12 mai 2017 &#8211; La soir\u00e9e club r\u00e9serv\u00e9e aux adh\u00e9rents","author":"Team-Goju","date":"1 mai 2017","format":false,"excerpt":"\u00a0 \u00a0 Comme chaque ann\u00e9e le Karat\u00e9-Club de Tremblay-en-France organise une soir\u00e9e exclusivement pour les adh\u00e9rents du club et leur famille. Au lieu du barbecue traditionnel,\u00a0 cette ann\u00e9e amusements pour tous lors d'un Laser Games pour finir la soir\u00e9e autour d'une table dans un restaurant retenu par le comit\u00e9 directeur\u2026","rel":"","context":"Dans &quot;Actualit\u00e9s du club&quot;","block_context":{"text":"Actualit\u00e9s du club","link":"https:\/\/www.gojuryu93.com\/?cat=5"},"img":{"alt_text":"","src":"https:\/\/i0.wp.com\/www.gojuryu93.com\/wp-content\/uploads\/2017\/05\/laser-game-1-500x290-300x174.png?resize=350%2C200","width":350,"height":200,"srcset":"https:\/\/i0.wp.com\/www.gojuryu93.com\/wp-content\/uploads\/2017\/05\/laser-game-1-500x290-300x174.png?resize=350%2C200 1x, https:\/\/i0.wp.com\/www.gojuryu93.com\/wp-content\/uploads\/2017\/05\/laser-game-1-500x290-300x174.png?resize=525%2C300 1.5x, https:\/\/i0.wp.com\/www.gojuryu93.com\/wp-content\/uploads\/2017\/05\/laser-game-1-500x290-300x174.png?resize=700%2C400 2x"},"classes":[]},{"id":3069,"url":"https:\/\/www.gojuryu93.com\/?p=3069","url_meta":{"origin":2925,"position":1},"title":"Festival de la nuit des arts martiaux vos rendez-vous de la soir\u00e9e","author":"Team-Goju","date":"11 mai 2017","format":false,"excerpt":"Rappel : Le 13 mai 2017 \u00e0 19 h30 se d\u00e9roulera le Festival de la nuit des arts martiaux \u00e0 Juilly dans le 77 au Gymnase de la rue des M\u00e9sanges. Le programme d\u00e9finitif nous est parvenu, il se composera de d\u00e9monstrations de : \u00c9quipe de France de Taekwondo -\u2026","rel":"","context":"Dans &quot;Actualit\u00e9s du club&quot;","block_context":{"text":"Actualit\u00e9s du club","link":"https:\/\/www.gojuryu93.com\/?cat=5"},"img":{"alt_text":"","src":"https:\/\/i0.wp.com\/www.gojuryu93.com\/wp-content\/uploads\/2017\/05\/nuits-arts-martiaux-juilly_web-192x300.jpg?resize=350%2C200","width":350,"height":200,"srcset":"https:\/\/i0.wp.com\/www.gojuryu93.com\/wp-content\/uploads\/2017\/05\/nuits-arts-martiaux-juilly_web-192x300.jpg?resize=350%2C200 1x, https:\/\/i0.wp.com\/www.gojuryu93.com\/wp-content\/uploads\/2017\/05\/nuits-arts-martiaux-juilly_web-192x300.jpg?resize=525%2C300 1.5x, https:\/\/i0.wp.com\/www.gojuryu93.com\/wp-content\/uploads\/2017\/05\/nuits-arts-martiaux-juilly_web-192x300.jpg?resize=700%2C400 2x"},"classes":[]},{"id":1313,"url":"https:\/\/www.gojuryu93.com\/?p=1313","url_meta":{"origin":2925,"position":2},"title":"Nouveau site pour la Ligue 93 de Karat\u00e9","author":"Team-Goju","date":"30 novembre 2015","format":false,"excerpt":"La ligue 93 de Karat\u00e9 vient de mettre en ligne depuis le 11 novembre 2015 son nouveau site internet. Pass\u00e9 relativement inaper\u00e7u pour ceux qui ne suivent pas le flux Facebook de la Ligue 93 ce nouveau site redonne un \u00e9lan de dynamisme \u00e0 la communication de la Ligue de\u2026","rel":"","context":"Dans &quot;Non class\u00e9&quot;","block_context":{"text":"Non class\u00e9","link":"https:\/\/www.gojuryu93.com\/?cat=1"},"img":{"alt_text":"","src":"https:\/\/i0.wp.com\/www.gojuryu93.com\/wp-content\/uploads\/2015\/11\/logo_931.png?fit=540%2C248&ssl=1&resize=350%2C200","width":350,"height":200,"srcset":"https:\/\/i0.wp.com\/www.gojuryu93.com\/wp-content\/uploads\/2015\/11\/logo_931.png?fit=540%2C248&ssl=1&resize=350%2C200 1x, https:\/\/i0.wp.com\/www.gojuryu93.com\/wp-content\/uploads\/2015\/11\/logo_931.png?fit=540%2C248&ssl=1&resize=525%2C300 1.5x"},"classes":[]},{"id":3113,"url":"https:\/\/www.gojuryu93.com\/?p=3113","url_meta":{"origin":2925,"position":3},"title":"Une belle soir\u00e9e d&#8217; Arts Martiaux \u00e0 Juilly","author":"Team-Goju","date":"15 mai 2017","format":false,"excerpt":"\u00a0 Retours en quelques images sur le \"Festival de la Nuit des Arts Martiaux\"\u00a0 organis\u00e9 par le Club de Taekwondo de Juilly auquel notre club \u00e9tait associ\u00e9. \u00a0 Nos adh\u00e9rents nous ont offerts des d\u00e9monstrations de Kobudo avec l'aide des adh\u00e9rents du club de Sevran, de karat\u00e9 avec les grands\u2026","rel":"","context":"Dans &quot;Actualit\u00e9s du club&quot;","block_context":{"text":"Actualit\u00e9s du club","link":"https:\/\/www.gojuryu93.com\/?cat=5"},"img":{"alt_text":"","src":"","width":0,"height":0},"classes":[]},{"id":3027,"url":"https:\/\/www.gojuryu93.com\/?p=3027","url_meta":{"origin":2925,"position":4},"title":"Journ\u00e9e portes ouvertes au Karat\u00e9 Club de Tremblay-en-France","author":"Team-Goju","date":"30 avril 2017","format":false,"excerpt":"Dimanche 30 avril 2017 le Karat\u00e9 Club de Tremblay-en-France organisait une journ\u00e9e \"Portes Ouvertes\" pour les parents et amis des adh\u00e9rents. Encadr\u00e9s par les b\u00e9n\u00e9voles, les ceintures noires et les professeurs du club, tous ont pu d\u00e9couvrir le travail des jeunes adh\u00e9rents et pratiquer ensemble \u00e0 une initiation d\u00e9couverte dans\u2026","rel":"","context":"Dans &quot;Actualit\u00e9s du club&quot;","block_context":{"text":"Actualit\u00e9s du club","link":"https:\/\/www.gojuryu93.com\/?cat=5"},"img":{"alt_text":"\u00a9 2017 Karat\u00e9 Club de Tremblay-en-France - Cr\u00e9dits Agn\u00e9s Pinot","src":"https:\/\/i0.wp.com\/www.gojuryu93.com\/wp-content\/uploads\/2017\/04\/gojurryu_portes_ouvertes_2017-300x169.jpg?resize=350%2C200","width":350,"height":200,"srcset":"https:\/\/i0.wp.com\/www.gojuryu93.com\/wp-content\/uploads\/2017\/04\/gojurryu_portes_ouvertes_2017-300x169.jpg?resize=350%2C200 1x, https:\/\/i0.wp.com\/www.gojuryu93.com\/wp-content\/uploads\/2017\/04\/gojurryu_portes_ouvertes_2017-300x169.jpg?resize=525%2C300 1.5x, https:\/\/i0.wp.com\/www.gojuryu93.com\/wp-content\/uploads\/2017\/04\/gojurryu_portes_ouvertes_2017-300x169.jpg?resize=700%2C400 2x"},"classes":[]},{"id":3149,"url":"https:\/\/www.gojuryu93.com\/?p=3149","url_meta":{"origin":2925,"position":5},"title":"Passages de dan du 11 juin 2017 : 100% de r\u00e9ussites pour Tremblay","author":"Team-Goju","date":"12 juin 2017","format":false,"excerpt":"\u00a0 Trois de nos adh\u00e9rents ont tent\u00e9 dimanche 11 juin 2017 l'examen organis\u00e9 par le Comit\u00e9 D\u00e9partemental 93 de la FFKDA pour le passage vers le second DAN Karat\u00e9. Nous avons donc le plaisir de vous annoncer la r\u00e9ussite de nos adh\u00e9rents : Hakim et Cyril sont admis au second\u2026","rel":"","context":"Dans &quot;Passages de grades&quot;","block_context":{"text":"Passages de grades","link":"https:\/\/www.gojuryu93.com\/?cat=11"},"img":{"alt_text":"","src":"https:\/\/i0.wp.com\/www.gojuryu93.com\/wp-content\/uploads\/2017\/06\/DSC_0189_web-300x200.jpg?resize=350%2C200","width":350,"height":200},"classes":[]}],"jetpack_sharing_enabled":true,"_links":{"self":[{"href":"https:\/\/www.gojuryu93.com\/index.php?rest_route=\/wp\/v2\/posts\/2925","targetHints":{"allow":["GET"]}}],"collection":[{"href":"https:\/\/www.gojuryu93.com\/index.php?rest_route=\/wp\/v2\/posts"}],"about":[{"href":"https:\/\/www.gojuryu93.com\/index.php?rest_route=\/wp\/v2\/types\/post"}],"author":[{"embeddable":true,"href":"https:\/\/www.gojuryu93.com\/index.php?rest_route=\/wp\/v2\/users\/1"}],"replies":[{"embeddable":true,"href":"https:\/\/www.gojuryu93.com\/index.php?rest_route=%2Fwp%2Fv2%2Fcomments&post=2925"}],"version-history":[{"count":0,"href":"https:\/\/www.gojuryu93.com\/index.php?rest_route=\/wp\/v2\/posts\/2925\/revisions"}],"wp:featuredmedia":[{"embeddable":true,"href":"https:\/\/www.gojuryu93.com\/index.php?rest_route=\/wp\/v2\/media\/2930"}],"wp:attachment":[{"href":"https:\/\/www.gojuryu93.com\/index.php?rest_route=%2Fwp%2Fv2%2Fmedia&parent=2925"}],"wp:term":[{"taxonomy":"category","embeddable":true,"href":"https:\/\/www.gojuryu93.com\/index.php?rest_route=%2Fwp%2Fv2%2Fcategories&post=2925"},{"taxonomy":"post_tag","embeddable":true,"href":"https:\/\/www.gojuryu93.com\/index.php?rest_route=%2Fwp%2Fv2%2Ftags&post=2925"}],"curies":[{"name":"wp","href":"https:\/\/api.w.org\/{rel}","templated":true}]}}