{"id":2943,"date":"2017-02-23T14:06:05","date_gmt":"2017-02-23T13:06:05","guid":{"rendered":"http:\/\/www.gojuryu93.com\/?p=2943"},"modified":"2017-03-28T11:46:49","modified_gmt":"2017-03-28T10:46:49","slug":"coupe-de-france-karate-goju-ryu-kobudo-gymnase-leo-lagrange-paris-12eme-samedi-25-mars-2017","status":"publish","type":"post","link":"https:\/\/www.gojuryu93.com\/?p=2943","title":{"rendered":"Coupe de France Karat\u00e9 Goju-Ryu \/ Kobudo &#8211; Gymnase L\u00e9o LAGRANGE (Paris 12\u00e8me) &#8211; Samedi 25 mars 2017"},"content":{"rendered":"<p style=\"text-align: center;\"><strong>Prochainement :<\/strong><\/p>\n<p style=\"text-align: center;\"><span style=\"font-size: 24px;\"><strong>Coupe de France Karat\u00e9 Goju-Ryu \/ Kobudo &#8211; Samedi 25 mars 2017<\/strong><\/span><\/p>\n<p style=\"text-align: left;\">Les comp\u00e9titeurs du club d\u00e9sirant participer \u00e0 la Coupe de France de Karat\u00e9 Gojuyu sont invit\u00e9s \u00e0 se faire connaitre aupr\u00e8s des professeurs afin de proc\u00e9der \u00e0 leur inscriptions.<\/p>\n<p style=\"text-align: center;\"><iframe src=\"\/\/docs.google.com\/viewer?url=http%3A%2F%2Fwww.ffkarate.fr%2Fwp-content%2Fuploads%2F2017%2F02%2FCp_GojuRyu-Kobudo_250320017_Prog.pdf&hl=fr&embedded=true\" class=\"gde-frame\" style=\"width:850px; height:1200px; border: none;\" scrolling=\"no\"><\/iframe>\n<p class=\"gde-text\"><a href=\"http:\/\/www.ffkarate.fr\/wp-content\/uploads\/2017\/02\/Cp_GojuRyu-Kobudo_250320017_Prog.pdf\" class=\"gde-link\">T\u00e9l\u00e9charger (PDF, Inconnu)<\/a><\/p><\/p>\n","protected":false},"excerpt":{"rendered":"<p>Prochainement : Coupe de France Karat\u00e9 Goju-Ryu \/ Kobudo &#8211; Samedi 25 mars 2017 Les comp\u00e9titeurs du club d\u00e9sirant participer \u00e0 la Coupe de France de Karat\u00e9 Gojuyu sont invit\u00e9s \u00e0 se faire connaitre aupr\u00e8s des professeurs afin de proc\u00e9der \u00e0 leur inscriptions.<\/p>\n","protected":false},"author":1,"featured_media":2946,"comment_status":"closed","ping_status":"closed","sticky":false,"template":"","format":"standard","meta":{"_exactmetrics_skip_tracking":false,"_exactmetrics_sitenote_active":false,"_exactmetrics_sitenote_note":"","_exactmetrics_sitenote_category":0,"ngg_post_thumbnail":0,"_jetpack_memberships_contains_paid_content":false,"footnotes":""},"categories":[5,4],"tags":[],"class_list":["post-2943","post","type-post","status-publish","format-standard","has-post-thumbnail","hentry","category-actualites-du-club","category-competitions"],"jetpack_featured_media_url":"https:\/\/i0.wp.com\/www.gojuryu93.com\/wp-content\/uploads\/2017\/02\/Cp_GojuRyu-Kobudo_250320017_Prog-e1487855128783.png?fit=200%2C283&ssl=1","jetpack_shortlink":"https:\/\/wp.me\/p6TujZ-Lt","jetpack-related-posts":[{"id":2973,"url":"https:\/\/www.gojuryu93.com\/?p=2973","url_meta":{"origin":2943,"position":0},"title":"Des r\u00e9sultats tr\u00e8s honorables pour nos comp\u00e9titeurs \u00e0 la Coupe de France Gojuryu\/Kobudo 2017","author":"Team-Goju","date":"31 mars 2017","format":false,"excerpt":"Le 25 mars 2017 se d\u00e9roulait la Coupe de France Gojuryu-Kobudo au Gymnase L\u00e9o LAGRANGE (Paris 12\u00e8) ou nos\u00a0 comp\u00e9titeurs participaient. F\u00e9licitations pour\u00a0 YOAN\u00a0 qui obtient une 3\u00e8me place en Karat\u00e9 Gojuryu en cat\u00e9gorie Junior Masculin et monte sur le podium. F\u00e9licitations \u00e0 Mustapha qui obtient une 5\u00e8me place en\u2026","rel":"","context":"Dans &quot;Actualit\u00e9s du club&quot;","block_context":{"text":"Actualit\u00e9s du club","link":"https:\/\/www.gojuryu93.com\/?cat=5"},"img":{"alt_text":"","src":"https:\/\/i0.wp.com\/www.gojuryu93.com\/wp-content\/uploads\/2017\/03\/CF_Goju-Kobudo_2017-214x300.jpg?resize=350%2C200","width":350,"height":200},"classes":[]},{"id":1966,"url":"https:\/\/www.gojuryu93.com\/?p=1966","url_meta":{"origin":2943,"position":1},"title":"Participation du Karat\u00e9 Club de Tremblay \u00e0 la Soir\u00e9e des Arts Martiaux de Juilly","author":"Team-Goju","date":"3 juin 2016","format":false,"excerpt":"\u00a0 Le Club de Karat\u00e9 de Tremblay en France participera \u00e0 la \"Soir\u00e9e\u00a0 des arts martiaux\" de Juilly en effectuant des d\u00e9monstrations de karat\u00e9\u00a0 Goju-ryu et de Kobudo. Nous invitons cordialement tous nos adh\u00e9rents, leurs parents et amis\u00a0 \u00e0 se rendre \u00e0 ce spectacle pour encourager les participants de notre\u2026","rel":"","context":"Dans &quot;Actualit\u00e9s du club&quot;","block_context":{"text":"Actualit\u00e9s du club","link":"https:\/\/www.gojuryu93.com\/?cat=5"},"img":{"alt_text":"Nuit arts martiaux 2016","src":"https:\/\/i0.wp.com\/www.gojuryu93.com\/wp-content\/uploads\/2016\/06\/Nuit-arts-martiaux-2016-2-300x169.jpg?resize=350%2C200","width":350,"height":200,"srcset":"https:\/\/i0.wp.com\/www.gojuryu93.com\/wp-content\/uploads\/2016\/06\/Nuit-arts-martiaux-2016-2-300x169.jpg?resize=350%2C200 1x, https:\/\/i0.wp.com\/www.gojuryu93.com\/wp-content\/uploads\/2016\/06\/Nuit-arts-martiaux-2016-2-300x169.jpg?resize=525%2C300 1.5x, https:\/\/i0.wp.com\/www.gojuryu93.com\/wp-content\/uploads\/2016\/06\/Nuit-arts-martiaux-2016-2-300x169.jpg?resize=700%2C400 2x"},"classes":[]},{"id":1702,"url":"https:\/\/www.gojuryu93.com\/?p=1702","url_meta":{"origin":2943,"position":2},"title":"Coupe de France Karat\u00e9 Goju-Ryu 2016 : Bravo \u00e0 nos comp\u00e9titrices","author":"Team-Goju","date":"21 mars 2016","format":false,"excerpt":"Le jour du Printemps, dimanche 20 mars 2016, se d\u00e9roulait au Gymnase L\u00e9o LAGRANGE (Paris 12\u00e8me) la Coupe de France de karat\u00e9 Goju-Ryu. Nos comp\u00e9titrices s'y sont illustr\u00e9es avec une moisson de m\u00e9dailles dans leurs cat\u00e9gories respectives : \u00a0 M\u00e9dailles d'Or pour Nikita, Assia et Nesrine, M\u00e9daille d'Argent pour Leslie,\u2026","rel":"","context":"Dans &quot;Comp\u00e9titions&quot;","block_context":{"text":"Comp\u00e9titions","link":"https:\/\/www.gojuryu93.com\/?cat=4"},"img":{"alt_text":"Coupe de France Gojuryu 2016 ","src":"https:\/\/i0.wp.com\/www.gojuryu93.com\/wp-content\/uploads\/2016\/03\/montage-Coupe-de-France-2016_1-212x300.jpg?resize=350%2C200","width":350,"height":200},"classes":[]},{"id":2123,"url":"https:\/\/www.gojuryu93.com\/?p=2123","url_meta":{"origin":2943,"position":3},"title":"Stage f\u00e9d\u00e9ral gratuit \u00e0 Tremblay-en-France : Samedi 19 Novembre 2016","author":"Team-Goju","date":"5 octobre 2016","format":false,"excerpt":"Pour le d\u00e9but de la nouvelle saison 2016-2017, la Ligue 93 de la FFKDA en partenariat avec le Club\u00a0 de karat\u00e9 Goju-ryu de Tremblay-en-France organise un stage f\u00e9d\u00e9ral gratuit le samedi 19 novembre 2016\u00a0 dirig\u00e9 par Ma\u00eetre OSHIRO dans le dojo des Cottages de Tremblay-en-France. Ce stage permettra d'obtenir un\u2026","rel":"","context":"Dans &quot;Stages&quot;","block_context":{"text":"Stages","link":"https:\/\/www.gojuryu93.com\/?cat=3"},"img":{"alt_text":"\u00a9 2016 Ligue 93 FFKDA - Cr\u00e9ation Gojuryu Tremblay-en-France","src":"https:\/\/i0.wp.com\/www.gojuryu93.com\/wp-content\/uploads\/2016\/10\/stage-OshiroV3-212x300.jpg?resize=350%2C200","width":350,"height":200,"srcset":"https:\/\/i0.wp.com\/www.gojuryu93.com\/wp-content\/uploads\/2016\/10\/stage-OshiroV3-212x300.jpg?resize=350%2C200 1x, https:\/\/i0.wp.com\/www.gojuryu93.com\/wp-content\/uploads\/2016\/10\/stage-OshiroV3-212x300.jpg?resize=525%2C300 1.5x"},"classes":[]},{"id":2641,"url":"https:\/\/www.gojuryu93.com\/?p=2641","url_meta":{"origin":2943,"position":4},"title":"Vacances de No\u00ebl 2016 &#8211; Infos Cours","author":"Team-Goju","date":"12 d\u00e9cembre 2016","format":false,"excerpt":"Bient\u00f4t les vacances de No\u00ebl, les dates ont \u00e9t\u00e9 fix\u00e9es cette ann\u00e9e pour toutes les zones scolaires, du samedi 17 d\u00e9cembre 2016 au mardi 3 Janvier 2017. Nous vous informons que durant cette p\u00e9riode le Karat\u00e9 Club de Tremblay-en-France assurera et maintien les cours de kobudo et\u00a0karat\u00e9 du samedi 17\u2026","rel":"","context":"Dans &quot;Actualit\u00e9s du club&quot;","block_context":{"text":"Actualit\u00e9s du club","link":"https:\/\/www.gojuryu93.com\/?cat=5"},"img":{"alt_text":"","src":"https:\/\/i0.wp.com\/www.gojuryu93.com\/wp-content\/uploads\/2016\/12\/noel-2016-1-300x230.png?resize=350%2C200","width":350,"height":200,"srcset":"https:\/\/i0.wp.com\/www.gojuryu93.com\/wp-content\/uploads\/2016\/12\/noel-2016-1-300x230.png?resize=350%2C200 1x, https:\/\/i0.wp.com\/www.gojuryu93.com\/wp-content\/uploads\/2016\/12\/noel-2016-1-300x230.png?resize=525%2C300 1.5x, https:\/\/i0.wp.com\/www.gojuryu93.com\/wp-content\/uploads\/2016\/12\/noel-2016-1-300x230.png?resize=700%2C400 2x"},"classes":[]},{"id":1332,"url":"https:\/\/www.gojuryu93.com\/?p=1332","url_meta":{"origin":2943,"position":5},"title":"STAGE EXPERT FEDERAL avec Bernard Bilicki","author":"Team-Goju","date":"2 d\u00e9cembre 2015","format":false,"excerpt":"Un Stage organis\u00e9 par le karat\u00e9 Club de Tremblay-en-France et s\u00e9lectionn\u00e9 par la commission des experts Karat\u00e9 et la ligue de Seine-Saint-Denis\u00a0 se d\u00e9roulera dans notre dojo des Cottages avec : Bernard BILICKI - Expert F\u00e9d\u00e9ral 9\u00e8me dan Le samedi 30 janvier 2016 de 9h00 \u00e0 12h00 Ce stage am\u00e8ne\u2026","rel":"","context":"Dans &quot;Actualit\u00e9s du club&quot;","block_context":{"text":"Actualit\u00e9s du club","link":"https:\/\/www.gojuryu93.com\/?cat=5"},"img":{"alt_text":"","src":"https:\/\/i0.wp.com\/www.gojuryu93.com\/wp-content\/uploads\/2015\/12\/stage_Bilicki_2016-212x300.jpg?resize=350%2C200","width":350,"height":200,"srcset":"https:\/\/i0.wp.com\/www.gojuryu93.com\/wp-content\/uploads\/2015\/12\/stage_Bilicki_2016-212x300.jpg?resize=350%2C200 1x, https:\/\/i0.wp.com\/www.gojuryu93.com\/wp-content\/uploads\/2015\/12\/stage_Bilicki_2016-212x300.jpg?resize=525%2C300 1.5x"},"classes":[]}],"jetpack_sharing_enabled":true,"_links":{"self":[{"href":"https:\/\/www.gojuryu93.com\/index.php?rest_route=\/wp\/v2\/posts\/2943","targetHints":{"allow":["GET"]}}],"collection":[{"href":"https:\/\/www.gojuryu93.com\/index.php?rest_route=\/wp\/v2\/posts"}],"about":[{"href":"https:\/\/www.gojuryu93.com\/index.php?rest_route=\/wp\/v2\/types\/post"}],"author":[{"embeddable":true,"href":"https:\/\/www.gojuryu93.com\/index.php?rest_route=\/wp\/v2\/users\/1"}],"replies":[{"embeddable":true,"href":"https:\/\/www.gojuryu93.com\/index.php?rest_route=%2Fwp%2Fv2%2Fcomments&post=2943"}],"version-history":[{"count":0,"href":"https:\/\/www.gojuryu93.com\/index.php?rest_route=\/wp\/v2\/posts\/2943\/revisions"}],"wp:featuredmedia":[{"embeddable":true,"href":"https:\/\/www.gojuryu93.com\/index.php?rest_route=\/wp\/v2\/media\/2946"}],"wp:attachment":[{"href":"https:\/\/www.gojuryu93.com\/index.php?rest_route=%2Fwp%2Fv2%2Fmedia&parent=2943"}],"wp:term":[{"taxonomy":"category","embeddable":true,"href":"https:\/\/www.gojuryu93.com\/index.php?rest_route=%2Fwp%2Fv2%2Fcategories&post=2943"},{"taxonomy":"post_tag","embeddable":true,"href":"https:\/\/www.gojuryu93.com\/index.php?rest_route=%2Fwp%2Fv2%2Ftags&post=2943"}],"curies":[{"name":"wp","href":"https:\/\/api.w.org\/{rel}","templated":true}]}}