{"id":3031,"date":"2017-04-30T19:21:13","date_gmt":"2017-04-30T18:21:13","guid":{"rendered":"http:\/\/www.gojuryu93.com\/?p=3031"},"modified":"2017-04-30T19:21:13","modified_gmt":"2017-04-30T18:21:13","slug":"retour-en-images-sur-le-stage-de-karate-dokinawa-du-4-mars-2017","status":"publish","type":"post","link":"https:\/\/www.gojuryu93.com\/?p=3031","title":{"rendered":"Retour en images sur le stage  de Karat\u00e9 d&#8217;Okinawa du 4 mars 2017"},"content":{"rendered":"<p><img data-recalc-dims=\"1\" loading=\"lazy\" decoding=\"async\" data-attachment-id=\"3033\" data-permalink=\"https:\/\/www.gojuryu93.com\/?attachment_id=3033\" data-orig-file=\"https:\/\/i0.wp.com\/www.gojuryu93.com\/wp-content\/uploads\/2017\/04\/stage-04-03-2017.jpg?fit=704%2C960&amp;ssl=1\" data-orig-size=\"704,960\" data-comments-opened=\"0\" data-image-meta=\"{&quot;aperture&quot;:&quot;0&quot;,&quot;credit&quot;:&quot;&quot;,&quot;camera&quot;:&quot;&quot;,&quot;caption&quot;:&quot;&quot;,&quot;created_timestamp&quot;:&quot;0&quot;,&quot;copyright&quot;:&quot;&quot;,&quot;focal_length&quot;:&quot;0&quot;,&quot;iso&quot;:&quot;0&quot;,&quot;shutter_speed&quot;:&quot;0&quot;,&quot;title&quot;:&quot;&quot;,&quot;orientation&quot;:&quot;0&quot;}\" data-image-title=\"stage-04-03-2017\" data-image-description=\"\" data-image-caption=\"\" data-large-file=\"https:\/\/i0.wp.com\/www.gojuryu93.com\/wp-content\/uploads\/2017\/04\/stage-04-03-2017.jpg?fit=610%2C832&amp;ssl=1\" class=\"wp-image-3033 aligncenter\" src=\"https:\/\/i0.wp.com\/www.gojuryu93.com\/wp-content\/uploads\/2017\/04\/stage-04-03-2017.jpg?resize=537%2C732\" alt=\"\" width=\"537\" height=\"732\" srcset=\"https:\/\/i0.wp.com\/www.gojuryu93.com\/wp-content\/uploads\/2017\/04\/stage-04-03-2017.jpg?resize=220%2C300&amp;ssl=1 220w, https:\/\/i0.wp.com\/www.gojuryu93.com\/wp-content\/uploads\/2017\/04\/stage-04-03-2017.jpg?w=704&amp;ssl=1 704w\" sizes=\"auto, (max-width: 537px) 100vw, 537px\" \/><\/p>\n<p>&nbsp;<\/p>\n<p><span style=\"font-size: 20px;\">Retrouvez les images du stage effectu\u00e9 le 04 mars 2017 au Club de Savigny-le-Temple aupr\u00e8s de Ma\u00eetre Oshiro dans la<a href=\"https:\/\/www.facebook.com\/pg\/karateclubtremblayenfrance\/photos\/?tab=album&amp;album_id=1680211245326793\"> galerie d&#8217;images propos\u00e9e sur notre page Facebook <\/a>par notre correspondante club.<\/span><\/p>\n<p>Merci \u00e0 Agn\u00e8s pour son travail.<\/p>\n","protected":false},"excerpt":{"rendered":"<p>&nbsp; Retrouvez les images du stage effectu\u00e9 le 04 mars 2017 au Club de Savigny-le-Temple aupr\u00e8s de Ma\u00eetre Oshiro dans la galerie d&#8217;images propos\u00e9e sur notre page Facebook par notre correspondante club. Merci \u00e0 Agn\u00e8s pour son travail.<\/p>\n","protected":false},"author":1,"featured_media":3004,"comment_status":"closed","ping_status":"closed","sticky":false,"template":"","format":"standard","meta":{"_exactmetrics_skip_tracking":false,"_exactmetrics_sitenote_active":false,"_exactmetrics_sitenote_note":"","_exactmetrics_sitenote_category":0,"ngg_post_thumbnail":0,"_jetpack_memberships_contains_paid_content":false,"footnotes":""},"categories":[1],"tags":[],"class_list":["post-3031","post","type-post","status-publish","format-standard","has-post-thumbnail","hentry","category-non-classe"],"jetpack_featured_media_url":"https:\/\/i0.wp.com\/www.gojuryu93.com\/wp-content\/uploads\/2015\/11\/Stage-Mars-2017_-02-e1493576098111.jpg?fit=200%2C112&ssl=1","jetpack_shortlink":"https:\/\/wp.me\/p6TujZ-MT","jetpack-related-posts":[{"id":2368,"url":"https:\/\/www.gojuryu93.com\/?p=2368","url_meta":{"origin":3031,"position":0},"title":"Vous les attendiez : Images stage f\u00e9d\u00e9ral Novembre 2016","author":"Team-Goju","date":"2 d\u00e9cembre 2016","format":false,"excerpt":"Retrouvez les images du dernier stage f\u00e9d\u00e9ral qui s'est d\u00e9roul\u00e9 le 19 novembre 2016 au Dojo des Cottages. Disponible \u00e9galement sur le site du Comit\u00e9 Directeur KDA 93. \u00a0 Nous remercions Sense\u00ef Oshiro ainsi que la Ligue 93 KDA pour nous avoir permis de vous proposer ce stage f\u00e9d\u00e9ral. \u00a0\u2026","rel":"","context":"Dans &quot;Stages&quot;","block_context":{"text":"Stages","link":"https:\/\/www.gojuryu93.com\/?cat=3"},"img":{"alt_text":"stage_federal_oshiro_novembre_2016_0071","src":"https:\/\/i0.wp.com\/www.gojuryu93.com\/wp-content\/uploads\/2016\/12\/Stage_federal_Oshiro_novembre_2016_0071-300x149.jpg?resize=350%2C200","width":350,"height":200,"srcset":"https:\/\/i0.wp.com\/www.gojuryu93.com\/wp-content\/uploads\/2016\/12\/Stage_federal_Oshiro_novembre_2016_0071-300x149.jpg?resize=350%2C200 1x, https:\/\/i0.wp.com\/www.gojuryu93.com\/wp-content\/uploads\/2016\/12\/Stage_federal_Oshiro_novembre_2016_0071-300x149.jpg?resize=525%2C300 1.5x, https:\/\/i0.wp.com\/www.gojuryu93.com\/wp-content\/uploads\/2016\/12\/Stage_federal_Oshiro_novembre_2016_0071-300x149.jpg?resize=700%2C400 2x"},"classes":[]},{"id":2023,"url":"https:\/\/www.gojuryu93.com\/?p=2023","url_meta":{"origin":3031,"position":1},"title":"Stage d\u00e9couverte du Kobudo avec le Club Vovinam Sevran","author":"Team-Goju","date":"1 juillet 2016","format":false,"excerpt":"Quelques images de notre dernier stage d'initiation au Kobudo avec le club Vovinam de Sevran. Vous voulez d\u00e9couvrir le Kobudo, la section d\u00e9di\u00e9e de notre club avec la participation du club partenaire le\u00a0Matayoshi Okinawa Kobudo de Sevran\u00a0 peut organiser pour vous des s\u00e9ances d'initiations sous la direction de nos professeurs\u2026","rel":"","context":"Dans &quot;Kobudo&quot;","block_context":{"text":"Kobudo","link":"https:\/\/www.gojuryu93.com\/?cat=6"},"img":{"alt_text":"","src":"https:\/\/i0.wp.com\/www.gojuryu93.com\/wp-content\/uploads\/2016\/07\/stage-decouverte-kubudo-e1467386235425.png?fit=361%2C200&ssl=1&resize=350%2C200","width":350,"height":200},"classes":[]},{"id":1634,"url":"https:\/\/www.gojuryu93.com\/?p=1634","url_meta":{"origin":3031,"position":2},"title":"Participation exceptionnelle lors du stage Bernard Bilicki  du 30 janvier 2016","author":"Team-Goju","date":"30 janvier 2016","format":false,"excerpt":"Le 30 janvier 2016 se d\u00e9roulait dans le dojo de notre club, un stage expert f\u00e9d\u00e9ral organis\u00e9 par notre association avec le parrainage de la Ligue 93 de karat\u00e9\u00a0 et sous la direction de Bernard Bilicki expert f\u00e9d\u00e9ral 9 \u00e8me dan. Avec plus de 65 participants, ce stage a rencontr\u00e9\u2026","rel":"","context":"Dans &quot;Stages&quot;","block_context":{"text":"Stages","link":"https:\/\/www.gojuryu93.com\/?cat=3"},"img":{"alt_text":"","src":"https:\/\/i0.wp.com\/www.gojuryu93.com\/wp-content\/uploads\/2016\/01\/Stage_Bilicki_012016_73.jpg?fit=1024%2C309&ssl=1&resize=350%2C200","width":350,"height":200,"srcset":"https:\/\/i0.wp.com\/www.gojuryu93.com\/wp-content\/uploads\/2016\/01\/Stage_Bilicki_012016_73.jpg?fit=1024%2C309&ssl=1&resize=350%2C200 1x, https:\/\/i0.wp.com\/www.gojuryu93.com\/wp-content\/uploads\/2016\/01\/Stage_Bilicki_012016_73.jpg?fit=1024%2C309&ssl=1&resize=525%2C300 1.5x, https:\/\/i0.wp.com\/www.gojuryu93.com\/wp-content\/uploads\/2016\/01\/Stage_Bilicki_012016_73.jpg?fit=1024%2C309&ssl=1&resize=700%2C400 2x"},"classes":[]},{"id":1732,"url":"https:\/\/www.gojuryu93.com\/?p=1732","url_meta":{"origin":3031,"position":3},"title":"Un tr\u00e8s beau stage f\u00e9d\u00e9ral de printemps avec Maitre Oshiro","author":"Team-Goju","date":"3 avril 2016","format":false,"excerpt":"Samedi 2 avril 2016 se d\u00e9roulait dans notre dojo de Tremblay-en-France un stage f\u00e9d\u00e9ral sous la direction de ma\u00eetre Oshiro. Cette ann\u00e9e le stage a rencontr\u00e9 de nouveau un vif succ\u00e8s aupr\u00e8s des licenci\u00e9s avec plus de 60 karat\u00e9kas venus de tous les clubs du d\u00e9partement\u00a0 et de toute l'Ile\u2026","rel":"","context":"Dans &quot;Stages&quot;","block_context":{"text":"Stages","link":"https:\/\/www.gojuryu93.com\/?cat=3"},"img":{"alt_text":"Stage F\u00e9d\u00e9ral Sense\u00efOshiro 2016","src":"https:\/\/i0.wp.com\/www.gojuryu93.com\/wp-content\/uploads\/2016\/04\/IMG_0836_1-300x122.jpg?resize=350%2C200","width":350,"height":200,"srcset":"https:\/\/i0.wp.com\/www.gojuryu93.com\/wp-content\/uploads\/2016\/04\/IMG_0836_1-300x122.jpg?resize=350%2C200 1x, https:\/\/i0.wp.com\/www.gojuryu93.com\/wp-content\/uploads\/2016\/04\/IMG_0836_1-300x122.jpg?resize=525%2C300 1.5x, https:\/\/i0.wp.com\/www.gojuryu93.com\/wp-content\/uploads\/2016\/04\/IMG_0836_1-300x122.jpg?resize=700%2C400 2x"},"classes":[]},{"id":2986,"url":"https:\/\/www.gojuryu93.com\/?p=2986","url_meta":{"origin":3031,"position":4},"title":"Stage Kobudo d&#8217;Okinawa avec Ma\u00eetre Chinen 9 \u00e8me Dan le 27 mai 2017 (Annul\u00e9)","author":"Team-Goju","date":"2 avril 2017","format":false,"excerpt":"\u00a0 Le 27 mai 2017\u00a0 prochain de 9 heures \u00e0 12 heures,\u00a0 le Karat\u00e9 Club De Tremblay-en-France vous invite \u00e0 participer \u00e0 un stage de Kobudo d'Okinawa sous la direction de Maitre Chinen 9\u00e8me Dan. Ce stage est ouvert \u00e0 tous les licenci\u00e9s FFKDA et Oshuka\u00ef \u00e0 partir de 14\u2026","rel":"","context":"Dans &quot;Kobudo&quot;","block_context":{"text":"Kobudo","link":"https:\/\/www.gojuryu93.com\/?cat=6"},"img":{"alt_text":"","src":"https:\/\/i0.wp.com\/www.gojuryu93.com\/wp-content\/uploads\/2017\/04\/Stage-Chinen-V4-202x300.jpg?resize=350%2C200","width":350,"height":200,"srcset":"https:\/\/i0.wp.com\/www.gojuryu93.com\/wp-content\/uploads\/2017\/04\/Stage-Chinen-V4-202x300.jpg?resize=350%2C200 1x, https:\/\/i0.wp.com\/www.gojuryu93.com\/wp-content\/uploads\/2017\/04\/Stage-Chinen-V4-202x300.jpg?resize=525%2C300 1.5x"},"classes":[]},{"id":1024,"url":"https:\/\/www.gojuryu93.com\/?p=1024","url_meta":{"origin":3031,"position":5},"title":"Stage Zene\u00ef Oshiro 2015","author":"Team-Goju","date":"18 juin 2015","format":false,"excerpt":"Nous avons eu le plaisir d\u2019accueillir dans notre dojo un stage expert f\u00e9d\u00e9ral avec Ma\u00eetre Zene\u00ef Oshiro au mois de mars 2015 organis\u00e9 en collaboration avec la Ligue 93. Retrouvez les photos de ce stage ci-dessous (Laisser le diaporama se charger). \u00a9 2015\u00a0 Stage Ligue 93 KDA - Cr\u00e9dit photo\u2026","rel":"","context":"Dans &quot;Stages&quot;","block_context":{"text":"Stages","link":"https:\/\/www.gojuryu93.com\/?cat=3"},"img":{"alt_text":"","src":"https:\/\/i0.wp.com\/www.gojuryu93.com\/wp-content\/uploads\/2015\/06\/Stage-Federal-Zenei-OSHIRO_21-03-2015__087-300x179.jpg?resize=350%2C200","width":350,"height":200,"srcset":"https:\/\/i0.wp.com\/www.gojuryu93.com\/wp-content\/uploads\/2015\/06\/Stage-Federal-Zenei-OSHIRO_21-03-2015__087-300x179.jpg?resize=350%2C200 1x, https:\/\/i0.wp.com\/www.gojuryu93.com\/wp-content\/uploads\/2015\/06\/Stage-Federal-Zenei-OSHIRO_21-03-2015__087-300x179.jpg?resize=525%2C300 1.5x"},"classes":[]}],"jetpack_sharing_enabled":true,"_links":{"self":[{"href":"https:\/\/www.gojuryu93.com\/index.php?rest_route=\/wp\/v2\/posts\/3031","targetHints":{"allow":["GET"]}}],"collection":[{"href":"https:\/\/www.gojuryu93.com\/index.php?rest_route=\/wp\/v2\/posts"}],"about":[{"href":"https:\/\/www.gojuryu93.com\/index.php?rest_route=\/wp\/v2\/types\/post"}],"author":[{"embeddable":true,"href":"https:\/\/www.gojuryu93.com\/index.php?rest_route=\/wp\/v2\/users\/1"}],"replies":[{"embeddable":true,"href":"https:\/\/www.gojuryu93.com\/index.php?rest_route=%2Fwp%2Fv2%2Fcomments&post=3031"}],"version-history":[{"count":0,"href":"https:\/\/www.gojuryu93.com\/index.php?rest_route=\/wp\/v2\/posts\/3031\/revisions"}],"wp:featuredmedia":[{"embeddable":true,"href":"https:\/\/www.gojuryu93.com\/index.php?rest_route=\/wp\/v2\/media\/3004"}],"wp:attachment":[{"href":"https:\/\/www.gojuryu93.com\/index.php?rest_route=%2Fwp%2Fv2%2Fmedia&parent=3031"}],"wp:term":[{"taxonomy":"category","embeddable":true,"href":"https:\/\/www.gojuryu93.com\/index.php?rest_route=%2Fwp%2Fv2%2Fcategories&post=3031"},{"taxonomy":"post_tag","embeddable":true,"href":"https:\/\/www.gojuryu93.com\/index.php?rest_route=%2Fwp%2Fv2%2Ftags&post=3031"}],"curies":[{"name":"wp","href":"https:\/\/api.w.org\/{rel}","templated":true}]}}