{"id":3037,"date":"2017-04-30T21:31:56","date_gmt":"2017-04-30T20:31:56","guid":{"rendered":"http:\/\/www.gojuryu93.com\/?p=3037"},"modified":"2017-05-06T12:37:32","modified_gmt":"2017-05-06T11:37:32","slug":"soiree-des-arts-martiaux-2017-le-13-mai-2017","status":"publish","type":"post","link":"https:\/\/www.gojuryu93.com\/?p=3037","title":{"rendered":"Soir\u00e9e des arts martiaux &#8211; le 13 mai 2017"},"content":{"rendered":"<p><img data-recalc-dims=\"1\" loading=\"lazy\" decoding=\"async\" data-attachment-id=\"3038\" data-permalink=\"https:\/\/www.gojuryu93.com\/?attachment_id=3038\" data-orig-file=\"https:\/\/i0.wp.com\/www.gojuryu93.com\/wp-content\/uploads\/2017\/04\/promo-soir%C3%A9e-des-arts-martiaux-e1493584281728.png?fit=200%2C200&amp;ssl=1\" data-orig-size=\"200,200\" data-comments-opened=\"0\" data-image-meta=\"{&quot;aperture&quot;:&quot;0&quot;,&quot;credit&quot;:&quot;&quot;,&quot;camera&quot;:&quot;&quot;,&quot;caption&quot;:&quot;&quot;,&quot;created_timestamp&quot;:&quot;0&quot;,&quot;copyright&quot;:&quot;&quot;,&quot;focal_length&quot;:&quot;0&quot;,&quot;iso&quot;:&quot;0&quot;,&quot;shutter_speed&quot;:&quot;0&quot;,&quot;title&quot;:&quot;&quot;,&quot;orientation&quot;:&quot;0&quot;}\" data-image-title=\"promo soir\u00e9e des arts martiaux\" data-image-description=\"\" data-image-caption=\"\" data-large-file=\"https:\/\/i0.wp.com\/www.gojuryu93.com\/wp-content\/uploads\/2017\/04\/promo-soir%C3%A9e-des-arts-martiaux-e1493584281728.png?fit=610%2C610&amp;ssl=1\" class=\"wp-image-3038 aligncenter\" src=\"https:\/\/i0.wp.com\/www.gojuryu93.com\/wp-content\/uploads\/2017\/04\/promo-soir%C3%A9e-des-arts-martiaux.png?resize=610%2C610\" alt=\"\" width=\"610\" height=\"610\"><\/p>\n<p>&nbsp;<\/p>\n<p>Samedi 13 mai 2017&nbsp; \u00e0 partir de 18 heures, le Karat\u00e9 Club de Tremblay-en-France proposera des d\u00e9monstration de karat\u00e9 et de Kobudo lors de la Nuit des Arts Martiaux organis\u00e9e par le TSK de la Go\u00eble de JUILLY .<\/p>\n<p>Au programme, d\u00e9monstrations de Taekwondo, Karat\u00e9, self-d\u00e9fense par les clubs participants et quelques surprises comme les ann\u00e9es pr\u00e9c\u00e9dentes.<\/p>\n<p>Tous les adh\u00e9rents et leur famille sont chaleureusement invit\u00e9s pour encourager les participants des d\u00e9monstrations.<\/p>\n<p>Rendez-vous au Gymnase de la rue des m\u00e9sanges &#8211; 77230 Juilly.<\/p>\n<p>Venez Nombreux !<\/p>\n<p>Gratuit cette ann\u00e9e encore&#8230;<\/p>\n","protected":false},"excerpt":{"rendered":"<p>&nbsp; Samedi 13 mai 2017&nbsp; \u00e0 partir de 18 heures, le Karat\u00e9 Club de Tremblay-en-France proposera des d\u00e9monstration de karat\u00e9 et de Kobudo lors de la Nuit des Arts Martiaux organis\u00e9e par le TSK de la Go\u00eble de JUILLY . Au programme, d\u00e9monstrations de Taekwondo, Karat\u00e9, self-d\u00e9fense par les clubs participants et quelques surprises comme [&hellip;]<\/p>\n","protected":false},"author":1,"featured_media":3038,"comment_status":"closed","ping_status":"closed","sticky":false,"template":"","format":"standard","meta":{"_exactmetrics_skip_tracking":false,"_exactmetrics_sitenote_active":false,"_exactmetrics_sitenote_note":"","_exactmetrics_sitenote_category":0,"ngg_post_thumbnail":0,"_jetpack_memberships_contains_paid_content":false,"footnotes":""},"categories":[5],"tags":[],"class_list":["post-3037","post","type-post","status-publish","format-standard","has-post-thumbnail","hentry","category-actualites-du-club"],"jetpack_featured_media_url":"https:\/\/i0.wp.com\/www.gojuryu93.com\/wp-content\/uploads\/2017\/04\/promo-soir%C3%A9e-des-arts-martiaux-e1493584281728.png?fit=200%2C200&ssl=1","jetpack_shortlink":"https:\/\/wp.me\/p6TujZ-MZ","jetpack-related-posts":[{"id":1966,"url":"https:\/\/www.gojuryu93.com\/?p=1966","url_meta":{"origin":3037,"position":0},"title":"Participation du Karat\u00e9 Club de Tremblay \u00e0 la Soir\u00e9e des Arts Martiaux de Juilly","author":"Team-Goju","date":"3 juin 2016","format":false,"excerpt":"\u00a0 Le Club de Karat\u00e9 de Tremblay en France participera \u00e0 la \"Soir\u00e9e\u00a0 des arts martiaux\" de Juilly en effectuant des d\u00e9monstrations de karat\u00e9\u00a0 Goju-ryu et de Kobudo. Nous invitons cordialement tous nos adh\u00e9rents, leurs parents et amis\u00a0 \u00e0 se rendre \u00e0 ce spectacle pour encourager les participants de notre\u2026","rel":"","context":"Dans &quot;Actualit\u00e9s du club&quot;","block_context":{"text":"Actualit\u00e9s du club","link":"https:\/\/www.gojuryu93.com\/?cat=5"},"img":{"alt_text":"Nuit arts martiaux 2016","src":"https:\/\/i0.wp.com\/www.gojuryu93.com\/wp-content\/uploads\/2016\/06\/Nuit-arts-martiaux-2016-2-300x169.jpg?resize=350%2C200","width":350,"height":200,"srcset":"https:\/\/i0.wp.com\/www.gojuryu93.com\/wp-content\/uploads\/2016\/06\/Nuit-arts-martiaux-2016-2-300x169.jpg?resize=350%2C200 1x, https:\/\/i0.wp.com\/www.gojuryu93.com\/wp-content\/uploads\/2016\/06\/Nuit-arts-martiaux-2016-2-300x169.jpg?resize=525%2C300 1.5x, https:\/\/i0.wp.com\/www.gojuryu93.com\/wp-content\/uploads\/2016\/06\/Nuit-arts-martiaux-2016-2-300x169.jpg?resize=700%2C400 2x"},"classes":[]},{"id":3069,"url":"https:\/\/www.gojuryu93.com\/?p=3069","url_meta":{"origin":3037,"position":1},"title":"Festival de la nuit des arts martiaux vos rendez-vous de la soir\u00e9e","author":"Team-Goju","date":"11 mai 2017","format":false,"excerpt":"Rappel : Le 13 mai 2017 \u00e0 19 h30 se d\u00e9roulera le Festival de la nuit des arts martiaux \u00e0 Juilly dans le 77 au Gymnase de la rue des M\u00e9sanges. Le programme d\u00e9finitif nous est parvenu, il se composera de d\u00e9monstrations de : \u00c9quipe de France de Taekwondo -\u2026","rel":"","context":"Dans &quot;Actualit\u00e9s du club&quot;","block_context":{"text":"Actualit\u00e9s du club","link":"https:\/\/www.gojuryu93.com\/?cat=5"},"img":{"alt_text":"","src":"https:\/\/i0.wp.com\/www.gojuryu93.com\/wp-content\/uploads\/2017\/05\/nuits-arts-martiaux-juilly_web-192x300.jpg?resize=350%2C200","width":350,"height":200,"srcset":"https:\/\/i0.wp.com\/www.gojuryu93.com\/wp-content\/uploads\/2017\/05\/nuits-arts-martiaux-juilly_web-192x300.jpg?resize=350%2C200 1x, https:\/\/i0.wp.com\/www.gojuryu93.com\/wp-content\/uploads\/2017\/05\/nuits-arts-martiaux-juilly_web-192x300.jpg?resize=525%2C300 1.5x, https:\/\/i0.wp.com\/www.gojuryu93.com\/wp-content\/uploads\/2017\/05\/nuits-arts-martiaux-juilly_web-192x300.jpg?resize=700%2C400 2x"},"classes":[]},{"id":3113,"url":"https:\/\/www.gojuryu93.com\/?p=3113","url_meta":{"origin":3037,"position":2},"title":"Une belle soir\u00e9e d&#8217; Arts Martiaux \u00e0 Juilly","author":"Team-Goju","date":"15 mai 2017","format":false,"excerpt":"\u00a0 Retours en quelques images sur le \"Festival de la Nuit des Arts Martiaux\"\u00a0 organis\u00e9 par le Club de Taekwondo de Juilly auquel notre club \u00e9tait associ\u00e9. \u00a0 Nos adh\u00e9rents nous ont offerts des d\u00e9monstrations de Kobudo avec l'aide des adh\u00e9rents du club de Sevran, de karat\u00e9 avec les grands\u2026","rel":"","context":"Dans &quot;Actualit\u00e9s du club&quot;","block_context":{"text":"Actualit\u00e9s du club","link":"https:\/\/www.gojuryu93.com\/?cat=5"},"img":{"alt_text":"","src":"","width":0,"height":0},"classes":[]},{"id":1634,"url":"https:\/\/www.gojuryu93.com\/?p=1634","url_meta":{"origin":3037,"position":3},"title":"Participation exceptionnelle lors du stage Bernard Bilicki  du 30 janvier 2016","author":"Team-Goju","date":"30 janvier 2016","format":false,"excerpt":"Le 30 janvier 2016 se d\u00e9roulait dans le dojo de notre club, un stage expert f\u00e9d\u00e9ral organis\u00e9 par notre association avec le parrainage de la Ligue 93 de karat\u00e9\u00a0 et sous la direction de Bernard Bilicki expert f\u00e9d\u00e9ral 9 \u00e8me dan. Avec plus de 65 participants, ce stage a rencontr\u00e9\u2026","rel":"","context":"Dans &quot;Stages&quot;","block_context":{"text":"Stages","link":"https:\/\/www.gojuryu93.com\/?cat=3"},"img":{"alt_text":"","src":"https:\/\/i0.wp.com\/www.gojuryu93.com\/wp-content\/uploads\/2016\/01\/Stage_Bilicki_012016_73.jpg?fit=1024%2C309&ssl=1&resize=350%2C200","width":350,"height":200,"srcset":"https:\/\/i0.wp.com\/www.gojuryu93.com\/wp-content\/uploads\/2016\/01\/Stage_Bilicki_012016_73.jpg?fit=1024%2C309&ssl=1&resize=350%2C200 1x, https:\/\/i0.wp.com\/www.gojuryu93.com\/wp-content\/uploads\/2016\/01\/Stage_Bilicki_012016_73.jpg?fit=1024%2C309&ssl=1&resize=525%2C300 1.5x, https:\/\/i0.wp.com\/www.gojuryu93.com\/wp-content\/uploads\/2016\/01\/Stage_Bilicki_012016_73.jpg?fit=1024%2C309&ssl=1&resize=700%2C400 2x"},"classes":[]},{"id":2141,"url":"https:\/\/www.gojuryu93.com\/?p=2141","url_meta":{"origin":3037,"position":4},"title":"Invitation de nos instructeurs par la Ligue Camerounaise de Kendo &#8211; Kobudo","author":"Team-Goju","date":"7 novembre 2016","format":false,"excerpt":"Dans le cadre du partenariat entre le Karat\u00e9 Club de Tremblay et le Matayoshi Okinawa Kobudo de Sevran, nos instructeurs de la section Kobudo se sont rendu \u00e0 Yaound\u00e9 au Cameroun sous l'invitation de Mr Roger Feutse pr\u00e9sident de la FECA-KO-KEN (Ligue Camerounaise de Kendo - Kobudo). Ce stage b\u00e9n\u00e9vole\u2026","rel":"","context":"Dans &quot;Kobudo&quot;","block_context":{"text":"Kobudo","link":"https:\/\/www.gojuryu93.com\/?cat=6"},"img":{"alt_text":"\u00a9 2016 Caristan Isseri","src":"https:\/\/i0.wp.com\/www.gojuryu93.com\/wp-content\/uploads\/2016\/11\/Stage-Cameroun-2016_Net-217x300.jpg?resize=350%2C200","width":350,"height":200},"classes":[]},{"id":2083,"url":"https:\/\/www.gojuryu93.com\/?p=2083","url_meta":{"origin":3037,"position":5},"title":"La rentr\u00e9e 2016-2017 arrive pr\u00e9parez vos kimonos !","author":"Team-Goju","date":"8 ao\u00fbt 2016","format":false,"excerpt":"Pr\u00e9parez votre rentr\u00e9e au Karat\u00e9 Club de Tremblay-en-France en t\u00e9l\u00e9chargeant et en pr\u00e9parant votre dossier\u00a0 pour gagner du temps lors des inscriptions aupr\u00e8s de nos dirigeants. N'oubliez pas votre certificat m\u00e9dical d'aptitude \u00e0 la pratique du karat\u00e9\u00a0 et des arts martiaux post\u00e9rieur au 01\/09\/2016 et le r\u00e8glement de votre cotisation\u2026","rel":"","context":"Dans &quot;Actualit\u00e9s du club&quot;","block_context":{"text":"Actualit\u00e9s du club","link":"https:\/\/www.gojuryu93.com\/?cat=5"},"img":{"alt_text":"","src":"https:\/\/i0.wp.com\/www.gojuryu93.com\/wp-content\/uploads\/2016\/08\/Projet-rentr%C3%A9e-2017-02_800x600-e1470668111458.jpg?fit=471%2C200&ssl=1&resize=350%2C200","width":350,"height":200},"classes":[]}],"jetpack_sharing_enabled":true,"_links":{"self":[{"href":"https:\/\/www.gojuryu93.com\/index.php?rest_route=\/wp\/v2\/posts\/3037","targetHints":{"allow":["GET"]}}],"collection":[{"href":"https:\/\/www.gojuryu93.com\/index.php?rest_route=\/wp\/v2\/posts"}],"about":[{"href":"https:\/\/www.gojuryu93.com\/index.php?rest_route=\/wp\/v2\/types\/post"}],"author":[{"embeddable":true,"href":"https:\/\/www.gojuryu93.com\/index.php?rest_route=\/wp\/v2\/users\/1"}],"replies":[{"embeddable":true,"href":"https:\/\/www.gojuryu93.com\/index.php?rest_route=%2Fwp%2Fv2%2Fcomments&post=3037"}],"version-history":[{"count":0,"href":"https:\/\/www.gojuryu93.com\/index.php?rest_route=\/wp\/v2\/posts\/3037\/revisions"}],"wp:featuredmedia":[{"embeddable":true,"href":"https:\/\/www.gojuryu93.com\/index.php?rest_route=\/wp\/v2\/media\/3038"}],"wp:attachment":[{"href":"https:\/\/www.gojuryu93.com\/index.php?rest_route=%2Fwp%2Fv2%2Fmedia&parent=3037"}],"wp:term":[{"taxonomy":"category","embeddable":true,"href":"https:\/\/www.gojuryu93.com\/index.php?rest_route=%2Fwp%2Fv2%2Fcategories&post=3037"},{"taxonomy":"post_tag","embeddable":true,"href":"https:\/\/www.gojuryu93.com\/index.php?rest_route=%2Fwp%2Fv2%2Ftags&post=3037"}],"curies":[{"name":"wp","href":"https:\/\/api.w.org\/{rel}","templated":true}]}}