{"id":3130,"date":"2017-06-07T09:56:16","date_gmt":"2017-06-07T08:56:16","guid":{"rendered":"http:\/\/www.gojuryu93.com\/?p=3130"},"modified":"2017-06-25T18:07:34","modified_gmt":"2017-06-25T17:07:34","slug":"la-coupe-des-as-les-petits-samourais-du-club-en-competition","status":"publish","type":"post","link":"https:\/\/www.gojuryu93.com\/?p=3130","title":{"rendered":"La Coupe des As &#8211; Les petits samoura\u00efs du club en comp\u00e9tition"},"content":{"rendered":"<p><a href=\"http:\/\/www.gojuryu93.com\/wp-content\/uploads\/2017\/06\/2017-06%20Coupe%20des%20As.pdf\"><img data-recalc-dims=\"1\" loading=\"lazy\" decoding=\"async\" data-attachment-id=\"3131\" data-permalink=\"https:\/\/www.gojuryu93.com\/?attachment_id=3131\" data-orig-file=\"https:\/\/i0.wp.com\/www.gojuryu93.com\/wp-content\/uploads\/2017\/06\/2017-06-Coupe-des-As.png?fit=720%2C1040&amp;ssl=1\" data-orig-size=\"720,1040\" data-comments-opened=\"0\" data-image-meta=\"{&quot;aperture&quot;:&quot;0&quot;,&quot;credit&quot;:&quot;&quot;,&quot;camera&quot;:&quot;&quot;,&quot;caption&quot;:&quot;&quot;,&quot;created_timestamp&quot;:&quot;0&quot;,&quot;copyright&quot;:&quot;&quot;,&quot;focal_length&quot;:&quot;0&quot;,&quot;iso&quot;:&quot;0&quot;,&quot;shutter_speed&quot;:&quot;0&quot;,&quot;title&quot;:&quot;&quot;,&quot;orientation&quot;:&quot;0&quot;}\" data-image-title=\"2017-06 Coupe des As\" data-image-description=\"\" data-image-caption=\"\" data-large-file=\"https:\/\/i0.wp.com\/www.gojuryu93.com\/wp-content\/uploads\/2017\/06\/2017-06-Coupe-des-As.png?fit=610%2C881&amp;ssl=1\" class=\"aligncenter wp-image-3131\" title=\"Cliquer pour t\u00e9l\u00e9charger le flyer\" src=\"https:\/\/i0.wp.com\/www.gojuryu93.com\/wp-content\/uploads\/2017\/06\/2017-06-Coupe-des-As.png?resize=610%2C880\" alt=\"\" width=\"610\" height=\"880\" srcset=\"https:\/\/i0.wp.com\/www.gojuryu93.com\/wp-content\/uploads\/2017\/06\/2017-06-Coupe-des-As.png?resize=208%2C300&amp;ssl=1 208w, https:\/\/i0.wp.com\/www.gojuryu93.com\/wp-content\/uploads\/2017\/06\/2017-06-Coupe-des-As.png?resize=709%2C1024&amp;ssl=1 709w, https:\/\/i0.wp.com\/www.gojuryu93.com\/wp-content\/uploads\/2017\/06\/2017-06-Coupe-des-As.png?w=720&amp;ssl=1 720w\" sizes=\"auto, (max-width: 610px) 100vw, 610px\" \/><\/a><\/p>\n<p>&nbsp;<\/p>\n<p>Pr\u00e9parez-vous pour la &#8220;journ\u00e9e de la Coupe des As&#8221; qui se d\u00e9roulera le dimanche 18 juin 2017 au Gymnase Guimier &#8211; 70 avenue Gilbert Berger, 93 290 Tremblay-en-France.<\/p>\n<p>Journ\u00e9e de comp\u00e9titions, mais aussi festive, pour conclure la saison 2016-2017.<\/p>\n<p>Nos jeunes adh\u00e9rents et leurs parents se retrouveront ensemble, les uns pour participer&nbsp; \u00e0 une comp\u00e9tition, les autres pour les encourager et les applaudir.<\/p>\n<p>Au programme :<\/p>\n<ul>\n<li>13 h &#8211; Arriv\u00e9e des comp\u00e9titeurs.<\/li>\n<li>13 h 30 &#8211;&nbsp; D\u00e9buts des comp\u00e9titions.<\/li>\n<li>17 h &#8211; Remise des r\u00e9compenses aux participants.<\/li>\n<li>17 h 30 &#8211; Pot de l&#8217;amiti\u00e9 pour tous.<\/li>\n<\/ul>\n<p>L&#8217;\u00e9quipe du Karat\u00e9 Club de Tremblay-en-France se tiendra \u00e0 votre disposition pour la pr\u00e9paration de cet \u00e9v\u00e9nement et pour vous donner tous les renseignements utiles.<\/p>\n<p>Venez-nombreux !<\/p>\n","protected":false},"excerpt":{"rendered":"<p>&nbsp; Pr\u00e9parez-vous pour la &#8220;journ\u00e9e de la Coupe des As&#8221; qui se d\u00e9roulera le dimanche 18 juin 2017 au Gymnase Guimier &#8211; 70 avenue Gilbert Berger, 93 290 Tremblay-en-France. Journ\u00e9e de comp\u00e9titions, mais aussi festive, pour conclure la saison 2016-2017. Nos jeunes adh\u00e9rents et leurs parents se retrouveront ensemble, les uns pour participer&nbsp; \u00e0 une [&hellip;]<\/p>\n","protected":false},"author":1,"featured_media":3132,"comment_status":"closed","ping_status":"closed","sticky":false,"template":"","format":"standard","meta":{"_exactmetrics_skip_tracking":false,"_exactmetrics_sitenote_active":false,"_exactmetrics_sitenote_note":"","_exactmetrics_sitenote_category":0,"ngg_post_thumbnail":0,"_jetpack_memberships_contains_paid_content":false,"footnotes":""},"categories":[5,4,7],"tags":[],"class_list":["post-3130","post","type-post","status-publish","format-standard","has-post-thumbnail","hentry","category-actualites-du-club","category-competitions","category-portes-ouvertes"],"jetpack_featured_media_url":"https:\/\/i0.wp.com\/www.gojuryu93.com\/wp-content\/uploads\/2017\/06\/2017-06-Coupe-des-As_a_la_une-e1496825036169.png?fit=200%2C95&ssl=1","jetpack_shortlink":"https:\/\/wp.me\/p6TujZ-Ou","jetpack-related-posts":[{"id":1981,"url":"https:\/\/www.gojuryu93.com\/?p=1981","url_meta":{"origin":3130,"position":0},"title":"Coupe des AS 2016 du Karat\u00e9 Club de Tremblay-en-France","author":"Team-Goju","date":"3 juin 2016","format":false,"excerpt":"\u00a0 \u00a0 Le dimanche 12 juin 2016 tous nos jeunes adh\u00e9rents sont invit\u00e9s \u00e0 participer \u00e0 la Coupe de As 2016 afin de terminer l'ann\u00e9e lors d'une rencontre amicale entre copains du Club. Vous \u00eates donc tous convoqu\u00e9s dimanche 12 juin 2016 au\u00a0 Gymnase Guimier, 70 avenue Gilbert Berger -\u2026","rel":"","context":"Dans &quot;Actualit\u00e9s du club&quot;","block_context":{"text":"Actualit\u00e9s du club","link":"https:\/\/www.gojuryu93.com\/?cat=5"},"img":{"alt_text":"Red Pencil with Reflection Drawing various Ace of Hearts Playing Card","src":"https:\/\/i0.wp.com\/www.gojuryu93.com\/wp-content\/uploads\/2016\/06\/Coupe-des-as-2016-300x294.jpg?resize=350%2C200","width":350,"height":200},"classes":[]},{"id":2973,"url":"https:\/\/www.gojuryu93.com\/?p=2973","url_meta":{"origin":3130,"position":1},"title":"Des r\u00e9sultats tr\u00e8s honorables pour nos comp\u00e9titeurs \u00e0 la Coupe de France Gojuryu\/Kobudo 2017","author":"Team-Goju","date":"31 mars 2017","format":false,"excerpt":"Le 25 mars 2017 se d\u00e9roulait la Coupe de France Gojuryu-Kobudo au Gymnase L\u00e9o LAGRANGE (Paris 12\u00e8) ou nos\u00a0 comp\u00e9titeurs participaient. F\u00e9licitations pour\u00a0 YOAN\u00a0 qui obtient une 3\u00e8me place en Karat\u00e9 Gojuryu en cat\u00e9gorie Junior Masculin et monte sur le podium. F\u00e9licitations \u00e0 Mustapha qui obtient une 5\u00e8me place en\u2026","rel":"","context":"Dans &quot;Actualit\u00e9s du club&quot;","block_context":{"text":"Actualit\u00e9s du club","link":"https:\/\/www.gojuryu93.com\/?cat=5"},"img":{"alt_text":"","src":"https:\/\/i0.wp.com\/www.gojuryu93.com\/wp-content\/uploads\/2017\/03\/CF_Goju-Kobudo_2017-214x300.jpg?resize=350%2C200","width":350,"height":200},"classes":[]},{"id":2182,"url":"https:\/\/www.gojuryu93.com\/?p=2182","url_meta":{"origin":3130,"position":2},"title":"Dimanche 11 d\u00e9cembre 2016 : La journ\u00e9e des parents et amis","author":"Team-Goju","date":"24 novembre 2016","format":false,"excerpt":"\u00a0Comme chaque ann\u00e9e le Karat\u00e9 Club de Tremblay-en-France organise une journ\u00e9e portes ouvertes r\u00e9serv\u00e9e aux parents et amis des adh\u00e9rents du Club afin qu'il d\u00e9couvrent la karat\u00e9 Goju-ryu et le travail effectu\u00e9 par les adh\u00e9rents. Retrouvons-nous Dimanche 11 d\u00e9cembre 2016 au Dojo Thierry Ngninteng, Avenue de la r\u00e9sistance (\u00e0 c\u00f4t\u00e9\u2026","rel":"","context":"Dans &quot;Portes ouvertes&quot;","block_context":{"text":"Portes ouvertes","link":"https:\/\/www.gojuryu93.com\/?cat=7"},"img":{"alt_text":"2016-portes-ouvertes","src":"https:\/\/i0.wp.com\/www.gojuryu93.com\/wp-content\/uploads\/2016\/11\/2016-portes-ouvertes-212x300.png?resize=350%2C200","width":350,"height":200,"srcset":"https:\/\/i0.wp.com\/www.gojuryu93.com\/wp-content\/uploads\/2016\/11\/2016-portes-ouvertes-212x300.png?resize=350%2C200 1x, https:\/\/i0.wp.com\/www.gojuryu93.com\/wp-content\/uploads\/2016\/11\/2016-portes-ouvertes-212x300.png?resize=525%2C300 1.5x, https:\/\/i0.wp.com\/www.gojuryu93.com\/wp-content\/uploads\/2016\/11\/2016-portes-ouvertes-212x300.png?resize=700%2C400 2x"},"classes":[]},{"id":3027,"url":"https:\/\/www.gojuryu93.com\/?p=3027","url_meta":{"origin":3130,"position":3},"title":"Journ\u00e9e portes ouvertes au Karat\u00e9 Club de Tremblay-en-France","author":"Team-Goju","date":"30 avril 2017","format":false,"excerpt":"Dimanche 30 avril 2017 le Karat\u00e9 Club de Tremblay-en-France organisait une journ\u00e9e \"Portes Ouvertes\" pour les parents et amis des adh\u00e9rents. Encadr\u00e9s par les b\u00e9n\u00e9voles, les ceintures noires et les professeurs du club, tous ont pu d\u00e9couvrir le travail des jeunes adh\u00e9rents et pratiquer ensemble \u00e0 une initiation d\u00e9couverte dans\u2026","rel":"","context":"Dans &quot;Actualit\u00e9s du club&quot;","block_context":{"text":"Actualit\u00e9s du club","link":"https:\/\/www.gojuryu93.com\/?cat=5"},"img":{"alt_text":"\u00a9 2017 Karat\u00e9 Club de Tremblay-en-France - Cr\u00e9dits Agn\u00e9s Pinot","src":"https:\/\/i0.wp.com\/www.gojuryu93.com\/wp-content\/uploads\/2017\/04\/gojurryu_portes_ouvertes_2017-300x169.jpg?resize=350%2C200","width":350,"height":200,"srcset":"https:\/\/i0.wp.com\/www.gojuryu93.com\/wp-content\/uploads\/2017\/04\/gojurryu_portes_ouvertes_2017-300x169.jpg?resize=350%2C200 1x, https:\/\/i0.wp.com\/www.gojuryu93.com\/wp-content\/uploads\/2017\/04\/gojurryu_portes_ouvertes_2017-300x169.jpg?resize=525%2C300 1.5x, https:\/\/i0.wp.com\/www.gojuryu93.com\/wp-content\/uploads\/2017\/04\/gojurryu_portes_ouvertes_2017-300x169.jpg?resize=700%2C400 2x"},"classes":[]},{"id":3069,"url":"https:\/\/www.gojuryu93.com\/?p=3069","url_meta":{"origin":3130,"position":4},"title":"Festival de la nuit des arts martiaux vos rendez-vous de la soir\u00e9e","author":"Team-Goju","date":"11 mai 2017","format":false,"excerpt":"Rappel : Le 13 mai 2017 \u00e0 19 h30 se d\u00e9roulera le Festival de la nuit des arts martiaux \u00e0 Juilly dans le 77 au Gymnase de la rue des M\u00e9sanges. Le programme d\u00e9finitif nous est parvenu, il se composera de d\u00e9monstrations de : \u00c9quipe de France de Taekwondo -\u2026","rel":"","context":"Dans &quot;Actualit\u00e9s du club&quot;","block_context":{"text":"Actualit\u00e9s du club","link":"https:\/\/www.gojuryu93.com\/?cat=5"},"img":{"alt_text":"","src":"https:\/\/i0.wp.com\/www.gojuryu93.com\/wp-content\/uploads\/2017\/05\/nuits-arts-martiaux-juilly_web-192x300.jpg?resize=350%2C200","width":350,"height":200,"srcset":"https:\/\/i0.wp.com\/www.gojuryu93.com\/wp-content\/uploads\/2017\/05\/nuits-arts-martiaux-juilly_web-192x300.jpg?resize=350%2C200 1x, https:\/\/i0.wp.com\/www.gojuryu93.com\/wp-content\/uploads\/2017\/05\/nuits-arts-martiaux-juilly_web-192x300.jpg?resize=525%2C300 1.5x, https:\/\/i0.wp.com\/www.gojuryu93.com\/wp-content\/uploads\/2017\/05\/nuits-arts-martiaux-juilly_web-192x300.jpg?resize=700%2C400 2x"},"classes":[]},{"id":3037,"url":"https:\/\/www.gojuryu93.com\/?p=3037","url_meta":{"origin":3130,"position":5},"title":"Soir\u00e9e des arts martiaux &#8211; le 13 mai 2017","author":"Team-Goju","date":"30 avril 2017","format":false,"excerpt":"\u00a0 Samedi 13 mai 2017\u00a0 \u00e0 partir de 18 heures, le Karat\u00e9 Club de Tremblay-en-France proposera des d\u00e9monstration de karat\u00e9 et de Kobudo lors de la Nuit des Arts Martiaux organis\u00e9e par le TSK de la Go\u00eble de JUILLY . Au programme, d\u00e9monstrations de Taekwondo, Karat\u00e9, self-d\u00e9fense par les clubs\u2026","rel":"","context":"Dans &quot;Actualit\u00e9s du club&quot;","block_context":{"text":"Actualit\u00e9s du club","link":"https:\/\/www.gojuryu93.com\/?cat=5"},"img":{"alt_text":"","src":"https:\/\/i0.wp.com\/www.gojuryu93.com\/wp-content\/uploads\/2017\/04\/promo-soir%C3%A9e-des-arts-martiaux-300x300.png?resize=350%2C200","width":350,"height":200,"srcset":"https:\/\/i0.wp.com\/www.gojuryu93.com\/wp-content\/uploads\/2017\/04\/promo-soir%C3%A9e-des-arts-martiaux-300x300.png?resize=350%2C200 1x, https:\/\/i0.wp.com\/www.gojuryu93.com\/wp-content\/uploads\/2017\/04\/promo-soir%C3%A9e-des-arts-martiaux-300x300.png?resize=525%2C300 1.5x, https:\/\/i0.wp.com\/www.gojuryu93.com\/wp-content\/uploads\/2017\/04\/promo-soir%C3%A9e-des-arts-martiaux-300x300.png?resize=700%2C400 2x"},"classes":[]}],"jetpack_sharing_enabled":true,"_links":{"self":[{"href":"https:\/\/www.gojuryu93.com\/index.php?rest_route=\/wp\/v2\/posts\/3130","targetHints":{"allow":["GET"]}}],"collection":[{"href":"https:\/\/www.gojuryu93.com\/index.php?rest_route=\/wp\/v2\/posts"}],"about":[{"href":"https:\/\/www.gojuryu93.com\/index.php?rest_route=\/wp\/v2\/types\/post"}],"author":[{"embeddable":true,"href":"https:\/\/www.gojuryu93.com\/index.php?rest_route=\/wp\/v2\/users\/1"}],"replies":[{"embeddable":true,"href":"https:\/\/www.gojuryu93.com\/index.php?rest_route=%2Fwp%2Fv2%2Fcomments&post=3130"}],"version-history":[{"count":0,"href":"https:\/\/www.gojuryu93.com\/index.php?rest_route=\/wp\/v2\/posts\/3130\/revisions"}],"wp:featuredmedia":[{"embeddable":true,"href":"https:\/\/www.gojuryu93.com\/index.php?rest_route=\/wp\/v2\/media\/3132"}],"wp:attachment":[{"href":"https:\/\/www.gojuryu93.com\/index.php?rest_route=%2Fwp%2Fv2%2Fmedia&parent=3130"}],"wp:term":[{"taxonomy":"category","embeddable":true,"href":"https:\/\/www.gojuryu93.com\/index.php?rest_route=%2Fwp%2Fv2%2Fcategories&post=3130"},{"taxonomy":"post_tag","embeddable":true,"href":"https:\/\/www.gojuryu93.com\/index.php?rest_route=%2Fwp%2Fv2%2Ftags&post=3130"}],"curies":[{"name":"wp","href":"https:\/\/api.w.org\/{rel}","templated":true}]}}