{"id":3149,"date":"2017-06-12T15:09:36","date_gmt":"2017-06-12T14:09:36","guid":{"rendered":"http:\/\/www.gojuryu93.com\/?p=3149"},"modified":"2017-12-26T21:09:26","modified_gmt":"2017-12-26T20:09:26","slug":"passages-de-dan-du-11-juin-2017-100-de-reussites-pour-tremblay","status":"publish","type":"post","link":"https:\/\/www.gojuryu93.com\/?p=3149","title":{"rendered":"Passages de dan du 11 juin 2017 : 100% de r\u00e9ussites pour Tremblay"},"content":{"rendered":"<p>&nbsp;<\/p>\n<p>Trois de nos adh\u00e9rents ont tent\u00e9 dimanche 11 juin 2017 l&#8217;examen organis\u00e9 par le Comit\u00e9 D\u00e9partemental 93 de la FFKDA pour le passage vers le second DAN Karat\u00e9.<\/p>\n<p>Nous avons donc le plaisir de vous annoncer la r\u00e9ussite de nos adh\u00e9rents :<\/p>\n<div id=\"attachment_3156\" style=\"width: 480px\" class=\"wp-caption aligncenter\"><a href=\"https:\/\/i0.wp.com\/www.gojuryu93.com\/wp-content\/uploads\/2017\/06\/DSC_0189_web.jpg\"><img data-recalc-dims=\"1\" loading=\"lazy\" decoding=\"async\" aria-describedby=\"caption-attachment-3156\" data-attachment-id=\"3156\" data-permalink=\"https:\/\/www.gojuryu93.com\/?attachment_id=3156\" data-orig-file=\"https:\/\/i0.wp.com\/www.gojuryu93.com\/wp-content\/uploads\/2017\/06\/DSC_0189_web.jpg?fit=800%2C533&amp;ssl=1\" data-orig-size=\"800,533\" data-comments-opened=\"0\" data-image-meta=\"{&quot;aperture&quot;:&quot;0&quot;,&quot;credit&quot;:&quot;&quot;,&quot;camera&quot;:&quot;&quot;,&quot;caption&quot;:&quot;&quot;,&quot;created_timestamp&quot;:&quot;0&quot;,&quot;copyright&quot;:&quot;&quot;,&quot;focal_length&quot;:&quot;0&quot;,&quot;iso&quot;:&quot;0&quot;,&quot;shutter_speed&quot;:&quot;0&quot;,&quot;title&quot;:&quot;&quot;,&quot;orientation&quot;:&quot;0&quot;}\" data-image-title=\"DSC_0189_web\" data-image-description=\"\" data-image-caption=\"\" data-large-file=\"https:\/\/i0.wp.com\/www.gojuryu93.com\/wp-content\/uploads\/2017\/06\/DSC_0189_web.jpg?fit=610%2C406&amp;ssl=1\" class=\"wp-image-3156\" title=\"La promotion Second Dan 2017 avec leurs professeurs.\" src=\"https:\/\/i0.wp.com\/www.gojuryu93.com\/wp-content\/uploads\/2017\/06\/DSC_0189_web.jpg?resize=470%2C313\" alt=\"\" width=\"470\" height=\"313\"><\/a><p id=\"caption-attachment-3156\" class=\"wp-caption-text\">\u00a9 2017 Karat\u00e9 Club de Tremblay-en-France<\/p><\/div>\n<ul>\n<li>Hakim et Cyril sont admis au second DAN karat\u00e9 \u00e9cole GOJU-RYU.<\/li>\n<li>Thomas est admis au second DAN karat\u00e9 \u00e9cole SHOTOKAN, restant fid\u00e8le \u00e0 son \u00e9cole d&#8217;origine pour le passage des dan. Il devient \u00e9galement pour l&#8217;occasion le plus jeune grad\u00e9 second dan du Club de l&#8217;\u00e9quipe actuelle.<\/li>\n<\/ul>\n<p>F\u00e9licitation \u00e0 tous pour ce sans fautes et un 100% de r\u00e9ussite \u00e0 l&#8217;examen de passage.<\/p>\n<p>&nbsp;<\/p>\n","protected":false},"excerpt":{"rendered":"<p>&nbsp; Trois de nos adh\u00e9rents ont tent\u00e9 dimanche 11 juin 2017 l&#8217;examen organis\u00e9 par le Comit\u00e9 D\u00e9partemental 93 de la FFKDA pour le passage vers le second DAN Karat\u00e9. Nous avons donc le plaisir de vous annoncer la r\u00e9ussite de nos adh\u00e9rents : Hakim et Cyril sont admis au second DAN karat\u00e9 \u00e9cole GOJU-RYU. Thomas [&hellip;]<\/p>\n","protected":false},"author":1,"featured_media":0,"comment_status":"closed","ping_status":"closed","sticky":false,"template":"","format":"standard","meta":{"_exactmetrics_skip_tracking":false,"_exactmetrics_sitenote_active":false,"_exactmetrics_sitenote_note":"","_exactmetrics_sitenote_category":0,"ngg_post_thumbnail":0,"_jetpack_memberships_contains_paid_content":false,"footnotes":""},"categories":[11],"tags":[],"class_list":["post-3149","post","type-post","status-publish","format-standard","hentry","category-passages-de-grades"],"jetpack_featured_media_url":"","jetpack_shortlink":"https:\/\/wp.me\/p6TujZ-ON","jetpack-related-posts":[{"id":1332,"url":"https:\/\/www.gojuryu93.com\/?p=1332","url_meta":{"origin":3149,"position":0},"title":"STAGE EXPERT FEDERAL avec Bernard Bilicki","author":"Team-Goju","date":"2 d\u00e9cembre 2015","format":false,"excerpt":"Un Stage organis\u00e9 par le karat\u00e9 Club de Tremblay-en-France et s\u00e9lectionn\u00e9 par la commission des experts Karat\u00e9 et la ligue de Seine-Saint-Denis\u00a0 se d\u00e9roulera dans notre dojo des Cottages avec : Bernard BILICKI - Expert F\u00e9d\u00e9ral 9\u00e8me dan Le samedi 30 janvier 2016 de 9h00 \u00e0 12h00 Ce stage am\u00e8ne\u2026","rel":"","context":"Dans &quot;Actualit\u00e9s du club&quot;","block_context":{"text":"Actualit\u00e9s du club","link":"https:\/\/www.gojuryu93.com\/?cat=5"},"img":{"alt_text":"","src":"https:\/\/i0.wp.com\/www.gojuryu93.com\/wp-content\/uploads\/2015\/12\/stage_Bilicki_2016-212x300.jpg?resize=350%2C200","width":350,"height":200,"srcset":"https:\/\/i0.wp.com\/www.gojuryu93.com\/wp-content\/uploads\/2015\/12\/stage_Bilicki_2016-212x300.jpg?resize=350%2C200 1x, https:\/\/i0.wp.com\/www.gojuryu93.com\/wp-content\/uploads\/2015\/12\/stage_Bilicki_2016-212x300.jpg?resize=525%2C300 1.5x"},"classes":[]},{"id":1389,"url":"https:\/\/www.gojuryu93.com\/?p=1389","url_meta":{"origin":3149,"position":1},"title":"Stage F\u00e9d\u00e9ral Gratuit  &#8220;Karat\u00e9 d&#8217;Okinawa&#8221; avec Ma\u00eetre OSHIRO &#8211; 8 \u00e8me Dan","author":"Team-Goju","date":"19 d\u00e9cembre 2015","format":false,"excerpt":"\u00a0 Un Stage s\u00e9lectionn\u00e9 par la commission des experts Karat\u00e9 et la ligue de Seine-Saint-Denis\u00a0 se d\u00e9roulera dans notre dojo des Cottages avec : Ma\u00eetre ZENE\u00cf OSHIRO Expert F\u00e9d\u00e9ral 8\u00e8me Dan Samedi 2 avril 2016 de 9 h \u00e0 12 h Ce stage am\u00e8ne un point de bonification pour les\u2026","rel":"","context":"Dans &quot;Stages&quot;","block_context":{"text":"Stages","link":"https:\/\/www.gojuryu93.com\/?cat=3"},"img":{"alt_text":"","src":"https:\/\/i0.wp.com\/www.gojuryu93.com\/wp-content\/uploads\/2015\/12\/stage-Oshiro1-212x300-212x300.jpg?resize=350%2C200","width":350,"height":200},"classes":[]},{"id":2860,"url":"https:\/\/www.gojuryu93.com\/?p=2860","url_meta":{"origin":3149,"position":2},"title":"Passages de grades Karat\u00e9 enfants en f\u00e9vrier et d\u00e9but mars 2017","author":"Team-Goju","date":"19 janvier 2017","format":false,"excerpt":"Vos professeurs vous informent des prochains passages de grades karat\u00e9 enfants qui se d\u00e9rouleront le : 09\/02\/17 pour les ceintures blanches kyu (pendant les vacances d'hiver). 16\/02\/17 pour les ceintures blanches kyu (pendant les vacances d'hiver) 23\/02\/17 pour les ceintures jaunes et jaune kyu. 26\/02\/17 pour les ceintures oranges et\u2026","rel":"","context":"Dans &quot;Actualit\u00e9s du club&quot;","block_context":{"text":"Actualit\u00e9s du club","link":"https:\/\/www.gojuryu93.com\/?cat=5"},"img":{"alt_text":"","src":"https:\/\/i0.wp.com\/www.gojuryu93.com\/wp-content\/uploads\/2017\/01\/diplome-ceinture-marron-300x300.jpg?resize=350%2C200","width":350,"height":200},"classes":[]},{"id":2986,"url":"https:\/\/www.gojuryu93.com\/?p=2986","url_meta":{"origin":3149,"position":3},"title":"Stage Kobudo d&#8217;Okinawa avec Ma\u00eetre Chinen 9 \u00e8me Dan le 27 mai 2017 (Annul\u00e9)","author":"Team-Goju","date":"2 avril 2017","format":false,"excerpt":"\u00a0 Le 27 mai 2017\u00a0 prochain de 9 heures \u00e0 12 heures,\u00a0 le Karat\u00e9 Club De Tremblay-en-France vous invite \u00e0 participer \u00e0 un stage de Kobudo d'Okinawa sous la direction de Maitre Chinen 9\u00e8me Dan. Ce stage est ouvert \u00e0 tous les licenci\u00e9s FFKDA et Oshuka\u00ef \u00e0 partir de 14\u2026","rel":"","context":"Dans &quot;Kobudo&quot;","block_context":{"text":"Kobudo","link":"https:\/\/www.gojuryu93.com\/?cat=6"},"img":{"alt_text":"","src":"https:\/\/i0.wp.com\/www.gojuryu93.com\/wp-content\/uploads\/2017\/04\/Stage-Chinen-V4-202x300.jpg?resize=350%2C200","width":350,"height":200,"srcset":"https:\/\/i0.wp.com\/www.gojuryu93.com\/wp-content\/uploads\/2017\/04\/Stage-Chinen-V4-202x300.jpg?resize=350%2C200 1x, https:\/\/i0.wp.com\/www.gojuryu93.com\/wp-content\/uploads\/2017\/04\/Stage-Chinen-V4-202x300.jpg?resize=525%2C300 1.5x"},"classes":[]},{"id":3027,"url":"https:\/\/www.gojuryu93.com\/?p=3027","url_meta":{"origin":3149,"position":4},"title":"Journ\u00e9e portes ouvertes au Karat\u00e9 Club de Tremblay-en-France","author":"Team-Goju","date":"30 avril 2017","format":false,"excerpt":"Dimanche 30 avril 2017 le Karat\u00e9 Club de Tremblay-en-France organisait une journ\u00e9e \"Portes Ouvertes\" pour les parents et amis des adh\u00e9rents. Encadr\u00e9s par les b\u00e9n\u00e9voles, les ceintures noires et les professeurs du club, tous ont pu d\u00e9couvrir le travail des jeunes adh\u00e9rents et pratiquer ensemble \u00e0 une initiation d\u00e9couverte dans\u2026","rel":"","context":"Dans &quot;Actualit\u00e9s du club&quot;","block_context":{"text":"Actualit\u00e9s du club","link":"https:\/\/www.gojuryu93.com\/?cat=5"},"img":{"alt_text":"\u00a9 2017 Karat\u00e9 Club de Tremblay-en-France - Cr\u00e9dits Agn\u00e9s Pinot","src":"https:\/\/i0.wp.com\/www.gojuryu93.com\/wp-content\/uploads\/2017\/04\/gojurryu_portes_ouvertes_2017-300x169.jpg?resize=350%2C200","width":350,"height":200,"srcset":"https:\/\/i0.wp.com\/www.gojuryu93.com\/wp-content\/uploads\/2017\/04\/gojurryu_portes_ouvertes_2017-300x169.jpg?resize=350%2C200 1x, https:\/\/i0.wp.com\/www.gojuryu93.com\/wp-content\/uploads\/2017\/04\/gojurryu_portes_ouvertes_2017-300x169.jpg?resize=525%2C300 1.5x, https:\/\/i0.wp.com\/www.gojuryu93.com\/wp-content\/uploads\/2017\/04\/gojurryu_portes_ouvertes_2017-300x169.jpg?resize=700%2C400 2x"},"classes":[]},{"id":2123,"url":"https:\/\/www.gojuryu93.com\/?p=2123","url_meta":{"origin":3149,"position":5},"title":"Stage f\u00e9d\u00e9ral gratuit \u00e0 Tremblay-en-France : Samedi 19 Novembre 2016","author":"Team-Goju","date":"5 octobre 2016","format":false,"excerpt":"Pour le d\u00e9but de la nouvelle saison 2016-2017, la Ligue 93 de la FFKDA en partenariat avec le Club\u00a0 de karat\u00e9 Goju-ryu de Tremblay-en-France organise un stage f\u00e9d\u00e9ral gratuit le samedi 19 novembre 2016\u00a0 dirig\u00e9 par Ma\u00eetre OSHIRO dans le dojo des Cottages de Tremblay-en-France. Ce stage permettra d'obtenir un\u2026","rel":"","context":"Dans &quot;Stages&quot;","block_context":{"text":"Stages","link":"https:\/\/www.gojuryu93.com\/?cat=3"},"img":{"alt_text":"\u00a9 2016 Ligue 93 FFKDA - Cr\u00e9ation Gojuryu Tremblay-en-France","src":"https:\/\/i0.wp.com\/www.gojuryu93.com\/wp-content\/uploads\/2016\/10\/stage-OshiroV3-212x300.jpg?resize=350%2C200","width":350,"height":200,"srcset":"https:\/\/i0.wp.com\/www.gojuryu93.com\/wp-content\/uploads\/2016\/10\/stage-OshiroV3-212x300.jpg?resize=350%2C200 1x, https:\/\/i0.wp.com\/www.gojuryu93.com\/wp-content\/uploads\/2016\/10\/stage-OshiroV3-212x300.jpg?resize=525%2C300 1.5x"},"classes":[]}],"jetpack_sharing_enabled":true,"_links":{"self":[{"href":"https:\/\/www.gojuryu93.com\/index.php?rest_route=\/wp\/v2\/posts\/3149","targetHints":{"allow":["GET"]}}],"collection":[{"href":"https:\/\/www.gojuryu93.com\/index.php?rest_route=\/wp\/v2\/posts"}],"about":[{"href":"https:\/\/www.gojuryu93.com\/index.php?rest_route=\/wp\/v2\/types\/post"}],"author":[{"embeddable":true,"href":"https:\/\/www.gojuryu93.com\/index.php?rest_route=\/wp\/v2\/users\/1"}],"replies":[{"embeddable":true,"href":"https:\/\/www.gojuryu93.com\/index.php?rest_route=%2Fwp%2Fv2%2Fcomments&post=3149"}],"version-history":[{"count":0,"href":"https:\/\/www.gojuryu93.com\/index.php?rest_route=\/wp\/v2\/posts\/3149\/revisions"}],"wp:attachment":[{"href":"https:\/\/www.gojuryu93.com\/index.php?rest_route=%2Fwp%2Fv2%2Fmedia&parent=3149"}],"wp:term":[{"taxonomy":"category","embeddable":true,"href":"https:\/\/www.gojuryu93.com\/index.php?rest_route=%2Fwp%2Fv2%2Fcategories&post=3149"},{"taxonomy":"post_tag","embeddable":true,"href":"https:\/\/www.gojuryu93.com\/index.php?rest_route=%2Fwp%2Fv2%2Ftags&post=3149"}],"curies":[{"name":"wp","href":"https:\/\/api.w.org\/{rel}","templated":true}]}}