{"id":3174,"date":"2017-06-25T18:00:36","date_gmt":"2017-06-25T17:00:36","guid":{"rendered":"http:\/\/www.gojuryu93.com\/?p=3174"},"modified":"2017-06-25T18:00:36","modified_gmt":"2017-06-25T17:00:36","slug":"resultats-coupe-des-as-2017","status":"publish","type":"post","link":"https:\/\/www.gojuryu93.com\/?p=3174","title":{"rendered":"R\u00e9sultats Coupe des As 2017"},"content":{"rendered":"<p><img data-recalc-dims=\"1\" loading=\"lazy\" decoding=\"async\" data-attachment-id=\"3177\" data-permalink=\"https:\/\/www.gojuryu93.com\/?attachment_id=3177\" data-orig-file=\"https:\/\/i0.wp.com\/www.gojuryu93.com\/wp-content\/uploads\/2017\/06\/coupe_des_as_2017.jpg?fit=694%2C266&amp;ssl=1\" data-orig-size=\"694,266\" data-comments-opened=\"0\" data-image-meta=\"{&quot;aperture&quot;:&quot;0&quot;,&quot;credit&quot;:&quot;&quot;,&quot;camera&quot;:&quot;&quot;,&quot;caption&quot;:&quot;&quot;,&quot;created_timestamp&quot;:&quot;1498085548&quot;,&quot;copyright&quot;:&quot;&quot;,&quot;focal_length&quot;:&quot;0&quot;,&quot;iso&quot;:&quot;0&quot;,&quot;shutter_speed&quot;:&quot;0&quot;,&quot;title&quot;:&quot;&quot;,&quot;orientation&quot;:&quot;1&quot;}\" data-image-title=\"coupe_des_as_2017\" data-image-description=\"\" data-image-caption=\"\" data-large-file=\"https:\/\/i0.wp.com\/www.gojuryu93.com\/wp-content\/uploads\/2017\/06\/coupe_des_as_2017.jpg?fit=610%2C234&amp;ssl=1\" class=\"aligncenter wp-image-3177\" src=\"https:\/\/i0.wp.com\/www.gojuryu93.com\/wp-content\/uploads\/2017\/06\/coupe_des_as_2017.jpg?resize=610%2C234\" alt=\"\" width=\"610\" height=\"234\" srcset=\"https:\/\/i0.wp.com\/www.gojuryu93.com\/wp-content\/uploads\/2017\/06\/coupe_des_as_2017.jpg?resize=300%2C115&amp;ssl=1 300w, https:\/\/i0.wp.com\/www.gojuryu93.com\/wp-content\/uploads\/2017\/06\/coupe_des_as_2017.jpg?w=694&amp;ssl=1 694w\" sizes=\"auto, (max-width: 610px) 100vw, 610px\" \/> Retrouver en suivant le lien les r\u00e9sultats de notre comp\u00e9tition club de fin de saison &#8220;La Coupe des As&#8221; qui r\u00e9compense le travail de la saison pour nos jeunes adh\u00e9rents.<\/p>\n<p>Tout cela s&#8217;est effectu\u00e9 avec tout le s\u00e9rieux, la bonne humeur et un travail de qualit\u00e9.<\/p>\n<p>Tous ont \u00e9t\u00e9 r\u00e9compens\u00e9s pour leur ann\u00e9e d&#8217;efforts.<\/p>\n<p>Retrouver la galerie photos de cet \u00e9v\u00e9nement sur <a href=\"https:\/\/www.facebook.com\/1165031773511412\/photos\/?tab=album&amp;album_id=1739913432689907\">notre page Facebook.<\/a><\/p>\n<p>En&nbsp; t\u00e9l\u00e9chargement&nbsp; le <a href=\"http:\/\/www.gojuryu93.com\/wp-content\/uploads\/2017\/06\/resultats_coupe_des_As_2017.pdf\">lien des r\u00e9sultats <\/a>de ce mini concours annuel.<\/p>\n<p>Vivement la saison prochaine !<\/p>\n<p><img data-recalc-dims=\"1\" loading=\"lazy\" decoding=\"async\" data-attachment-id=\"3176\" data-permalink=\"https:\/\/www.gojuryu93.com\/?attachment_id=3176\" data-orig-file=\"https:\/\/i0.wp.com\/www.gojuryu93.com\/wp-content\/uploads\/2017\/06\/fete_des_as_2017-e1498409755534.jpg?fit=200%2C91&amp;ssl=1\" data-orig-size=\"200,91\" data-comments-opened=\"0\" data-image-meta=\"{&quot;aperture&quot;:&quot;0&quot;,&quot;credit&quot;:&quot;&quot;,&quot;camera&quot;:&quot;&quot;,&quot;caption&quot;:&quot;&quot;,&quot;created_timestamp&quot;:&quot;1498085088&quot;,&quot;copyright&quot;:&quot;&quot;,&quot;focal_length&quot;:&quot;0&quot;,&quot;iso&quot;:&quot;0&quot;,&quot;shutter_speed&quot;:&quot;0&quot;,&quot;title&quot;:&quot;&quot;,&quot;orientation&quot;:&quot;1&quot;}\" data-image-title=\"fete_des_as_2017\" data-image-description=\"\" data-image-caption=\"\" data-large-file=\"https:\/\/i0.wp.com\/www.gojuryu93.com\/wp-content\/uploads\/2017\/06\/fete_des_as_2017-e1498409755534.jpg?fit=200%2C91&amp;ssl=1\" class=\"aligncenter wp-image-3176\" src=\"https:\/\/i0.wp.com\/www.gojuryu93.com\/wp-content\/uploads\/2017\/06\/fete_des_as_2017.jpg?resize=610%2C276\" alt=\"\" width=\"610\" height=\"276\"><\/p>\n<p>&nbsp;<\/p>\n<p>&nbsp;<\/p>\n<p>&nbsp;<\/p>\n<p>&nbsp;<\/p>\n","protected":false},"excerpt":{"rendered":"<p>Retrouver en suivant le lien les r\u00e9sultats de notre comp\u00e9tition club de fin de saison &#8220;La Coupe des As&#8221; qui r\u00e9compense le travail de la saison pour nos jeunes adh\u00e9rents. Tout cela s&#8217;est effectu\u00e9 avec tout le s\u00e9rieux, la bonne humeur et un travail de qualit\u00e9. Tous ont \u00e9t\u00e9 r\u00e9compens\u00e9s pour leur ann\u00e9e d&#8217;efforts. Retrouver [&hellip;]<\/p>\n","protected":false},"author":1,"featured_media":3176,"comment_status":"closed","ping_status":"closed","sticky":false,"template":"","format":"standard","meta":{"_exactmetrics_skip_tracking":false,"_exactmetrics_sitenote_active":false,"_exactmetrics_sitenote_note":"","_exactmetrics_sitenote_category":0,"ngg_post_thumbnail":0,"_jetpack_memberships_contains_paid_content":false,"footnotes":""},"categories":[5,4],"tags":[],"class_list":["post-3174","post","type-post","status-publish","format-standard","has-post-thumbnail","hentry","category-actualites-du-club","category-competitions"],"jetpack_featured_media_url":"https:\/\/i0.wp.com\/www.gojuryu93.com\/wp-content\/uploads\/2017\/06\/fete_des_as_2017-e1498409755534.jpg?fit=200%2C91&ssl=1","jetpack_shortlink":"https:\/\/wp.me\/p6TujZ-Pc","jetpack-related-posts":[{"id":3130,"url":"https:\/\/www.gojuryu93.com\/?p=3130","url_meta":{"origin":3174,"position":0},"title":"La Coupe des As &#8211; Les petits samoura\u00efs du club en comp\u00e9tition","author":"Team-Goju","date":"7 juin 2017","format":false,"excerpt":"\u00a0 Pr\u00e9parez-vous pour la \"journ\u00e9e de la Coupe des As\" qui se d\u00e9roulera le dimanche 18 juin 2017 au Gymnase Guimier - 70 avenue Gilbert Berger, 93 290 Tremblay-en-France. Journ\u00e9e de comp\u00e9titions, mais aussi festive, pour conclure la saison 2016-2017. Nos jeunes adh\u00e9rents et leurs parents se retrouveront ensemble, les\u2026","rel":"","context":"Dans &quot;Actualit\u00e9s du club&quot;","block_context":{"text":"Actualit\u00e9s du club","link":"https:\/\/www.gojuryu93.com\/?cat=5"},"img":{"alt_text":"","src":"https:\/\/i0.wp.com\/www.gojuryu93.com\/wp-content\/uploads\/2017\/06\/2017-06-Coupe-des-As-208x300.png?resize=350%2C200","width":350,"height":200,"srcset":"https:\/\/i0.wp.com\/www.gojuryu93.com\/wp-content\/uploads\/2017\/06\/2017-06-Coupe-des-As-208x300.png?resize=350%2C200 1x, https:\/\/i0.wp.com\/www.gojuryu93.com\/wp-content\/uploads\/2017\/06\/2017-06-Coupe-des-As-208x300.png?resize=525%2C300 1.5x, https:\/\/i0.wp.com\/www.gojuryu93.com\/wp-content\/uploads\/2017\/06\/2017-06-Coupe-des-As-208x300.png?resize=700%2C400 2x"},"classes":[]},{"id":3041,"url":"https:\/\/www.gojuryu93.com\/?p=3041","url_meta":{"origin":3174,"position":1},"title":"R\u00e9sultats de la 18 \u00e8me Coupe de France Oshukai","author":"Team-Goju","date":"30 avril 2017","format":false,"excerpt":"Le samedi 22 avril 2017 se d\u00e9roulait la premi\u00e8re partie de la Coupe de France Oshukai \u00e0 Montmorency. Nos comp\u00e9titeurs ont encore une fois brill\u00e9 lors de cette comp\u00e9titions. En Cat\u00e9gorie Kobudo - Bo : Eric remporte\u00a0 la m\u00e9daille d'or et le titre dans la cat\u00e9gorie. Yannick se place\u00a0 quatri\u00e8me.\u2026","rel":"","context":"Dans &quot;Actualit\u00e9s du club&quot;","block_context":{"text":"Actualit\u00e9s du club","link":"https:\/\/www.gojuryu93.com\/?cat=5"},"img":{"alt_text":"","src":"https:\/\/i0.wp.com\/www.gojuryu93.com\/wp-content\/uploads\/2017\/04\/Coupe-de-france-oshukai-2017n-217x300.jpg?resize=350%2C200","width":350,"height":200,"srcset":"https:\/\/i0.wp.com\/www.gojuryu93.com\/wp-content\/uploads\/2017\/04\/Coupe-de-france-oshukai-2017n-217x300.jpg?resize=350%2C200 1x, https:\/\/i0.wp.com\/www.gojuryu93.com\/wp-content\/uploads\/2017\/04\/Coupe-de-france-oshukai-2017n-217x300.jpg?resize=525%2C300 1.5x"},"classes":[]},{"id":2973,"url":"https:\/\/www.gojuryu93.com\/?p=2973","url_meta":{"origin":3174,"position":2},"title":"Des r\u00e9sultats tr\u00e8s honorables pour nos comp\u00e9titeurs \u00e0 la Coupe de France Gojuryu\/Kobudo 2017","author":"Team-Goju","date":"31 mars 2017","format":false,"excerpt":"Le 25 mars 2017 se d\u00e9roulait la Coupe de France Gojuryu-Kobudo au Gymnase L\u00e9o LAGRANGE (Paris 12\u00e8) ou nos\u00a0 comp\u00e9titeurs participaient. F\u00e9licitations pour\u00a0 YOAN\u00a0 qui obtient une 3\u00e8me place en Karat\u00e9 Gojuryu en cat\u00e9gorie Junior Masculin et monte sur le podium. F\u00e9licitations \u00e0 Mustapha qui obtient une 5\u00e8me place en\u2026","rel":"","context":"Dans &quot;Actualit\u00e9s du club&quot;","block_context":{"text":"Actualit\u00e9s du club","link":"https:\/\/www.gojuryu93.com\/?cat=5"},"img":{"alt_text":"","src":"https:\/\/i0.wp.com\/www.gojuryu93.com\/wp-content\/uploads\/2017\/03\/CF_Goju-Kobudo_2017-214x300.jpg?resize=350%2C200","width":350,"height":200},"classes":[]},{"id":3124,"url":"https:\/\/www.gojuryu93.com\/?p=3124","url_meta":{"origin":3174,"position":3},"title":"Bient\u00f4t les vacances d&#8217;\u00e9t\u00e9 : Dates des derniers cours","author":"Team-Goju","date":"15 juin 2017","format":false,"excerpt":"Bient\u00f4t les vacances d'\u00e9t\u00e9 et un juste repos s'impose pour tous. Les derniers cours pour la saison 2016-2017 auront lieu : Pour le Kobudo adultes\u00a0 - le 24 juin 2017. Pour le Kobudo enfants\u00a0 - le 26 juin 2017. Pour le Karat\u00e9 toutes sections - le 29 juin 2017. L'\u00e9quipe\u2026","rel":"","context":"Dans &quot;Actualit\u00e9s du club&quot;","block_context":{"text":"Actualit\u00e9s du club","link":"https:\/\/www.gojuryu93.com\/?cat=5"},"img":{"alt_text":"","src":"https:\/\/i0.wp.com\/www.gojuryu93.com\/wp-content\/uploads\/2017\/06\/Vacances-%C3%A9t%C3%A9-2017-300x199.jpg?resize=350%2C200","width":350,"height":200,"srcset":"https:\/\/i0.wp.com\/www.gojuryu93.com\/wp-content\/uploads\/2017\/06\/Vacances-%C3%A9t%C3%A9-2017-300x199.jpg?resize=350%2C200 1x, https:\/\/i0.wp.com\/www.gojuryu93.com\/wp-content\/uploads\/2017\/06\/Vacances-%C3%A9t%C3%A9-2017-300x199.jpg?resize=525%2C300 1.5x, https:\/\/i0.wp.com\/www.gojuryu93.com\/wp-content\/uploads\/2017\/06\/Vacances-%C3%A9t%C3%A9-2017-300x199.jpg?resize=700%2C400 2x"},"classes":[]},{"id":1981,"url":"https:\/\/www.gojuryu93.com\/?p=1981","url_meta":{"origin":3174,"position":4},"title":"Coupe des AS 2016 du Karat\u00e9 Club de Tremblay-en-France","author":"Team-Goju","date":"3 juin 2016","format":false,"excerpt":"\u00a0 \u00a0 Le dimanche 12 juin 2016 tous nos jeunes adh\u00e9rents sont invit\u00e9s \u00e0 participer \u00e0 la Coupe de As 2016 afin de terminer l'ann\u00e9e lors d'une rencontre amicale entre copains du Club. Vous \u00eates donc tous convoqu\u00e9s dimanche 12 juin 2016 au\u00a0 Gymnase Guimier, 70 avenue Gilbert Berger -\u2026","rel":"","context":"Dans &quot;Actualit\u00e9s du club&quot;","block_context":{"text":"Actualit\u00e9s du club","link":"https:\/\/www.gojuryu93.com\/?cat=5"},"img":{"alt_text":"Red Pencil with Reflection Drawing various Ace of Hearts Playing Card","src":"https:\/\/i0.wp.com\/www.gojuryu93.com\/wp-content\/uploads\/2016\/06\/Coupe-des-as-2016-300x294.jpg?resize=350%2C200","width":350,"height":200},"classes":[]},{"id":1997,"url":"https:\/\/www.gojuryu93.com\/?p=1997","url_meta":{"origin":3174,"position":5},"title":"C&#8217;est bient\u00f4t la pause estivale","author":"Team-Goju","date":"23 juin 2016","format":false,"excerpt":"Bient\u00f4t la pause estivale, chacun va donc b\u00e9n\u00e9ficier de vacances bien gagn\u00e9es, votre club aussi. Les derniers cours pour la saison 2015-2016 se termineront le jeudi 30 juin 2016 \u00e0 l'issue des cours. La reprise de la saison 2016-2017 pour les diff\u00e9rentes sections s'effectuera\u00a0 de la mani\u00e8re suivante : Karat\u00e9\u2026","rel":"","context":"Dans &quot;Actualit\u00e9s du club&quot;","block_context":{"text":"Actualit\u00e9s du club","link":"https:\/\/www.gojuryu93.com\/?cat=5"},"img":{"alt_text":"","src":"https:\/\/i0.wp.com\/www.gojuryu93.com\/wp-content\/uploads\/2016\/06\/vacances-2016-1-e1467283904499.png?fit=485%2C200&ssl=1&resize=350%2C200","width":350,"height":200},"classes":[]}],"jetpack_sharing_enabled":true,"_links":{"self":[{"href":"https:\/\/www.gojuryu93.com\/index.php?rest_route=\/wp\/v2\/posts\/3174","targetHints":{"allow":["GET"]}}],"collection":[{"href":"https:\/\/www.gojuryu93.com\/index.php?rest_route=\/wp\/v2\/posts"}],"about":[{"href":"https:\/\/www.gojuryu93.com\/index.php?rest_route=\/wp\/v2\/types\/post"}],"author":[{"embeddable":true,"href":"https:\/\/www.gojuryu93.com\/index.php?rest_route=\/wp\/v2\/users\/1"}],"replies":[{"embeddable":true,"href":"https:\/\/www.gojuryu93.com\/index.php?rest_route=%2Fwp%2Fv2%2Fcomments&post=3174"}],"version-history":[{"count":0,"href":"https:\/\/www.gojuryu93.com\/index.php?rest_route=\/wp\/v2\/posts\/3174\/revisions"}],"wp:featuredmedia":[{"embeddable":true,"href":"https:\/\/www.gojuryu93.com\/index.php?rest_route=\/wp\/v2\/media\/3176"}],"wp:attachment":[{"href":"https:\/\/www.gojuryu93.com\/index.php?rest_route=%2Fwp%2Fv2%2Fmedia&parent=3174"}],"wp:term":[{"taxonomy":"category","embeddable":true,"href":"https:\/\/www.gojuryu93.com\/index.php?rest_route=%2Fwp%2Fv2%2Fcategories&post=3174"},{"taxonomy":"post_tag","embeddable":true,"href":"https:\/\/www.gojuryu93.com\/index.php?rest_route=%2Fwp%2Fv2%2Ftags&post=3174"}],"curies":[{"name":"wp","href":"https:\/\/api.w.org\/{rel}","templated":true}]}}